{"id":216309,"date":"2026-09-06T03:17:38","date_gmt":"2026-09-06T01:17:38","guid":{"rendered":"https:\/\/otraronda.xyz\/rock\/dime-de-donde-eres-y-te-dire-que-serie-tienes-que-ver-el-mapa-de-espana-en-19-ficciones-de-exito\/"},"modified":"2026-09-06T03:17:38","modified_gmt":"2026-09-06T01:17:38","slug":"dime-de-donde-eres-y-te-dire-que-serie-tienes-que-ver-el-mapa-de-espana-en-19-ficciones-de-exito","status":"publish","type":"post","link":"https:\/\/otraronda.xyz\/rock\/dime-de-donde-eres-y-te-dire-que-serie-tienes-que-ver-el-mapa-de-espana-en-19-ficciones-de-exito\/","title":{"rendered":"Dime de d\u00f3nde eres y te dir\u00e9 qu\u00e9 serie tienes que ver: el mapa de Espa\u00f1a en 19 ficciones de \u00e9xito"},"content":{"rendered":"<div>\n<p><img loading=\"lazy\" decoding=\"async\" src=\"https:\/\/static.eldiario.es\/clip\/31b1963e-2766-4cfc-92ab-7c769aa74775_16-9-discover-aspect-ratio_default_0.jpg\" width=\"1200\" height=\"675\" alt=\"Dime de d\u00f3nde eres y te dir\u00e9 qu\u00e9 serie tienes que ver: el mapa de Espa\u00f1a en 19 ficciones de \u00e9xito\"><\/p>\n<div class=\"subtitles\">\n<p class=\"subtitle\">Recorremos el mapa de Espa\u00f1a a trav\u00e9s de 19 ficciones cuyas historias est\u00e1n ligadas a cada uno de sus territorios<\/p>\n<p class=\"subtitle\">Series &#8211; Las 10 series de la semana descubren &#8216;El secreto&#8217; de &#8216;Las hijas de la criada&#8217; y viven un &#8216;Mal de amores&#8217; con &#8216;The Gentlemen&#8217;\n<\/p>\n<p class=\"subtitle\">Adem\u00e1s &#8211; &#8216;La Revuelta&#8217; cierra su equipo de colaboradores para la nueva temporada en RTVE y da detalles de su &#8216;mudanza&#8217;\n<\/p>\n<\/div>\n<p class=\"article-text\">\n        Hubo un tiempo en el que, si una serie espa\u00f1ola quer\u00eda contar una gran historia, <strong>parec\u00eda casi obligatorio a mirar hacia Madrid<\/strong>. La capital concentraba la inmensa mayor\u00eda de proyectos que llegaban a la peque\u00f1a pantalla y, aunque Barcelona tambi\u00e9n tuviera su cuota de protagonismo, durante muchos a\u00f1os <strong>el mapa televisivo espa\u00f1ol estuvo totalmente concentrado en el centro de la pen\u00ednsula<\/strong>.\n    <\/p>\n<p class=\"article-text\">\n        La ficci\u00f3n espa\u00f1ola ha ido cambiando esa tendencia. El auge de las plataformas, el crecimiento de las productoras locales y el inter\u00e9s por encontrar historias vinculadas a territorios concretos han abierto el foco. Ya no hace falta situar una trama en la Gran V\u00eda o en el centro de Barcelona para conseguir que tenga alcance nacional. <strong>Una isla, una zona rural, una ciudad fronteriza o un peque\u00f1o pueblo<\/strong> pueden convertirse en el escenario perfecto para una historia con vocaci\u00f3n de llegar a todos.\n    <\/p>\n<p class=\"article-text\">\n        Y no se trata \u00fanicamente de utilizar Espa\u00f1a como un gran plat\u00f3. En muchas de estas producciones, el territorio forma parte de la propia narraci\u00f3n. El paisaje condiciona a los personajes, las costumbres ayudan a construir el relato, la historia local se convierte en motor de la trama y hasta el idioma o el acento pueden adquirir un papel determinante. Tambi\u00e9n ha servido para impulsar la presencia de profesionales de cada comunidad, tanto delante como detr\u00e1s de las c\u00e1maras.\n    <\/p>\n<p class=\"article-text\">\n        Con esa idea como punto de partida, proponemos un particular viaje seri\u00e9filo por Espa\u00f1a. <strong>Una comunidad, una serie y una excusa para volver, o descubrir por primera vez, una ficci\u00f3n ligada a cada rinc\u00f3n del pa\u00eds:<\/strong>\n    <\/p>\n<h2 class=\"article-text\">Andaluc\u00eda \u2014 <em>La Peste<\/em> (2018-2019)<\/h2>\n<p class=\"article-text\">\n        <strong>\u00b7 Sinopsis:<\/strong> Sevilla se convierte en uno de los grandes personajes de <em>La Peste<\/em>, thriller hist\u00f3rico creado por Alberto Rodr\u00edguez y Rafael Cobos. La primera temporada nos lleva hasta la Sevilla del siglo XVI, una de las ciudades m\u00e1s pr\u00f3speras de Europa, justo cuando <strong>una epidemia de peste comienza a extenderse mientras aparecen varios cad\u00e1veres asesinados<\/strong>. En ese contexto, Mateo N\u00fa\u00f1ez, interpretado por Pablo Molinero, regresa a la ciudad y se ve obligado a investigar una serie de cr\u00edmenes mientras trata de escapar de la Inquisici\u00f3n. La segunda entrega da un salto temporal y transforma la amenaza sanitaria en otra clase de peste: el crimen organizado que controla la ciudad. La serie fue rodada \u00edntegramente en Andaluc\u00eda y utiliz\u00f3 numerosos escenarios naturales de la comunidad.\n    <\/p>\n<p class=\"article-text\">\n        <strong>\u00b7 Reparto:<\/strong> Pablo Molinero, Patricia L\u00f3pez Arnaiz, Sergio Castellanos, Paco Le\u00f3n, Manolo Solo, Jes\u00fas Carroza, Estefan\u00eda de los Santos, Federico Aguado, Cecilia G\u00f3mez, Claudia Salas y Melina Matthews.\n    <\/p>\n<p class=\"article-text\">\n        <strong>\u00b7 Cap\u00edtulos y duraci\u00f3n:<\/strong> 2 temporadas y 12 episodios, con cap\u00edtulos de aproximadamente 45 minutos.\n    <\/p>\n<p class=\"article-text\">\n        <strong>\u00b7 D\u00f3nde ver: <\/strong><a href=\"https:\/\/www.eldiario.es\/vertele\/temas\/movistarplus\/\" data-mrf-recirculation=\"links-noticia\" class=\"link\">Movistar Plus<\/a>\n    <\/p>\n<figure class=\"embed-container embed-container--type-youtube ratio\">\n<p><script src=\"https:\/\/www.youtube.com\/iframe_api\"><\/script><br \/>\n<script type=\"module\">\n    window.marfeel.cmd.push(['multimedia', function(multimedia) {\n        multimedia.initializeItem('yt-JRl6Dy7I8SA-4946', 'youtube', 'JRl6Dy7I8SA', document.getElementById('yt-JRl6Dy7I8SA-4946'));\n    }]);\n<\/script><\/p>\n<p><iframe id=\"yt-JRl6Dy7I8SA-4946\" src=\"https:\/\/www.youtube.com\/embed\/JRl6Dy7I8SA?enablejsapi=1\" frameborder=\"0\"><\/iframe><br \/>\n            <\/figure>\n<h2 class=\"article-text\">Arag\u00f3n \u2014 <em>El \u00faltimo show<\/em> (2020)<\/h2>\n<p class=\"article-text\">\n        <strong>\u00b7 Sinopsis:<\/strong> Arag\u00f3n tiene en <em>El \u00faltimo show<\/em> una de sus ficciones m\u00e1s singulares. Creada por \u00c1lex Rodrigo y producida por Arag\u00f3n TV, la serie sigue a Miguel \u00c1ngel Tirado, conocido popularmente como Marianico el Corto, cuando atraviesa una crisis personal y profesional al descubrir que sus chistes ya no hacen re\u00edr como antes. El protagonista se embarca entonces en <strong>un peculiar intento de reinventarse mientras lidia con su propia vida<\/strong>, su familia y sus aspiraciones art\u00edsticas. La combinaci\u00f3n de comedia y drama convierte la serie en una historia muy vinculada al territorio y, al mismo tiempo, en una reflexi\u00f3n sobre el paso del tiempo, la fama y la necesidad de encontrar un nuevo prop\u00f3sito. Adem\u00e1s, fue la primera ficci\u00f3n original producida por Arag\u00f3n TV.\n    <\/p>\n<p class=\"article-text\">\n        <strong>\u00b7 Reparto:<\/strong> Miguel \u00c1ngel Tirado, Luisa Gavasa, Laura Boudet, Jos\u00e9 Luis Esteban, Ken Appledorn, Pablo Lagartos, Armando del R\u00edo y Laura G\u00f3mez-Lacueva, entre otros.\n    <\/p>\n<p class=\"article-text\">\n        <strong>\u00b7 Cap\u00edtulos y duraci\u00f3n:<\/strong> 1 temporada y 8 episodios de unos 50 minutos.\n    <\/p>\n<p class=\"article-text\">\n        <strong>\u00b7 D\u00f3nde ver: <\/strong><a href=\"https:\/\/www.eldiario.es\/vertele\/temas\/aragon-tv\/\" data-mrf-recirculation=\"links-noticia\" class=\"link\">Aragon Play<\/a>\n    <\/p>\n<figure class=\"embed-container embed-container--type-youtube ratio\">\n<p><script src=\"https:\/\/www.youtube.com\/iframe_api\"><\/script><br \/>\n<script type=\"module\">\n    window.marfeel.cmd.push(['multimedia', function(multimedia) {\n        multimedia.initializeItem('yt-qZXFLznpZVI-5684', 'youtube', 'qZXFLznpZVI', document.getElementById('yt-qZXFLznpZVI-5684'));\n    }]);\n<\/script><\/p>\n<p><iframe id=\"yt-qZXFLznpZVI-5684\" src=\"https:\/\/www.youtube.com\/embed\/qZXFLznpZVI?enablejsapi=1\" frameborder=\"0\"><\/iframe><br \/>\n            <\/figure>\n<h2 class=\"article-text\">Asturias \u2014 <em>La zona<\/em> (2017)<\/h2>\n<p class=\"article-text\">\n        <strong>\u00b7 Sinopsis:<\/strong> Asturias sirve de escenario a uno de los thrillers m\u00e1s particulares de la ficci\u00f3n espa\u00f1ola reciente. <em>La zona<\/em>, creada por Jorge y Alberto S\u00e1nchez-Cabezudo, <strong>imagina una regi\u00f3n del norte de Espa\u00f1a golpeada por un accidente nuclear<\/strong>. Tres a\u00f1os despu\u00e9s de la tragedia, el inspector H\u00e9ctor Ur\u00eda vuelve al servicio tras haber sido el \u00fanico superviviente del equipo que acudi\u00f3 inicialmente a la central. El asesinato de un hombre dentro de la zona de exclusi\u00f3n vuelve a ponerlo tras la pista de un misterio que va mucho m\u00e1s all\u00e1 de un crimen aislado. La serie encontr\u00f3 en los paisajes asturianos un elemento fundamental para construir esa atm\u00f3sfera de aislamiento, con rodajes en unas <strong>160 localizaciones de Asturias<\/strong>, entre ellas Gij\u00f3n, Oviedo, La Felguera y Pravia.\n    <\/p>\n<p class=\"article-text\">\n        <strong>\u00b7 Reparto:<\/strong> Eduard Fern\u00e1ndez, Emma Su\u00e1rez, \u00c1lvaro Cervantes, Alexandra Jim\u00e9nez, Manolo Solo, Alba Galocha, Marina Salas, Carlos Bardem y Juan Echanove.\n    <\/p>\n<p class=\"article-text\">\n        <strong>\u00b7 Cap\u00edtulos y duraci\u00f3n:<\/strong> 1 temporada y 8 episodios, de alrededor de 50 minutos.\n    <\/p>\n<p class=\"article-text\">\n        <strong>\u00b7 D\u00f3nde ver: <\/strong><a href=\"https:\/\/www.eldiario.es\/vertele\/temas\/movistarplus\/\" data-mrf-recirculation=\"links-noticia\" class=\"link\">Movistar Plus<\/a>\n    <\/p>\n<figure class=\"embed-container embed-container--type-youtube ratio\">\n<p><script src=\"https:\/\/www.youtube.com\/iframe_api\"><\/script><br \/>\n<script type=\"module\">\n    window.marfeel.cmd.push(['multimedia', function(multimedia) {\n        multimedia.initializeItem('yt-AygrrF1wTtI-7023', 'youtube', 'AygrrF1wTtI', document.getElementById('yt-AygrrF1wTtI-7023'));\n    }]);\n<\/script><\/p>\n<p><iframe id=\"yt-AygrrF1wTtI-7023\" src=\"https:\/\/www.youtube.com\/embed\/AygrrF1wTtI?enablejsapi=1\" frameborder=\"0\"><\/iframe><br \/>\n            <\/figure>\n<h2 class=\"article-text\">Baleares \u2014 <em>M\u00f2pies<\/em> (2022)<\/h2>\n<p class=\"article-text\">\n        <strong>\u00b7 Sinopsis:<\/strong> La Serra de Tramuntana se convierte en el escenario de una aventura fant\u00e1stica con sello balear. <em>M\u00f2pies<\/em>, creada y dirigida por Llu\u00eds Prieto, comienza cuando Bel y su hermano Pere llegan a un campamento de verano en el Santuario de Lluc. Durante una actividad nocturna para salir a buscar las criaturas mitol\u00f3gicas que dan nombre a la serie, ocurre un fen\u00f3meno inexplicable. <strong>Cuando Pere desaparece y nadie parece recordar siquiera que hubiera estado all\u00ed<\/strong>, Bel inicia una investigaci\u00f3n con la ayuda de Judith, una monitora, y de los j\u00f3venes Gori y Hilda. La serie es especialmente representativa de Baleares por su ambientaci\u00f3n mallorquina y por tratar de incorporar elementos de la mitolog\u00eda y el imaginario de las islas. Adem\u00e1s, naci\u00f3 de la colaboraci\u00f3n entre IB3, TV3 y \u00c0 Punt.\n    <\/p>\n<p class=\"article-text\">\n        <strong>\u00b7 Reparto:<\/strong> Val\u00e8ria Sorolla, Alba Brunet, Jaume Andreu, Eduard Vergara, Lila Sina, Santi Pons e Isabel Requena.\n    <\/p>\n<p class=\"article-text\">\n        <strong>\u00b7 Cap\u00edtulos y duraci\u00f3n:<\/strong> 1 temporada y 4 episodios, de unos 50 minutos aproximadamente.\n    <\/p>\n<p class=\"article-text\">\n        <strong>\u00b7 D\u00f3nde ver: <\/strong><a href=\"https:\/\/www.eldiario.es\/vertele\/temas\/tv3\/\" data-mrf-recirculation=\"links-noticia\" class=\"link\">3cat<\/a>, <a href=\"https:\/\/www.eldiario.es\/vertele\/temas\/ib3\/\" data-mrf-recirculation=\"links-noticia\" class=\"link\">Tot IB3<\/a> y \u00c0 punt Media\n    <\/p>\n<figure class=\"embed-container embed-container--type-youtube ratio\">\n<p><script src=\"https:\/\/www.youtube.com\/iframe_api\"><\/script><br \/>\n<script type=\"module\">\n    window.marfeel.cmd.push(['multimedia', function(multimedia) {\n        multimedia.initializeItem('yt-c0SF8_0p1xs-5981', 'youtube', 'c0SF8_0p1xs', document.getElementById('yt-c0SF8_0p1xs-5981'));\n    }]);\n<\/script><\/p>\n<p><iframe id=\"yt-c0SF8_0p1xs-5981\" src=\"https:\/\/www.youtube.com\/embed\/c0SF8_0p1xs?enablejsapi=1\" frameborder=\"0\"><\/iframe><br \/>\n            <\/figure>\n<h2 class=\"article-text\">Canarias \u2014 <em>Hierro<\/em> (2019-2021)<\/h2>\n<p class=\"article-text\">\n        <strong>\u00b7 Sinopsis:<\/strong> Pocas series espa\u00f1olas han convertido un territorio tan concreto en una pieza tan importante de su identidad como <em>Hierro<\/em>. La ficci\u00f3n de Pepe Coira arranca con la llegada de la jueza Candela Montes a la isla de El Hierro, <strong>donde debe investigar el asesinato de un joven ocurrido poco antes de una boda<\/strong>. Frente a ella se encuentra D\u00edaz, un empresario con intereses en la isla y una relaci\u00f3n complicada con el entorno del crimen. El paisaje volc\u00e1nico, las carreteras, los acantilados y el aislamiento de El Hierro no funcionan simplemente como decorado: ayudan a crear la tensi\u00f3n y la sensaci\u00f3n de que los personajes est\u00e1n atrapados en una comunidad peque\u00f1a donde todo el mundo parece conocerse.\n    <\/p>\n<p class=\"article-text\">\n        <strong>\u00b7 Reparto:<\/strong> Candela Pe\u00f1a, Dar\u00edo Grandinetti, Juan Carlos Vellido, Antonia San Juan, Yaima Ramos, Luifer Rodr\u00edguez y Saulo Trujillo, entre otros.\n    <\/p>\n<p class=\"article-text\">\n        <strong>\u00b7 Cap\u00edtulos y duraci\u00f3n:<\/strong> 2 temporadas y 14 episodios, con cap\u00edtulos de aproximadamente 50 minutos.\n    <\/p>\n<p class=\"article-text\">\n        <strong>\u00b7 D\u00f3nde ver: <\/strong><a href=\"https:\/\/www.eldiario.es\/vertele\/temas\/movistarplus\/\" data-mrf-recirculation=\"links-noticia\" class=\"link\">Movistar Plus<\/a>\n    <\/p>\n<figure class=\"embed-container embed-container--type-youtube ratio\">\n<p><script src=\"https:\/\/www.youtube.com\/iframe_api\"><\/script><br \/>\n<script type=\"module\">\n    window.marfeel.cmd.push(['multimedia', function(multimedia) {\n        multimedia.initializeItem('yt-kgClStvgk40-1650', 'youtube', 'kgClStvgk40', document.getElementById('yt-kgClStvgk40-1650'));\n    }]);\n<\/script><\/p>\n<p><iframe id=\"yt-kgClStvgk40-1650\" src=\"https:\/\/www.youtube.com\/embed\/kgClStvgk40?enablejsapi=1\" frameborder=\"0\"><\/iframe><br \/>\n            <\/figure>\n<h2 class=\"article-text\">Cantabria \u2014 <em>Gran Hotel<\/em> (2011-2013)<\/h2>\n<p class=\"article-text\">\n        <strong>\u00b7 Sinopsis:<\/strong> Aunque la acci\u00f3n de <em>Gran Hotel<\/em> se desarrolla en un establecimiento ficticio, la serie est\u00e1 indisolublemente asociada a Cantabria gracias a su principal escenario: el Palacio de la Magdalena de Santander. La historia arranca en 1905, cuando <strong>Julio Olmedo llega al hotel para investigar la desaparici\u00f3n de su hermana Cristina, que trabajaba all\u00ed<\/strong>. Su b\u00fasqueda le lleva a cruzarse con Alicia Alarc\u00f3n, hija de la propietaria del establecimiento, con quien inicia una relaci\u00f3n marcada por las diferencias sociales. Mientras ambos se acercan, los secretos, asesinatos y conspiraciones que rodean al hotel van saliendo a la luz. Creada por Ram\u00f3n Campos y Gema R. Neira, la serie convirti\u00f3 aquel enclave c\u00e1ntabro en uno de los lugares m\u00e1s reconocibles de la televisi\u00f3n espa\u00f1ola.\n    <\/p>\n<p class=\"article-text\">\n        <strong>\u00b7 Reparto:<\/strong> Yon Gonz\u00e1lez, Amaia Salamanca, Adriana Ozores, Concha Velasco, Pedro Alonso, Eloy Azor\u00edn, Fele Mart\u00ednez y Lloren\u00e7 Gonz\u00e1lez.\n    <\/p>\n<p class=\"article-text\">\n        <strong>\u00b7 Cap\u00edtulos y duraci\u00f3n:<\/strong> 3 temporadas y 39 episodios, de unos 75 minutos de duraci\u00f3n.\n    <\/p>\n<p class=\"article-text\">\n        <strong>\u00b7 D\u00f3nde ver: <\/strong><a href=\"https:\/\/www.eldiario.es\/vertele\/temas\/atresplayer\/\" data-mrf-recirculation=\"links-noticia\" class=\"link\">Amazon Prime<\/a> y <a href=\"https:\/\/www.eldiario.es\/vertele\/temas\/atresplayer\/\" data-mrf-recirculation=\"links-noticia\" class=\"link\">Atresplayer<\/a>\n    <\/p>\n<figure class=\"embed-container embed-container--type-youtube ratio\">\n<p><script src=\"https:\/\/www.youtube.com\/iframe_api\"><\/script><br \/>\n<script type=\"module\">\n    window.marfeel.cmd.push(['multimedia', function(multimedia) {\n        multimedia.initializeItem('yt-1SDBWb8NiUY-7369', 'youtube', '1SDBWb8NiUY', document.getElementById('yt-1SDBWb8NiUY-7369'));\n    }]);\n<\/script><\/p>\n<p><iframe id=\"yt-1SDBWb8NiUY-7369\" src=\"https:\/\/www.youtube.com\/embed\/1SDBWb8NiUY?enablejsapi=1\" frameborder=\"0\"><\/iframe><br \/>\n            <\/figure>\n<h2 class=\"article-text\">Castilla-La Mancha \u2014 <em>Entre tierras<\/em> (2023-2024)<\/h2>\n<p class=\"article-text\">\n        <strong>\u00b7 Sinopsis:<\/strong> <em>Entre tierras<\/em> utiliza el paisaje y la sociedad rural de Castilla-La Mancha como punto de partida para un melodrama familiar ambientado en los a\u00f1os sesenta. Mar\u00eda, una mujer andaluza dedicada al cuidado de su familia, acepta casarse con un rico terrateniente manchego para garantizar el futuro econ\u00f3mico de los suyos. Lo que no sabe es que <strong>el matrimonio esconde una trampa y que en realidad terminar\u00e1 cas\u00e1ndose con Manuel, el sobrino del hombre que ha organizado el enlace<\/strong>. A partir de ah\u00ed, la ficci\u00f3n explora las relaciones de poder, las diferencias sociales, los secretos familiares y las dificultades de una mujer atrapada entre las obligaciones de su \u00e9poca y sus propios deseos.\n    <\/p>\n<p class=\"article-text\">\n        <strong>\u00b7 Reparto:<\/strong> Megan Montaner, Unax Ugalde, Juanjo Puigcorb\u00e9, Bego\u00f1a Maestre, Carlos Serrano, Lloren\u00e7 Gonz\u00e1lez, Inma Cuevas, Bel\u00e9n \u00c9cija, Clara Garrido y Malena Guti\u00e9rrez.\n    <\/p>\n<p class=\"article-text\">\n        <strong>\u00b7 Cap\u00edtulos y duraci\u00f3n:<\/strong> 1 temporada y 10 episodios de unos 50 minutos.\n    <\/p>\n<p class=\"article-text\">\n        <strong>\u00b7 D\u00f3nde ver: <\/strong><a href=\"https:\/\/www.eldiario.es\/vertele\/temas\/netflix\/\" data-mrf-recirculation=\"links-noticia\" class=\"link\">Netflix,<\/a> <a href=\"https:\/\/www.eldiario.es\/vertele\/temas\/atresplayer\/\" data-mrf-recirculation=\"links-noticia\" class=\"link\">Amazon Prime<\/a> y <a href=\"https:\/\/www.eldiario.es\/vertele\/temas\/atresplayer\/\" data-mrf-recirculation=\"links-noticia\" class=\"link\">Atresplayer<\/a>\n    <\/p>\n<figure class=\"embed-container embed-container--type-youtube ratio\">\n<p><script src=\"https:\/\/www.youtube.com\/iframe_api\"><\/script><br \/>\n<script type=\"module\">\n    window.marfeel.cmd.push(['multimedia', function(multimedia) {\n        multimedia.initializeItem('yt--Dvl3kUMe5w-5833', 'youtube', '-Dvl3kUMe5w', document.getElementById('yt--Dvl3kUMe5w-5833'));\n    }]);\n<\/script><\/p>\n<p><iframe id=\"yt--Dvl3kUMe5w-5833\" src=\"https:\/\/www.youtube.com\/embed\/-Dvl3kUMe5w?enablejsapi=1\" frameborder=\"0\"><\/iframe><br \/>\n            <\/figure>\n<h2 class=\"article-text\">Castilla y Le\u00f3n \u2014 <em>Memento mori<\/em> (2023-2025)<\/h2>\n<p class=\"article-text\">\n        <strong>\u00b7 Sinopsis:<\/strong> Valladolid se convierte en el centro de una persecuci\u00f3n criminal en <em>Memento mori<\/em>, adaptaci\u00f3n de la saga literaria de C\u00e9sar P\u00e9rez Gellida. La historia comienza cuando aparece una joven asesinada de forma especialmente macabra, con un poema en la boca. <strong>El inspector Ramiro Sancho se pone al frente de la investigaci\u00f3n y pronto descubre que detr\u00e1s de los cr\u00edmenes se encuentra Augusto Ledesma, un asesino culto, met\u00f3dico y obsesionado con la m\u00fasica y la literatura<\/strong>. El duelo entre ambos se prolonga durante tres temporadas, mientras la ciudad de Valladolid y otros escenarios de Castilla y Le\u00f3n se convierten en el tablero de una persecuci\u00f3n cada vez m\u00e1s personal.\n    <\/p>\n<p class=\"article-text\">\n        <strong>\u00b7 Reparto:<\/strong> Yon Gonz\u00e1lez, Francisco Ortiz, Olivia Baglivi, Fernando Soto, Juan Fern\u00e1ndez, Manuela Vell\u00e9s, Juan Echanove y Carlota Bar\u00f3, entre otros.\n    <\/p>\n<p class=\"article-text\">\n        <strong>\u00b7 Cap\u00edtulos y duraci\u00f3n:<\/strong> 3 temporadas y 15 episodios, de unos 45 minutos.\n    <\/p>\n<p class=\"article-text\">\n        <strong>\u00b7 D\u00f3nde ver: <\/strong><a href=\"https:\/\/www.eldiario.es\/vertele\/temas\/atresplayer\/\" data-mrf-recirculation=\"links-noticia\" class=\"link\">Prime Video<\/a>\n    <\/p>\n<figure class=\"embed-container embed-container--type-youtube ratio\">\n<p><script src=\"https:\/\/www.youtube.com\/iframe_api\"><\/script><br \/>\n<script type=\"module\">\n    window.marfeel.cmd.push(['multimedia', function(multimedia) {\n        multimedia.initializeItem('yt-u3kh3heertg-1518', 'youtube', 'u3kh3heertg', document.getElementById('yt-u3kh3heertg-1518'));\n    }]);\n<\/script><\/p>\n<p><iframe id=\"yt-u3kh3heertg-1518\" src=\"https:\/\/www.youtube.com\/embed\/u3kh3heertg?enablejsapi=1\" frameborder=\"0\"><\/iframe><br \/>\n            <\/figure>\n<h2 class=\"article-text\">Catalu\u00f1a \u2014 <em>Plats bruts<\/em> (1999-2002)<\/h2>\n<p class=\"article-text\">\n        <strong>\u00b7 Sinopsis:<\/strong> Antes de que las plataformas pusieran de moda las series profundamente vinculadas a un territorio, <em>Plats bruts<\/em> ya hab\u00eda convertido Barcelona y la vida cotidiana catalana en parte esencial de su identidad. La sitcom de TV3 sigue a David G\u00fcell, un joven aspirante a actor, y Josep Lopes, un locutor de radio pesimista e hipocondr\u00edaco, obligados a compartir piso. <strong>Sus personalidades opuestas y su convivencia ca\u00f3tica sirven de motor para una sucesi\u00f3n de situaciones absurdas y costumbristas<\/strong>. El Eixample barcelon\u00e9s y el universo social de la Catalu\u00f1a de finales de los noventa forman parte inseparable de una comedia que se convirti\u00f3 en uno de los grandes cl\u00e1sicos de TV3. La serie alcanz\u00f3 73 episodios y una gran repercusi\u00f3n en Catalu\u00f1a.\n    <\/p>\n<p class=\"article-text\">\n        <strong>\u00b7 Reparto:<\/strong> Joel Joan, Jordi S\u00e1nchez, M\u00f2nica Glaenzel, Llu\u00eds Villanueva, Anna Maria Barbany y Pau Dur\u00e0, entre otros.\n    <\/p>\n<p class=\"article-text\">\n        <strong>\u00b7 Cap\u00edtulos y duraci\u00f3n:<\/strong> 6 temporadas y 73 episodios, de unos 25-30 minutos.\n    <\/p>\n<p class=\"article-text\">\n        <strong>\u00b7 D\u00f3nde ver: <\/strong><a href=\"https:\/\/www.eldiario.es\/vertele\/temas\/tv3\/\" data-mrf-recirculation=\"links-noticia\" class=\"link\">3cat<\/a> y<strong> <\/strong><a href=\"https:\/\/www.eldiario.es\/vertele\/temas\/atresplayer\/\" data-mrf-recirculation=\"links-noticia\" class=\"link\">Prime Video<\/a>\n    <\/p>\n<figure class=\"embed-container embed-container--type-youtube ratio\">\n<p><script src=\"https:\/\/www.youtube.com\/iframe_api\"><\/script><br \/>\n<script type=\"module\">\n    window.marfeel.cmd.push(['multimedia', function(multimedia) {\n        multimedia.initializeItem('yt-RfCvhWclhM4-5801', 'youtube', 'RfCvhWclhM4', document.getElementById('yt-RfCvhWclhM4-5801'));\n    }]);\n<\/script><\/p>\n<p><iframe id=\"yt-RfCvhWclhM4-5801\" src=\"https:\/\/www.youtube.com\/embed\/RfCvhWclhM4?enablejsapi=1\" frameborder=\"0\"><\/iframe><br \/>\n            <\/figure>\n<h2 class=\"article-text\">Comunidad Valenciana \u2014 <em>La Ruta<\/em> (2022-2025)<\/h2>\n<p class=\"article-text\">\n        <strong>\u00b7 Sinopsis:<\/strong> Si existe una serie que haya convertido un fen\u00f3meno cultural valenciano en protagonista, esa es <em>La Ruta<\/em>. La ficci\u00f3n sigue a Marc, Toni, Sento, Nuria y Lucas, cinco amigos que atraviesan su juventud mientras viven en primera persona los a\u00f1os de la Ruta Destroy o Ruta del Bakalao. <strong>La primera temporada recorre sus vidas desde que tienen 18 a\u00f1os hasta la entrada en la treintena, utilizando como tel\u00f3n de fondo las discotecas, carreteras y espacios que marcaron aquella \u00e9poca<\/strong>. La segunda entrega, <em>La Ruta. Vol. 2: Ibiza<\/em>, ampl\u00eda el universo hasta Baleares y conecta las experiencias de una generaci\u00f3n con la historia de sus padres. <strong>La primera temporada est\u00e1 especialmente ligada a Valencia<\/strong> y a la cultura musical de la comunidad.\n    <\/p>\n<p class=\"article-text\">\n        <strong>\u00b7 Reparto:<\/strong> \u00c0lex Monner, Claudia Salas, Ricardo G\u00f3mez, Elisabet Casanovas, Guillem Barbosa, Sonia Almarcha y Luis Bermejo, entre otros.\n    <\/p>\n<p class=\"article-text\">\n        <strong>\u00b7 Cap\u00edtulos y duraci\u00f3n:<\/strong> 2 temporadas y 14 episodios en total, con cap\u00edtulos de alrededor de 50 minutos.\n    <\/p>\n<p class=\"article-text\">\n        <strong>\u00b7 D\u00f3nde ver: <\/strong><a href=\"https:\/\/www.eldiario.es\/vertele\/temas\/atresplayer\/\" data-mrf-recirculation=\"links-noticia\" class=\"link\">Amazon Prime<\/a> y <a href=\"https:\/\/www.eldiario.es\/vertele\/temas\/atresplayer\/\" data-mrf-recirculation=\"links-noticia\" class=\"link\">Atresplayer<\/a>\n    <\/p>\n<figure class=\"embed-container embed-container--type-youtube ratio\">\n<p><script src=\"https:\/\/www.youtube.com\/iframe_api\"><\/script><br \/>\n<script type=\"module\">\n    window.marfeel.cmd.push(['multimedia', function(multimedia) {\n        multimedia.initializeItem('yt-UcUxfZ9BBlM-1860', 'youtube', 'UcUxfZ9BBlM', document.getElementById('yt-UcUxfZ9BBlM-1860'));\n    }]);\n<\/script><\/p>\n<p><iframe id=\"yt-UcUxfZ9BBlM-1860\" src=\"https:\/\/www.youtube.com\/embed\/UcUxfZ9BBlM?enablejsapi=1\" frameborder=\"0\"><\/iframe><br \/>\n            <\/figure>\n<h2 class=\"article-text\">Extremadura \u2014 <em>El accidente<\/em> (2017-2018)<\/h2>\n<p class=\"article-text\">\n        <strong>\u00b7 Sinopsis:<\/strong> <em>El accidente<\/em> parte de una desaparici\u00f3n para construir un thriller familiar lleno de secretos. Jos\u00e9, interpretado por Quim Guti\u00e9rrez, supuestamente viaja en un avi\u00f3n que se estrella. Sin embargo, su cad\u00e1ver no aparece entre las v\u00edctimas y tampoco figura oficialmente entre los supervivientes. <strong>Su esposa, Luc\u00eda, comienza entonces una b\u00fasqueda que le obliga a descubrir que quiz\u00e1 no conoc\u00eda realmente al hombre con el que llevaba a\u00f1os compartiendo su vida<\/strong>. Aunque el rodaje se realiz\u00f3 principalmente en Madrid, la ficci\u00f3n sit\u00faa parte fundamental de su universo en Extremadura: una finca ubicada en Boadilla del Monte fue utilizada para representar un lugar de la comunidad. Es, por tanto, una elecci\u00f3n ligada a su ambientaci\u00f3n narrativa m\u00e1s que a su producci\u00f3n f\u00edsica.\n    <\/p>\n<p class=\"article-text\">\n        <strong>\u00b7 Reparto:<\/strong> Inma Cuesta, Quim Guti\u00e9rrez, Eusebio Poncela, Berta V\u00e1zquez, Alain Hern\u00e1ndez y Joel Bosqued.\n    <\/p>\n<p class=\"article-text\">\n        <strong>\u00b7 Cap\u00edtulos y duraci\u00f3n:<\/strong> 1 temporada y 13 episodios, de aproximadamente 70 minutos.\n    <\/p>\n<p class=\"article-text\">\n        <strong>\u00b7 D\u00f3nde ver: <\/strong><a href=\"https:\/\/www.eldiario.es\/vertele\/temas\/mediaset-infinity\/\" data-mrf-recirculation=\"links-noticia\" class=\"link\">Mediaset Infinity<\/a> y <a href=\"https:\/\/www.eldiario.es\/vertele\/temas\/atresplayer\/\" data-mrf-recirculation=\"links-noticia\" class=\"link\">Prime Video<\/a>\n    <\/p>\n<p><iframe src=\"https:\/\/geo.dailymotion.com\/player\/x8zbz.html?video=x9pjodo\" allowfullscreen allow=\"fullscreen; picture-in-picture; web-share\"><\/iframe><\/p>\n<h2 class=\"article-text\">Galicia \u2014 <em>Rapa<\/em> (2022-2024)<\/h2>\n<p class=\"article-text\">\n        <strong>\u00b7 Sinopsis:<\/strong> La Galicia m\u00e1s rural y salvaje es el escenario de <em>Rapa<\/em>, thriller creado por Pepe Coira y Fran Ara\u00fajo. La serie arranca durante la celebraci\u00f3n de la rapa das bestas, una tradici\u00f3n que re\u00fane a los vecinos en torno a los caballos salvajes de la Serra da Capelada. <strong>Ese d\u00eda, Amparo Seoane, alcaldesa de la localidad, aparece asesinada<\/strong>. El profesor Tom\u00e1s y la sargento de la Guardia Civil Maite comienzan entonces una investigaci\u00f3n que les llevar\u00e1 por una tierra de acantilados, peque\u00f1os n\u00facleos y comunidades donde los v\u00ednculos personales pesan tanto como las pistas policiales. La serie mantuvo su relaci\u00f3n con Galicia durante sus tres temporadas, convirtiendo el paisaje y la identidad local en parte esencial del relato.\n    <\/p>\n<p class=\"article-text\">\n        <strong>\u00b7 Reparto:<\/strong> Javier C\u00e1mara, M\u00f3nica L\u00f3pez, Adri\u00e1n R\u00edos, Luc\u00eda Veiga, Eva Fern\u00e1ndez, Cristina Collazo, Dar\u00edo Loureiro, Toni Salgado, Jorge Bosch y Berta Ojea, entre otros.\n    <\/p>\n<p class=\"article-text\">\n        <strong>\u00b7 Cap\u00edtulos y duraci\u00f3n:<\/strong> 3 temporadas y 18 episodios, de unos 50 minutos.\n    <\/p>\n<p class=\"article-text\">\n        <strong>\u00b7 D\u00f3nde ver: <\/strong><a href=\"https:\/\/www.eldiario.es\/vertele\/temas\/movistarplus\/\" data-mrf-recirculation=\"links-noticia\" class=\"link\">Movistar Plus<\/a>\n    <\/p>\n<figure class=\"embed-container embed-container--type-youtube ratio\">\n<p><script src=\"https:\/\/www.youtube.com\/iframe_api\"><\/script><br \/>\n<script type=\"module\">\n    window.marfeel.cmd.push(['multimedia', function(multimedia) {\n        multimedia.initializeItem('yt-ai7QmbyvDkA-3192', 'youtube', 'ai7QmbyvDkA', document.getElementById('yt-ai7QmbyvDkA-3192'));\n    }]);\n<\/script><\/p>\n<p><iframe id=\"yt-ai7QmbyvDkA-3192\" src=\"https:\/\/www.youtube.com\/embed\/ai7QmbyvDkA?enablejsapi=1\" frameborder=\"0\"><\/iframe><br \/>\n            <\/figure>\n<h2 class=\"article-text\">Comunidad de Madrid \u2014 <em>Antidisturbios<\/em> (2020)<\/h2>\n<p class=\"article-text\">\n        <strong>\u00b7 Sinopsis:<\/strong> Madrid aparece en <em>Antidisturbios<\/em> desde uno de sus \u00e1ngulos m\u00e1s tensos: el de las unidades policiales encargadas de intervenir en situaciones de m\u00e1xima conflictividad. La miniserie creada por Rodrigo Sorogoyen e Isabel Pe\u00f1a <strong>sigue a seis agentes de la unidad Puma 93 despu\u00e9s de que una intervenci\u00f3n termine con la muerte de un hombre<\/strong>. A partir de ese momento, la investigaci\u00f3n interna y las consecuencias judiciales se mezclan con los problemas personales de los polic\u00edas y con una trama de corrupci\u00f3n que escala hasta las altas esferas. La ciudad no es un simple fondo: sus calles, manifestaciones, barrios y espacios institucionales ayudan a construir el retrato de una capital marcada por las tensiones sociales y pol\u00edticas.\n    <\/p>\n<p class=\"article-text\">\n        <strong>\u00b7 Reparto:<\/strong> Vicky Luengo, Ra\u00fal Ar\u00e9valo, Hovik Keuchkerian, Roberto \u00c1lamo, \u00c1lex Garc\u00eda, Ra\u00fal Prieto, Patrick Criado, David Verdaguer y Marta Poveda.\n    <\/p>\n<p class=\"article-text\">\n        <strong>\u00b7 Cap\u00edtulos y duraci\u00f3n:<\/strong> 1 temporada y 6 episodios, de aproximadamente 50 minutos.\n    <\/p>\n<p class=\"article-text\">\n        <strong>\u00b7 D\u00f3nde ver: <\/strong><a href=\"https:\/\/www.eldiario.es\/vertele\/temas\/movistarplus\/\" data-mrf-recirculation=\"links-noticia\" class=\"link\">Movistar Plus<\/a>\n    <\/p>\n<figure class=\"embed-container embed-container--type-youtube ratio\">\n<p><script src=\"https:\/\/www.youtube.com\/iframe_api\"><\/script><br \/>\n<script type=\"module\">\n    window.marfeel.cmd.push(['multimedia', function(multimedia) {\n        multimedia.initializeItem('yt-e5vxS65tgOA-4923', 'youtube', 'e5vxS65tgOA', document.getElementById('yt-e5vxS65tgOA-4923'));\n    }]);\n<\/script><\/p>\n<p><iframe id=\"yt-e5vxS65tgOA-4923\" src=\"https:\/\/www.youtube.com\/embed\/e5vxS65tgOA?enablejsapi=1\" frameborder=\"0\"><\/iframe><br \/>\n            <\/figure>\n<h2 class=\"article-text\">Regi\u00f3n de Murcia \u2014 <em>Murcia 24\/7<\/em> (2015)<\/h2>\n<p class=\"article-text\">\n        <strong>\u00b7 Sinopsis:<\/strong> <em>Murcia 24\/7<\/em> juega precisamente con la idea de hacer de Murcia el centro absoluto de una ficci\u00f3n. Esta webserie sigue a varios j\u00f3venes que viven en la regi\u00f3n y que arrastran distintas fobias y problemas personales. <strong>Sus historias se cruzan mientras cada uno cuenta sus preocupaciones a una psic\u00f3loga, en una trama coral que aprovecha para recorrer lugares reconocibles de Murcia<\/strong>, sus fiestas, bares y acontecimientos populares. El proyecto naci\u00f3 con una vocaci\u00f3n muy local y con la intenci\u00f3n expl\u00edcita de que el p\u00fablico murciano pudiera reconocerse en sus personajes, escenarios y referencias. Su creador, Jos\u00e9 Fern\u00e1ndez-Ark, la defini\u00f3 como \u201cla primera ficci\u00f3n murciana creada por y para el murciano\u201d.\n    <\/p>\n<p class=\"article-text\">\n        <strong>\u00b7 Reparto:<\/strong> Jos\u00e9 Domenech, Niki L\u00f3pez, Ana Serrano, Encarna Talavera y otros int\u00e9rpretes vinculados al proyecto.\n    <\/p>\n<p class=\"article-text\">\n        <strong>\u00b7 Cap\u00edtulos y duraci\u00f3n:<\/strong> 4 cap\u00edtulos de unos 40 minutos cada uno.\n    <\/p>\n<p class=\"article-text\">\n        <strong>\u00b7 D\u00f3nde ver: <\/strong>Youtube\n    <\/p>\n<figure class=\"embed-container embed-container--type-youtube ratio\">\n<p><script src=\"https:\/\/www.youtube.com\/iframe_api\"><\/script><br \/>\n<script type=\"module\">\n    window.marfeel.cmd.push(['multimedia', function(multimedia) {\n        multimedia.initializeItem('yt-qJnAgB-l7Js-9421', 'youtube', 'qJnAgB-l7Js', document.getElementById('yt-qJnAgB-l7Js-9421'));\n    }]);\n<\/script><\/p>\n<p><iframe id=\"yt-qJnAgB-l7Js-9421\" src=\"https:\/\/www.youtube.com\/embed\/qJnAgB-l7Js?enablejsapi=1\" frameborder=\"0\"><\/iframe><br \/>\n            <\/figure>\n<h2 class=\"article-text\">Navarra \u2014 <em>T\u00fa no eres especial<\/em> (2022)<\/h2>\n<p class=\"article-text\">\n        <strong>\u00b7 Sinopsis:<\/strong> Amaia pasa de vivir en Barcelona a instalarse en el pueblo de su madre, Salabarria, donde cree que su vida se ha acabado. Pero el peque\u00f1o municipio guarda un secreto: <strong>su abuela ten\u00eda fama de ser la \u00fanica bruja que hab\u00eda existido all\u00ed y Amaia empieza a sospechar que podr\u00eda haber heredado sus poderes<\/strong>. La comedia juvenil creada por Est\u00edbaliz Burgaleta utiliza Navarra como mucho m\u00e1s que un escenario. El pueblo ficticio de Salabarria fue recreado en localidades como Lekunberri y Leitza, donde se rod\u00f3 \u00edntegramente la serie. Adem\u00e1s, el proyecto cont\u00f3 con una notable presencia de profesionales locales en su equipo.\n    <\/p>\n<p class=\"article-text\">\n        <strong>\u00b7 Reparto:<\/strong> D\u00e8lia Brufau, \u00d3scar de la Fuente, Ainara P\u00e9rez, Jaime Wang, Elia Galera, Jordi Aguilar, Miriam Cabeza y Gabriel Guevara.\n    <\/p>\n<p class=\"article-text\">\n        <strong>\u00b7 Cap\u00edtulos y duraci\u00f3n:<\/strong> 1 temporada y 6 episodios, de entre 33 y 38 minutos aproximadamente.\n    <\/p>\n<p class=\"article-text\">\n        <strong>\u00b7 D\u00f3nde ver:<\/strong> <a href=\"https:\/\/www.eldiario.es\/vertele\/temas\/netflix\/\" data-mrf-recirculation=\"links-noticia\" class=\"link\">Netflix<\/a>\n    <\/p>\n<figure class=\"embed-container embed-container--type-youtube ratio\">\n<p><script src=\"https:\/\/www.youtube.com\/iframe_api\"><\/script><br \/>\n<script type=\"module\">\n    window.marfeel.cmd.push(['multimedia', function(multimedia) {\n        multimedia.initializeItem('yt-vzMzl8wnTXg-2007', 'youtube', 'vzMzl8wnTXg', document.getElementById('yt-vzMzl8wnTXg-2007'));\n    }]);\n<\/script><\/p>\n<p><iframe id=\"yt-vzMzl8wnTXg-2007\" src=\"https:\/\/www.youtube.com\/embed\/vzMzl8wnTXg?enablejsapi=1\" frameborder=\"0\"><\/iframe><br \/>\n            <\/figure>\n<h2 class=\"article-text\">Pa\u00eds Vasco \u2014 <em>Patria<\/em> (2020)<\/h2>\n<p class=\"article-text\">\n        <strong>\u00b7 Sinopsis:<\/strong> Pocas series han retratado el Pa\u00eds Vasco contempor\u00e1neo desde una perspectiva tan \u00edntimamente ligada a su territorio como <em>Patria<\/em>. Adaptaci\u00f3n de la novela de Fernando Aramburu y creada para televisi\u00f3n por Aitor Gabilondo, la miniserie comienza cuando ETA anuncia el cese definitivo de la violencia. Bittori regresa entonces al pueblo en el que vivi\u00f3 con su marido, Txato, asesinado por ETA a\u00f1os antes. Su vuelta provoca el reencuentro con Miren, antigua amiga y madre de Joxe Mari, integrante de la organizaci\u00f3n terrorista. <strong>A trav\u00e9s de sus familias, la ficci\u00f3n reconstruye d\u00e9cadas de miedo, silencios, enfrentamientos y heridas personales<\/strong>. La historia no se limita a hablar del Pa\u00eds Vasco: sus pueblos, su idioma, sus relaciones sociales y su memoria reciente son parte fundamental de ella.\n    <\/p>\n<p class=\"article-text\">\n        <strong>\u00b7 Reparto:<\/strong> Elena Irureta, Ane Gabarain, Jos\u00e9 Ram\u00f3n Soroiz, Susana Abaitua, Mikel Laskurain, Jon Olivares, Loreto Maule\u00f3n, I\u00f1igo Aranbarri y Eneko Sagardoy.\n    <\/p>\n<p class=\"article-text\">\n        <strong>\u00b7 Cap\u00edtulos y duraci\u00f3n:<\/strong> 1 temporada y 8 episodios, de aproximadamente 55 minutos.\n    <\/p>\n<p class=\"article-text\">\n        <strong>\u00b7 D\u00f3nde ver: <\/strong><a href=\"https:\/\/www.eldiario.es\/vertele\/temas\/hbo-max\/\" data-mrf-recirculation=\"links-noticia\" class=\"link\">HBO Max<\/a><strong>, <\/strong><a href=\"https:\/\/www.eldiario.es\/vertele\/temas\/movistarplus\/\" data-mrf-recirculation=\"links-noticia\" class=\"link\">Movistar Plus<\/a> y <a href=\"https:\/\/www.eldiario.es\/vertele\/temas\/atresplayer\/\" data-mrf-recirculation=\"links-noticia\" class=\"link\">Prime Video<\/a>\n    <\/p>\n<figure class=\"embed-container embed-container--type-youtube ratio\">\n<p><script src=\"https:\/\/www.youtube.com\/iframe_api\"><\/script><br \/>\n<script type=\"module\">\n    window.marfeel.cmd.push(['multimedia', function(multimedia) {\n        multimedia.initializeItem('yt-JwJnRqp4vN0-6429', 'youtube', 'JwJnRqp4vN0', document.getElementById('yt-JwJnRqp4vN0-6429'));\n    }]);\n<\/script><\/p>\n<p><iframe id=\"yt-JwJnRqp4vN0-6429\" src=\"https:\/\/www.youtube.com\/embed\/JwJnRqp4vN0?enablejsapi=1\" frameborder=\"0\"><\/iframe><br \/>\n            <\/figure>\n<h2 class=\"article-text\">La Rioja \u2014 <em>Gran Reserva<\/em> (2010-2013)<\/h2>\n<p class=\"article-text\">\n        <strong>\u00b7 Sinopsis:<\/strong> Si hay una actividad econ\u00f3mica que identifica especialmente a La Rioja, resulta dif\u00edcil encontrar un mejor punto de partida para una ficci\u00f3n que el mundo del vino. <em>Gran Reserva<\/em> construye su historia alrededor de dos familias de viticultores enfrentadas: los Cort\u00e1zar, que entienden el vino como un negocio, y los Reverte, para quienes las tierras y las vi\u00f1as representan una forma de vida. <strong>La rivalidad se intensifica despu\u00e9s de que Miguel Cort\u00e1zar sobreviva a un intento de asesinato que le deja sin memoria.<\/strong> A partir de ah\u00ed, secretos familiares, ambiciones empresariales y viejas rencillas se mezclan en un drama que convirti\u00f3 los vi\u00f1edos y bodegas riojanos en parte de su identidad visual y narrativa.\n    <\/p>\n<p class=\"article-text\">\n        <strong>\u00b7 Reparto:<\/strong> Emilio Guti\u00e9rrez Caba, \u00c1ngela Molina, Trist\u00e1n Ulloa, Paula Echevarr\u00eda, Ricard Sales, Francesc Garrido, Aitor Luna, Armando del R\u00edo, Ana Risue\u00f1o y Bel\u00e9n Fabra.\n    <\/p>\n<p class=\"article-text\">\n        <strong>\u00b7 Cap\u00edtulos y duraci\u00f3n:<\/strong> 3 temporadas y 42 episodios.\n    <\/p>\n<p class=\"article-text\">\n        <strong>\u00b7 D\u00f3nde ver: <\/strong><a href=\"https:\/\/www.eldiario.es\/vertele\/temas\/rtve-play\/\" data-mrf-recirculation=\"links-noticia\" class=\"link\">RTVE Play<\/a>, <a href=\"https:\/\/www.eldiario.es\/vertele\/temas\/skyshowtime\/\" data-mrf-recirculation=\"links-noticia\" class=\"link\">SkyShowtime<\/a>, <a href=\"https:\/\/www.eldiario.es\/vertele\/temas\/movistarplus\/\" data-mrf-recirculation=\"links-noticia\" class=\"link\">Movistar Plus<\/a> y <a href=\"https:\/\/www.eldiario.es\/vertele\/temas\/atresplayer\/\" data-mrf-recirculation=\"links-noticia\" class=\"link\">Prime Video<\/a>\n    <\/p>\n<figure class=\"embed-container embed-container--type-youtube ratio\">\n<p><script src=\"https:\/\/www.youtube.com\/iframe_api\"><\/script><br \/>\n<script type=\"module\">\n    window.marfeel.cmd.push(['multimedia', function(multimedia) {\n        multimedia.initializeItem('yt-PD_q4q7K89A-9501', 'youtube', 'PD_q4q7K89A', document.getElementById('yt-PD_q4q7K89A-9501'));\n    }]);\n<\/script><\/p>\n<p><iframe id=\"yt-PD_q4q7K89A-9501\" src=\"https:\/\/www.youtube.com\/embed\/PD_q4q7K89A?enablejsapi=1\" frameborder=\"0\"><\/iframe><br \/>\n            <\/figure>\n<h2 class=\"article-text\">Ceuta \u2014 <em>El Pr\u00edncipe<\/em> (2014-2016)<\/h2>\n<p class=\"article-text\">\n        <strong>\u00b7 Sinopsis:<\/strong> El barrio ceut\u00ed de El Pr\u00edncipe da nombre y sentido a este thriller de Telecinco. Javier Morey, agente del CNI, llega a una comisar\u00eda del conflictivo barrio con una misi\u00f3n secreta: <strong>investigar la posible colaboraci\u00f3n de polic\u00edas locales con c\u00e9lulas extremistas<\/strong>. All\u00ed conoce a Fran, un veterano agente con m\u00e9todos poco ortodoxos, y a F\u00e1tima, una profesora musulmana que busca a su hermano desaparecido. La serie utiliza la particular posici\u00f3n geogr\u00e1fica y social de Ceuta para construir una historia de espionaje, terrorismo, crimen, corrupci\u00f3n y relaciones personales, convirtiendo la frontera y la convivencia entre distintas comunidades en elementos centrales de la trama.\n    <\/p>\n<p class=\"article-text\">\n        <strong>\u00b7 Reparto:<\/strong> \u00c1lex Gonz\u00e1lez, Hiba Abouk, Jos\u00e9 Coronado, Rub\u00e9n Cortada, Stany Coppet, Tha\u00efs Blume, Elia Galera y Nerea Barros.\n    <\/p>\n<p class=\"article-text\">\n        <strong>\u00b7 Cap\u00edtulos y duraci\u00f3n:<\/strong> 2 temporadas y 31 episodios, de unos 70 minutos.\n    <\/p>\n<p class=\"article-text\">\n        <strong>\u00b7 D\u00f3nde ver: <\/strong><a href=\"https:\/\/www.eldiario.es\/vertele\/temas\/mediaset-infinity\/\" data-mrf-recirculation=\"links-noticia\" class=\"link\">Mediaset Infinity<\/a>, <a href=\"https:\/\/www.eldiario.es\/vertele\/temas\/netflix\/\" data-mrf-recirculation=\"links-noticia\" class=\"link\">Netflix<\/a> y <a href=\"https:\/\/www.eldiario.es\/vertele\/temas\/atresplayer\/\" data-mrf-recirculation=\"links-noticia\" class=\"link\">Prime Video<\/a>\n    <\/p>\n<p><iframe src=\"https:\/\/geo.dailymotion.com\/player\/x8zbz.html?video=x8j8mot\" allowfullscreen allow=\"fullscreen; picture-in-picture; web-share\"><\/iframe><\/p>\n<h2 class=\"article-text\">Melilla \u2014 <em>Tiempos de guerra<\/em> (2017-2018)<\/h2>\n<p class=\"article-text\">\n        <strong>\u00b7 Sinopsis:<\/strong> Melilla se convierte en el escenario de una historia basada en un episodio real de la historia espa\u00f1ola: <strong>la llegada de un grupo de enfermeras al norte de \u00c1frica durante la Guerra del Rif. <\/strong><em>Tiempos de guerra<\/em> sigue a estas mujeres, enviadas para atender a los soldados heridos tras el desastre de Annual, mientras deben enfrentarse a un contexto b\u00e9lico que pone a prueba sus convicciones y sus relaciones personales. En torno a Julia Ballester, Pilar Mu\u00f1iz, Magdalena Medina y el resto del equipo m\u00e9dico, la serie combina romance, drama hist\u00f3rico y supervivencia, utilizando la ciudad de Melilla como punto de conexi\u00f3n entre la Espa\u00f1a de principios del siglo XX y el conflicto colonial.\n    <\/p>\n<p class=\"article-text\">\n        <strong>\u00b7 Reparto:<\/strong> Amaia Salamanca, \u00c1lex Garc\u00eda, Ver\u00f3nica S\u00e1nchez, Anna Moliner, \u00c1lex Gadea, Vicente Romero, Alicia Rubio, Silvia Alonso, Nuria Herrero, Miguel Rell\u00e1n, Alicia Borrachero y Jos\u00e9 Sacrist\u00e1n.\n    <\/p>\n<p class=\"article-text\">\n        <strong>\u00b7 Cap\u00edtulos y duraci\u00f3n:<\/strong> 1 temporada y 13 episodios, de aproximadamente 70 minutos.\n    <\/p>\n<p class=\"article-text\">\n        <strong>\u00b7 D\u00f3nde ver: <\/strong><a href=\"https:\/\/www.eldiario.es\/vertele\/temas\/atresplayer\/\" data-mrf-recirculation=\"links-noticia\" class=\"link\">Atresplayer<\/a>, <a href=\"https:\/\/www.eldiario.es\/vertele\/temas\/skyshowtime\/\" data-mrf-recirculation=\"links-noticia\" class=\"link\">SkyShowtime<\/a>, <a href=\"https:\/\/www.eldiario.es\/vertele\/temas\/movistarplus\/\" data-mrf-recirculation=\"links-noticia\" class=\"link\">Movistar Plus<\/a> y <a href=\"https:\/\/www.eldiario.es\/vertele\/temas\/atresplayer\/\" data-mrf-recirculation=\"links-noticia\" class=\"link\">Prime Video<\/a>\n    <\/p>\n<figure class=\"embed-container embed-container--type-youtube ratio\">\n<p><script src=\"https:\/\/www.youtube.com\/iframe_api\"><\/script><br \/>\n<script type=\"module\">\n    window.marfeel.cmd.push(['multimedia', function(multimedia) {\n        multimedia.initializeItem('yt-LcyUJIhtYas-4908', 'youtube', 'LcyUJIhtYas', document.getElementById('yt-LcyUJIhtYas-4908'));\n    }]);\n<\/script><\/p>\n<p><iframe id=\"yt-LcyUJIhtYas-4908\" src=\"https:\/\/www.youtube.com\/embed\/LcyUJIhtYas?enablejsapi=1\" frameborder=\"0\"><\/iframe><br \/>\n            <\/figure>\n<h2 class=\"article-text\">El mapa de Espa\u00f1a tambi\u00e9n se puede recorrer desde el sof\u00e1<\/h2>\n<p class=\"article-text\">\n        La evoluci\u00f3n de la ficci\u00f3n espa\u00f1ola ha hecho que el mapa televisivo en Esp\u00f1a sea hoy mucho m\u00e1s amplio que hace unas d\u00e9cadas. El resultado es un cat\u00e1logo que permite recorrer Espa\u00f1a sin moverse del sof\u00e1. <strong>Diecinueve territorios, diecinueve historias y diecinueve formas distintas de demostrar <\/strong>que, cuando una serie encuentra el lugar adecuado para su trama, el escenario puede terminar siendo tan importante como cualquiera de sus personajes.\n    <\/p>\n<\/div>\n","protected":false},"excerpt":{"rendered":"<p>Recorremos el mapa de Espa\u00f1a a trav\u00e9s de 19 ficciones cuyas historias est\u00e1n ligadas a cada uno de sus territorios Series &#8211; Las 10 series de la semana descubren &#8216;El secreto&#8217; de &#8216;Las hijas de la criada&#8217; y viven un &#8216;Mal de amores&#8217; con &#8216;The Gentlemen&#8217; Adem\u00e1s &#8211; &#8216;La Revuelta&#8217; cierra su equipo de colaboradores [&hellip;]<\/p>\n","protected":false},"author":1,"featured_media":0,"comment_status":"closed","ping_status":"open","sticky":false,"template":"","format":"standard","meta":{"_et_pb_use_builder":"","_et_pb_old_content":"","_et_gb_content_width":"","footnotes":""},"categories":[6],"tags":[],"class_list":["post-216309","post","type-post","status-publish","format-standard","hentry","category-tv"],"_links":{"self":[{"href":"https:\/\/otraronda.xyz\/rock\/wp-json\/wp\/v2\/posts\/216309","targetHints":{"allow":["GET"]}}],"collection":[{"href":"https:\/\/otraronda.xyz\/rock\/wp-json\/wp\/v2\/posts"}],"about":[{"href":"https:\/\/otraronda.xyz\/rock\/wp-json\/wp\/v2\/types\/post"}],"author":[{"embeddable":true,"href":"https:\/\/otraronda.xyz\/rock\/wp-json\/wp\/v2\/users\/1"}],"replies":[{"embeddable":true,"href":"https:\/\/otraronda.xyz\/rock\/wp-json\/wp\/v2\/comments?post=216309"}],"version-history":[{"count":0,"href":"https:\/\/otraronda.xyz\/rock\/wp-json\/wp\/v2\/posts\/216309\/revisions"}],"wp:attachment":[{"href":"https:\/\/otraronda.xyz\/rock\/wp-json\/wp\/v2\/media?parent=216309"}],"wp:term":[{"taxonomy":"category","embeddable":true,"href":"https:\/\/otraronda.xyz\/rock\/wp-json\/wp\/v2\/categories?post=216309"},{"taxonomy":"post_tag","embeddable":true,"href":"https:\/\/otraronda.xyz\/rock\/wp-json\/wp\/v2\/tags?post=216309"}],"curies":[{"name":"wp","href":"https:\/\/api.w.org\/{rel}","templated":true}]}}