{"id":216263,"date":"2026-09-05T00:04:19","date_gmt":"2026-09-04T22:04:19","guid":{"rendered":"https:\/\/otraronda.xyz\/rock\/amazon-cancela-spider-noir-tras-su-fantastica-primera-temporada-dejando-claro-que-de-nada-sirve-ser-una-de-las-mejores-series-del-ano\/"},"modified":"2026-09-05T00:04:19","modified_gmt":"2026-09-04T22:04:19","slug":"amazon-cancela-spider-noir-tras-su-fantastica-primera-temporada-dejando-claro-que-de-nada-sirve-ser-una-de-las-mejores-series-del-ano","status":"publish","type":"post","link":"https:\/\/otraronda.xyz\/rock\/amazon-cancela-spider-noir-tras-su-fantastica-primera-temporada-dejando-claro-que-de-nada-sirve-ser-una-de-las-mejores-series-del-ano\/","title":{"rendered":"Amazon cancela &#8216;Spider-Noir&#8217; tras su fant\u00e1stica primera temporada, dejando claro que de nada sirve ser una de las mejores series del a\u00f1o"},"content":{"rendered":"<div>\n<p>\n     <img decoding=\"async\" src=\"https:\/\/i.blogs.es\/fc14a5\/spider-noir-el-excesivo-metodo-interpretativo-de-nicolas-cage-no-es-lo-unico-mega-en-esta-serie-cultura\/1024_2000.jpeg\" alt=\"Amazon cancela 'Spider-Noir' tras su fant\u00e1stica primera temporada, dejando claro que de nada sirve ser una de las mejores series del a\u00f1o\">\n    <\/p>\n<p>No me cansar\u00e9 de decirlo: no podemos tener cosas bonitas, y la gente de Amazon Prime Video nos lo acaba de recordar una vez m\u00e1s tras pegar un hachazo inesperado a una de sus series m\u00e1s s\u00f3lidas de este curso televisivo 2026. Y es que, seg\u00fan acaba de confirmar <a rel=\"noopener, noreferrer\" href=\"https:\/\/variety.com\/2026\/tv\/news\/spider-noir-canceled-amazon-prime-video-1236852049\/\">Variety<\/a>, la compa\u00f1\u00eda <strong>acaba de cancelar la m\u00e1s que recomendable &#8216;Spider-Noir&#8217; tras una primera temporada de ocho episodios<\/strong> que, sin duda, se nos termin\u00f3 quedando corta.\u00a0<\/p>\n<p><!-- BREAK 1 --><\/p>\n<h2>Spider-No<s>ir<\/s><\/h2>\n<div class=\"article-asset-video article-asset-normal\">\n<div class=\"asset-content\">\n<div class=\"base-asset-video\">\n<div class=\"js-dailymotion\">\n    <script type=\"application\/json\">\n                          {\"videoId\":\"xa7b9oi\",\"autoplay\":true,\"title\":\"Spider-Noir - Tr\u00e1iler de la serie con Nicolas Cage\", \"tag\":\"\", \"duration\":\"139\"}\n                  <\/script>\n   <\/div>\n<\/p><\/div>\n<\/p><\/div>\n<\/div>\n<p>Hay que reconocer que, aunque una buena parte de las cancelaciones que suelen anunciarse cada a\u00f1o tienen cierto punto de sentido, el caso que nos ocupa nos ha cogido particularmente desapercibidos. Los motivos son varios, partiendo por <strong>el notable acabado del <\/strong><strong><em>show<\/em><\/strong><strong> protagonizado por Nicolas Cage<\/strong>, tanto en la parte narrativa como, especialmente, en lo que respecta a un acabado audiovisual tan original como por encima de la media.<\/p>\n<p><!-- BREAK 2 --><\/p>\n<p>No obstante, hay dos factores que invitan a arquear la ceja frente a la funesta noticia, comenzando por la buena recepci\u00f3n de p\u00fablico y cr\u00edtica de la serie \u2014con un 92 % de rese\u00f1as positivas en Rotten Tomatoes por parte de la cr\u00edtica profesional y un 90 % por parte del p\u00fablico\u2014 y continuando por <a href=\"https:\/\/www.espinof.com\/premios-emmy\/paradoja-spider-noir-emmys-2026-septima-serie-nominada-no-veremos-gala\">su espectacular desempe\u00f1o en las nominaciones a los Premios Emmy<\/a>, donde <strong>ha barrido a la competencia directa de su propia plataforma<\/strong>.<\/p>\n<p><!-- BREAK 3 --><\/p>\n<div class=\"article-asset article-asset-normal article-asset-center\">\n<div class=\"desvio-container\">\n<div class=\"desvio\">\n<div class=\"desvio-figure js-desvio-figure\">\n    <a href=\"https:\/\/www.espinof.com\/trailers\/nueva-pelicula-belica-nicolas-cage-desato-demanda-105-millones-dolares-esta-aqui-primer-trailer-fortitude\" class=\"pivot-outboundlink\" data-vars-post-title=\"La nueva pel\u00edcula b\u00e9lica de Nicolas Cage desat\u00f3 una demanda de 105 millones de d\u00f3lares. Ya est\u00e1 aqu\u00ed el primer tr\u00e1iler de 'Fortitude'\"><br \/>\n     <img loading=\"lazy\" decoding=\"async\" alt=\"La nueva pel\u00edcula b\u00e9lica de Nicolas Cage desat\u00f3 una demanda de 105 millones de d\u00f3lares. Ya est\u00e1 aqu\u00ed el primer tr\u00e1iler de 'Fortitude'\" width=\"375\" height=\"142\" src=\"https:\/\/i.blogs.es\/86d13a\/captura-de-pantalla-2026-09-03-a-las-10.08.57\/375_142.jpeg\"><br \/>\n    <\/a>\n   <\/div>\n<div class=\"desvio-summary\">\n<div class=\"desvio-taxonomy js-desvio-taxonomy\">\n     <a href=\"https:\/\/www.espinof.com\/trailers\/nueva-pelicula-belica-nicolas-cage-desato-demanda-105-millones-dolares-esta-aqui-primer-trailer-fortitude\" class=\"desvio-taxonomy-anchor pivot-outboundlink\" data-vars-post-title=\"La nueva pel\u00edcula b\u00e9lica de Nicolas Cage desat\u00f3 una demanda de 105 millones de d\u00f3lares. Ya est\u00e1 aqu\u00ed el primer tr\u00e1iler de 'Fortitude'\">En Espinof<\/a>\n    <\/div>\n<p>    <a href=\"https:\/\/www.espinof.com\/trailers\/nueva-pelicula-belica-nicolas-cage-desato-demanda-105-millones-dolares-esta-aqui-primer-trailer-fortitude\" class=\"desvio-title js-desvio-title pivot-outboundlink\" data-vars-post-title=\"La nueva pel\u00edcula b\u00e9lica de Nicolas Cage desat\u00f3 una demanda de 105 millones de d\u00f3lares. Ya est\u00e1 aqu\u00ed el primer tr\u00e1iler de 'Fortitude'\">La nueva pel\u00edcula b\u00e9lica de Nicolas Cage desat\u00f3 una demanda de 105 millones de d\u00f3lares. Ya est\u00e1 aqu\u00ed el primer tr\u00e1iler de &#8216;Fortitude&#8217;<\/a>\n   <\/div>\n<\/p><\/div>\n<\/p><\/div>\n<\/div>\n<p><a href=\"https:\/\/www.espinof.com\/criticas\/spider-noir-mejores-series-ano-nicolas-cage-vuelve-a-demostrar-que-actor-sencillamente-irrepetible\">&#8216;Spider-Noir&#8217;<\/a> cerr\u00f3 el anuncio de candidaturas como la producci\u00f3n de Amazon Prime Video con m\u00e1s menciones y como la s\u00e9ptima m\u00e1s nominada de la ceremonia de entrega de premios con 1<strong>1 nominaciones<\/strong>, todas ellas en categor\u00edas t\u00e9cnicas, incluyendo las categor\u00edas de dise\u00f1o de producci\u00f3n, edici\u00f3n y mezcla de sonido, efectos visuales y, por supuesto, direcci\u00f3n de fotograf\u00eda.\u00a0<\/p>\n<p><!-- BREAK 4 --><\/p>\n<p>Este mismo fin de semana sabremos si &#8216;Spider-Noir&#8217; muere matando y se despide de la parrilla televisiva con una \u00fanica tanda de episodios que vale su peso en Emmys. Esperemos que la producci\u00f3n de Oren Uziel y Steve Lightfoot tenga un buen pu\u00f1ado de recompensas m\u00e1s que merecidas y a la altura de <strong>uno de los mejores t\u00edtulos del Spider-Verso estrenados hasta la fecha<\/strong>.<\/p>\n<p><!-- BREAK 5 --><\/p>\n<p><em>Si quieres una raci\u00f3n semanal de informaci\u00f3n y otras cosas relacionadas con el mundo del cine, date una vuelta por nuestra Newsletter,<\/em><em>\u00a0<\/em><a href=\"https:\/\/www.espinof.com\/espinof\/llega-espinofrenia-newsletter-gratuita-espinof-opiniones-tapujos-mejor-semana-horribles-juegos-palabras-marca-casa\"><em>Espinofrenia<\/em><\/a><em>.<\/em><\/p>\n<p>En Espinof |\u00a0<a href=\"https:\/\/www.espinof.com\/divulgacion\/spider-noir-ha-llegado-ano-tarde-culpa-su-version-color-sets-estaban-pintados-verde-rosa-marron\" target=\"_blank\">&#8216;Spider-Noir&#8217; ha llegado un a\u00f1o tarde por culpa de su versi\u00f3n en color. \u00abLos sets estaban pintados de verde, rosa y marr\u00f3n\u00bb<\/a><\/p>\n<p>En Espinof |\u00a0<a href=\"https:\/\/www.espinof.com\/listas\/mejores-series-amazon-prime-video-2026\">Las mejores series en Amazon Prime Video de 2026<\/a><\/p>\n<p> &#8211; <br \/> La noticia<br \/>\n      <a href=\"https:\/\/www.espinof.com\/series-de-ficcion\/amazon-cancela-spider-noir-su-fantastica-primera-temporada-dejando-claro-que-nada-sirve-ser-mejores-series-ano?utm_source=feedburner&amp;utm_medium=feed&amp;utm_campaign=05_Sep_2026\"><br \/>\n       <em> Amazon cancela &#8216;Spider-Noir&#8217; tras su fant\u00e1stica primera temporada, dejando claro que de nada sirve ser una de las mejores series del a\u00f1o <\/em><br \/>\n      <\/a><br \/>\n      fue publicada originalmente en<br \/>\n      <a href=\"https:\/\/www.espinof.com\/?utm_source=feedburner&amp;utm_medium=feed&amp;utm_campaign=05_Sep_2026\"><br \/>\n       <strong> Espinof <\/strong><br \/>\n      <\/a><br \/>\n             por<br \/>\n               <a href=\"https:\/\/www.espinof.com\/autor\/victor-lopez?utm_source=feedburner&amp;utm_medium=feed&amp;utm_campaign=05_Sep_2026\"><br \/>\n        V\u00edctor L\u00f3pez G.<br \/>\n        <\/a><br \/>\n             . <\/p>\n<\/div>\n","protected":false},"excerpt":{"rendered":"<p>No me cansar\u00e9 de decirlo: no podemos tener cosas bonitas, y la gente de Amazon Prime Video nos lo acaba de recordar una vez m\u00e1s tras pegar un hachazo inesperado a una de sus series m\u00e1s s\u00f3lidas de este curso televisivo 2026. Y es que, seg\u00fan acaba de confirmar Variety, la compa\u00f1\u00eda acaba de cancelar [&hellip;]<\/p>\n","protected":false},"author":1,"featured_media":0,"comment_status":"closed","ping_status":"open","sticky":false,"template":"","format":"standard","meta":{"_et_pb_use_builder":"","_et_pb_old_content":"","_et_gb_content_width":"","footnotes":""},"categories":[6],"tags":[],"class_list":["post-216263","post","type-post","status-publish","format-standard","hentry","category-tv"],"_links":{"self":[{"href":"https:\/\/otraronda.xyz\/rock\/wp-json\/wp\/v2\/posts\/216263","targetHints":{"allow":["GET"]}}],"collection":[{"href":"https:\/\/otraronda.xyz\/rock\/wp-json\/wp\/v2\/posts"}],"about":[{"href":"https:\/\/otraronda.xyz\/rock\/wp-json\/wp\/v2\/types\/post"}],"author":[{"embeddable":true,"href":"https:\/\/otraronda.xyz\/rock\/wp-json\/wp\/v2\/users\/1"}],"replies":[{"embeddable":true,"href":"https:\/\/otraronda.xyz\/rock\/wp-json\/wp\/v2\/comments?post=216263"}],"version-history":[{"count":0,"href":"https:\/\/otraronda.xyz\/rock\/wp-json\/wp\/v2\/posts\/216263\/revisions"}],"wp:attachment":[{"href":"https:\/\/otraronda.xyz\/rock\/wp-json\/wp\/v2\/media?parent=216263"}],"wp:term":[{"taxonomy":"category","embeddable":true,"href":"https:\/\/otraronda.xyz\/rock\/wp-json\/wp\/v2\/categories?post=216263"},{"taxonomy":"post_tag","embeddable":true,"href":"https:\/\/otraronda.xyz\/rock\/wp-json\/wp\/v2\/tags?post=216263"}],"curies":[{"name":"wp","href":"https:\/\/api.w.org\/{rel}","templated":true}]}}