{"id":216254,"date":"2026-09-04T07:33:00","date_gmt":"2026-09-04T05:33:00","guid":{"rendered":"https:\/\/otraronda.xyz\/rock\/jon-bon-jovi-mataria-a-mi-madre-por-el-rock-and-roll\/"},"modified":"2026-09-04T07:33:00","modified_gmt":"2026-09-04T05:33:00","slug":"jon-bon-jovi-mataria-a-mi-madre-por-el-rock-and-roll","status":"publish","type":"post","link":"https:\/\/otraronda.xyz\/rock\/jon-bon-jovi-mataria-a-mi-madre-por-el-rock-and-roll\/","title":{"rendered":"Jon Bon Jovi: \u00abMatar\u00eda a mi madre por el Rock and Roll\u00bb"},"content":{"rendered":"<div>\n<p><img width=\"315\" height=\"448\" src=\"https:\/\/losmejoresrock.com\/wp-content\/uploads\/2016\/07\/LM-n%C2%BA23-Verano.96-little-2.jpg\" class=\"attachment-post-thumbnail size-post-thumbnail wp-post-image\" alt=\"\" decoding=\"async\" loading=\"lazy\" srcset=\"https:\/\/i0.wp.com\/losmejoresrock.com\/wp-content\/uploads\/2016\/07\/LM-n%C2%BA23-Verano.96-little-2.jpg?w=315&amp;ssl=1 315w, https:\/\/i0.wp.com\/losmejoresrock.com\/wp-content\/uploads\/2016\/07\/LM-n%C2%BA23-Verano.96-little-2.jpg?resize=211%2C300&amp;ssl=1 211w\" sizes=\"auto, (max-width: 315px) 100vw, 315px\" data-attachment-id=\"1594\" data-permalink=\"https:\/\/losmejoresrock.com\/hace-20-anos-en-losmejores-the-natal-pride-elyte-knell-odyssey-babylon-boys\/lm-no23-verano-96-little-3\/\" data-orig-file=\"https:\/\/i0.wp.com\/losmejoresrock.com\/wp-content\/uploads\/2016\/07\/LM-n%C2%BA23-Verano.96-little-2.jpg?fit=315%2C448&amp;ssl=1\" data-orig-size=\"315,448\" data-comments-opened=\"1\" data-image-meta='{\"aperture\":\"0\",\"credit\":\"\",\"camera\":\"Canon MG3500 series Network\",\"caption\":\"\",\"created_timestamp\":\"\",\"copyright\":\"\",\"focal_length\":\"0\",\"iso\":\"0\",\"shutter_speed\":\"0\",\"title\":\"\",\"orientation\":\"1\"}' data-image-title=\"L+M n\u00ba23 Verano.96 &amp;#8211; little\" data-image-description=\"\" data-image-caption=\"\" data-large-file=\"https:\/\/i0.wp.com\/losmejoresrock.com\/wp-content\/uploads\/2016\/07\/LM-n%C2%BA23-Verano.96-little-2.jpg?fit=315%2C448&amp;ssl=1\"><\/p>\n<p class=\"wp-block-paragraph\">Al \u2018n\u00famero 23\u2019 de nuestra publicaci\u00f3n <a href=\"http:\/\/losmejoresrock.com\/\" target=\"_blank\" rel=\"noopener\"><strong>Los+Mejores Rock Magazine<\/strong><\/a>, todav\u00eda en formato de <em>fanzine<\/em> y lanzado a finales de junio de 1996, le pusimos como fecha \u2018verano 96\u2019, o sea tuvo vigencia durante julio y agosto. El ejemplar ten\u00eda tama\u00f1o de cuartilla y as\u00ed <a href=\"https:\/\/www.instagram.com\/losmejoresrock\/\" target=\"_blank\" rel=\"noopener\"><strong>Los+Mejores<\/strong><\/a> era algo f\u00e1cil de llevar y manejar, una revista de bolsillo. La cubierta y contraportada las imprim\u00edamos a color y las p\u00e1ginas interiores en blanco y negro.<\/p>\n<p class=\"wp-block-paragraph\">En esta ocasi\u00f3n la imagen principal de portada la ocup\u00f3 <strong>Bon Jovi<\/strong>. <strong><\/strong>El grupo de Nueva Jersey hab\u00eda actuado en el estadio Vicente Calder\u00f3n de Madrid el 1 de junio de 1996. Como era costumbre, los conciertos a los que asist\u00edamos mandaban en nuestros contenidos y en lo que mostr\u00e1bamos en primera p\u00e1gina. \u00a0<\/p>\n<hr class=\"wp-block-separator has-alpha-channel-opacity\">\n<p class=\"has-medium-font-size wp-block-paragraph\">En el \u2018n\u00famero 23\u2019 de nuestro <em>fanzine<\/em> <strong>Los+Mejores<\/strong> tambi\u00e9n plasmamos una serie de comentarios que hicieron los <em>rockeros<\/em> famosos en aquellos momentos y que le\u00eddos hoy quiz\u00e1 resulten chocantes, curiosos, anecd\u00f3ticos\u2026<\/p>\n<p class=\"wp-block-paragraph\"><strong>Jon Bon Jovi <\/strong>-cantante-<\/p>\n<p class=\"wp-block-paragraph\">\u201cMis hijos son tan peque\u00f1os que no quiero perderme ni un segundo de su existencia. No quiero volver a hacer 240 conciertos al a\u00f1o\u201d.<\/p>\n<p class=\"wp-block-paragraph\"><em>En aquel momento, Jon ten\u00eda dos hijos: Stephanie Rose Bongiovi de tres a\u00f1os y Jesse James Louis Bongiovi (un a\u00f1o). Luego tuvo dos varones m\u00e1s: Jacob Hurley \u2014mayo de 2002- y Romeo Jon -marzo de 2004-. Jacob, el tercero, al que llaman Jake, est\u00e1 casado con la actriz <a href=\"https:\/\/www.filmaffinity.com\/es\/name.php?name-id=399540872\" target=\"_blank\" rel=\"noopener\">Millie Bobby Brown<\/a> (\u00abStranger things\u00bb).<\/em><\/p>\n<figure class=\"wp-block-embed is-type-video is-provider-youtube wp-block-embed-youtube wp-embed-aspect-16-9 wp-has-aspect-ratio\">\n<div class=\"wp-block-embed__wrapper\">\n<iframe loading=\"lazy\" class=\"youtube-player\" width=\"1140\" height=\"642\" src=\"https:\/\/www.youtube.com\/embed\/7kkixAb6LBU?version=3&amp;rel=1&amp;showsearch=0&amp;showinfo=1&amp;iv_load_policy=1&amp;fs=1&amp;hl=es-ES&amp;autohide=2&amp;start=649&amp;wmode=transparent\" allowfullscreen=\"true\" style=\"border:0;\" sandbox=\"allow-scripts allow-same-origin allow-popups allow-presentation allow-popups-to-escape-sandbox\"><\/iframe>\n<\/div>\n<\/figure>\n<hr class=\"wp-block-separator has-alpha-channel-opacity\">\n<p class=\"has-medium-font-size wp-block-paragraph\">Tambi\u00e9n recog\u00edamos algunos comentarios de a\u00f1os anteriores porque, en ocasiones, los m\u00fasicos se contradec\u00edan, podr\u00edan sonrojarse por lo dicho previamente\u2026<\/p>\n<p class=\"wp-block-paragraph\"><strong>Richie Sambora<\/strong> -guitarrista- en 1989<\/p>\n<p class=\"wp-block-paragraph\"><em>Sobre los primeros d\u00edas del grupo Bon Jovi<\/em>: \u201cCog\u00edamos una puta furgoneta, un cami\u00f3n para nuestros trastos y ni siquiera sab\u00edamos d\u00f3nde co\u00f1o \u00edbamos, tan solo que sal\u00edamos de Nueva Jersey y Nueva York\u2026 \u00cdbamos a un garito y le entr\u00e1bamos a todo el mundo diciendo: \u2018Somos Bon Jovi y nos gustar\u00eda tocar, no tienes que pagarnos, simplemente d\u00e9janos tocar\u2019. Luego dorm\u00edamos en moteles de mala muerte\u201d.<\/p>\n<hr class=\"wp-block-separator has-alpha-channel-opacity\">\n<p class=\"wp-block-paragraph\"><strong>Jon Bon Jovi<\/strong> -cantante- en 1987<\/p>\n<p class=\"wp-block-paragraph\">\u201cQuiero a mi familia profundamente, por supuesto, pero matar\u00eda a mi madre por el <em>rock and roll<\/em>\u201d.<\/p>\n<p class=\"wp-block-paragraph\">\u201cVivo en un desordenado apartamento de una sola habitaci\u00f3n en la costa de Nueva Jersey. Me gusta mucho. Tengo que aceptarlo, no soy tan hogare\u00f1o como para preocuparme por ese tema\u201d.<\/p>\n<p class=\"wp-block-paragraph\"><strong>Jon Bon Jovi<\/strong> en 1995:<\/p>\n<p class=\"wp-block-paragraph\">\u201cLlevamos ocho a\u00f1os viajando en nuestro avi\u00f3n privado y nunca volver\u00e9 a hacerlo en un autocar. Si me ves de nuevo en un bus, eso significar\u00e1 que Bon Jovi (el grupo) se ha acabado\u201d.<\/p>\n<figure class=\"wp-block-embed is-type-video is-provider-youtube wp-block-embed-youtube wp-embed-aspect-16-9 wp-has-aspect-ratio\">\n<div class=\"wp-block-embed__wrapper\">\n<iframe loading=\"lazy\" class=\"youtube-player\" width=\"1140\" height=\"642\" src=\"https:\/\/www.youtube.com\/embed\/nhyTmViOFT0?version=3&amp;rel=1&amp;showsearch=0&amp;showinfo=1&amp;iv_load_policy=1&amp;fs=1&amp;hl=es-ES&amp;autohide=2&amp;wmode=transparent\" allowfullscreen=\"true\" style=\"border:0;\" sandbox=\"allow-scripts allow-same-origin allow-popups allow-presentation allow-popups-to-escape-sandbox\"><\/iframe>\n<\/div>\n<\/figure>\n<p class=\"wp-block-paragraph\">\n<\/div>\n","protected":false},"excerpt":{"rendered":"<p>Al \u2018n\u00famero 23\u2019 de nuestra publicaci\u00f3n Los+Mejores Rock Magazine, todav\u00eda en formato de fanzine y lanzado a finales de junio de 1996, le pusimos como fecha \u2018verano 96\u2019, o sea tuvo vigencia durante julio y agosto. El ejemplar ten\u00eda tama\u00f1o de cuartilla y as\u00ed Los+Mejores era algo f\u00e1cil de llevar y manejar, una revista de [&hellip;]<\/p>\n","protected":false},"author":1,"featured_media":0,"comment_status":"closed","ping_status":"open","sticky":false,"template":"","format":"standard","meta":{"_et_pb_use_builder":"","_et_pb_old_content":"","_et_gb_content_width":"","footnotes":""},"categories":[2],"tags":[],"class_list":["post-216254","post","type-post","status-publish","format-standard","hentry","category-musica-noticias"],"_links":{"self":[{"href":"https:\/\/otraronda.xyz\/rock\/wp-json\/wp\/v2\/posts\/216254","targetHints":{"allow":["GET"]}}],"collection":[{"href":"https:\/\/otraronda.xyz\/rock\/wp-json\/wp\/v2\/posts"}],"about":[{"href":"https:\/\/otraronda.xyz\/rock\/wp-json\/wp\/v2\/types\/post"}],"author":[{"embeddable":true,"href":"https:\/\/otraronda.xyz\/rock\/wp-json\/wp\/v2\/users\/1"}],"replies":[{"embeddable":true,"href":"https:\/\/otraronda.xyz\/rock\/wp-json\/wp\/v2\/comments?post=216254"}],"version-history":[{"count":0,"href":"https:\/\/otraronda.xyz\/rock\/wp-json\/wp\/v2\/posts\/216254\/revisions"}],"wp:attachment":[{"href":"https:\/\/otraronda.xyz\/rock\/wp-json\/wp\/v2\/media?parent=216254"}],"wp:term":[{"taxonomy":"category","embeddable":true,"href":"https:\/\/otraronda.xyz\/rock\/wp-json\/wp\/v2\/categories?post=216254"},{"taxonomy":"post_tag","embeddable":true,"href":"https:\/\/otraronda.xyz\/rock\/wp-json\/wp\/v2\/tags?post=216254"}],"curies":[{"name":"wp","href":"https:\/\/api.w.org\/{rel}","templated":true}]}}