{"id":216213,"date":"2026-09-04T11:31:53","date_gmt":"2026-09-04T09:31:53","guid":{"rendered":"https:\/\/otraronda.xyz\/rock\/hondo-fest-llega-a-madrid\/"},"modified":"2026-09-04T11:31:53","modified_gmt":"2026-09-04T09:31:53","slug":"hondo-fest-llega-a-madrid","status":"publish","type":"post","link":"https:\/\/otraronda.xyz\/rock\/hondo-fest-llega-a-madrid\/","title":{"rendered":"HONDO Fest llega a Madrid"},"content":{"rendered":"<div>\n<p><img fetchpriority=\"high\" decoding=\"async\" class=\"alignnone size-full wp-image-359771\" src=\"https:\/\/es.todoindie.com\/wp-content\/uploads\/2026\/09\/HONDO-Fest-llega-a-Madrid-1.webp\" alt=\"HONDO Fest llega a Madrid\" width=\"1350\" height=\"800\" title=\"HONDO Fest llega a Madrid 2\" srcset=\"https:\/\/es.todoindie.com\/wp-content\/uploads\/2026\/09\/HONDO-Fest-llega-a-Madrid-1.webp 1350w, https:\/\/es.todoindie.com\/wp-content\/uploads\/2026\/09\/HONDO-Fest-llega-a-Madrid-1-800x474.webp 800w, https:\/\/es.todoindie.com\/wp-content\/uploads\/2026\/09\/HONDO-Fest-llega-a-Madrid-1-1160x687.webp 1160w, https:\/\/es.todoindie.com\/wp-content\/uploads\/2026\/09\/HONDO-Fest-llega-a-Madrid-1-320x190.webp 320w, https:\/\/es.todoindie.com\/wp-content\/uploads\/2026\/09\/HONDO-Fest-llega-a-Madrid-1-560x332.webp 560w\" sizes=\"(max-width: 1350px) 100vw, 1350px\"><\/p>\n<h2 id=\"hondo-el-camino-de-vuelta-a-madrid\">HONDO: el camino de vuelta a Madrid<\/h2>\n<p>Hay carreteras que no se recorren hacia delante, sino hacia dentro. La imagen que anuncia <strong>HONDO Fest<\/strong> \u2014un coche descapotable de espaldas, dos siluetas mirando un cielo cuajado de estrellas, las luces de la ciudad difumin\u00e1ndose en el retrovisor\u2014 podr\u00eda ser el cartel de una road movie cualquiera. Pero el nombre ya avisa de que el trayecto no es horizontal: es un descenso. Un festival que promete llevarnos hondo, adentro, a la ra\u00edz.<\/p>\n<p><strong>El 17 de septiembre de 2026<\/strong>, <strong>The Music Station Pr\u00edncipe P\u00edo<\/strong> se convierte en la parada de ese viaje. Y no es casualidad que el lugar elegido sea una antigua estaci\u00f3n: HONDO tambi\u00e9n habla de partidas y de llegadas, de lo que se deja atr\u00e1s para reencontrarse con algo m\u00e1s verdadero.<br \/>\nUn mapa de voces, no un cartel de nombres<\/p>\n<p><strong>Leer el line-up de HONDO es como leer un \u00e1rbol geneal\u00f3gico del flamenco contempor\u00e1neo.<\/strong><\/p>\n<p><strong>Remedios Amaya y Kiki Morente<\/strong> sostienen la memoria; <strong>Sole\u00e1 Morente, Nani Cort\u00e9s, Pastora Galv\u00e1n y Samara Amaya<\/strong> la contin\u00faan; <strong>Tomasito, Chanela Clicka, Lin Cort\u00e9s, El Madriles, Curro Carrasco (Navajita Platea), La Junquerita, Junquera Fern\u00e1ndez, An\u00e9 Carrasco, Maloko Soto, Paco Vega y Joselete Musho Gitano<\/strong> la empujan hacia delante, hacia lugares que el flamenco a\u00fan no ha nombrado del todo.<\/p>\n<p>No es un cartel pensado para llenar un aforo: es una conversaci\u00f3n entre generaciones que comparten el mismo comp\u00e1s pero no el mismo acento. HONDO no programa nostalgia ni programa moda. Programa linaje.<\/p>\n<p><strong>Madrid, escenario y ciudad a la vez<\/strong><\/p>\n<p>Warner Music, The Music Station Pr\u00edncipe P\u00edo y Alhambra sostienen la estructura del festival, con Jaleo como partner ben\u00e9fico. Pero el coraz\u00f3n \u2014el motivo por el que este viaje merece hacerse\u2014 est\u00e1 en su compromiso con la Fundaci\u00f3n Contigo, en la lucha contra el c\u00e1ncer de mujer.<\/p>\n<p>HONDO no separa la fiesta de la causa: las hace viajar en el mismo coche.<br \/>\nY ese gesto conecta con algo que su cofundadora y directora, Soraya Cadalso Ruiz, define con una precisi\u00f3n que solo da la experiencia de haber conducido el proyecto desde cero:<\/p>\n<p><em>\u00abHa sido complicado, hermoso y completamente necesario. Como casi todo lo que merece la pena.\u00bb<\/em><\/p>\n<p>Complicado, porque construir algo hondo nunca es construir algo f\u00e1cil. Hermoso, porque el resultado \u2014un cartel que cruza a Remedios Amaya con Chanela Clicka, la tradici\u00f3n con la disidencia\u2014 ten\u00eda que serlo. Y necesario, porque Madrid llevaba tiempo esperando un festival que no tratara el flamenco como folclore de escaparate, sino como un lenguaje vivo que sigue mutando.<\/p>\n<p>Cadalso Ruiz remata la idea con una frase que podr\u00eda ser el eslogan silencioso del festival:<\/p>\n<p><em>\u00abMadrid era nuestra ciudad antes de ser el escenario de HONDO. Ahora es las dos cosas.\u00bb<\/em><\/p>\n<p>Ah\u00ed est\u00e1, quiz\u00e1s, la clave de todo el proyecto: HONDO no llega a Madrid como quien monta un decorado ajeno a la ciudad. Llega como quien vuelve a casa con el maletero lleno de nombres propios, dispuesto a que la ciudad y el festival dejen de poder pensarse por separado.<\/p>\n<p><strong>La cita, ese 17 de septiembre<\/strong><\/p>\n<p>Cuando las luces de Pr\u00edncipe P\u00edo se enciendan esa noche, el viaje que empez\u00f3 en un cartel \u2014dos siluetas, un cielo estrellado, una carretera sin final visible\u2014 llegar\u00e1 a su destino. O quiz\u00e1s no: quiz\u00e1s HONDO, como todo lo hondo, no tiene final, solo profundidad.<br \/>\n\u00daltimas entradas disponibles en hondoexperience.com<\/p>\n<p><em>Redacci\u00f3n: Paola C\u00f3rcoles<\/em><\/p>\n<p>La entrada <a rel=\"nofollow\" href=\"https:\/\/es.todoindie.com\/hondo-fest-llega-a-madrid\/\">HONDO Fest llega a Madrid<\/a> se public\u00f3 primero en <a rel=\"nofollow\" href=\"https:\/\/es.todoindie.com\/\">Todoindie<\/a>.<\/p>\n<\/div>\n","protected":false},"excerpt":{"rendered":"<p>HONDO: el camino de vuelta a Madrid Hay carreteras que no se recorren hacia delante, sino hacia dentro. La imagen que anuncia HONDO Fest \u2014un coche descapotable de espaldas, dos siluetas mirando un cielo cuajado de estrellas, las luces de la ciudad difumin\u00e1ndose en el retrovisor\u2014 podr\u00eda ser el cartel de una road movie cualquiera. [&hellip;]<\/p>\n","protected":false},"author":1,"featured_media":0,"comment_status":"closed","ping_status":"closed","sticky":false,"template":"","format":"standard","meta":{"_et_pb_use_builder":"","_et_pb_old_content":"","_et_gb_content_width":"","footnotes":""},"categories":[2],"tags":[],"class_list":["post-216213","post","type-post","status-publish","format-standard","hentry","category-musica-noticias"],"_links":{"self":[{"href":"https:\/\/otraronda.xyz\/rock\/wp-json\/wp\/v2\/posts\/216213","targetHints":{"allow":["GET"]}}],"collection":[{"href":"https:\/\/otraronda.xyz\/rock\/wp-json\/wp\/v2\/posts"}],"about":[{"href":"https:\/\/otraronda.xyz\/rock\/wp-json\/wp\/v2\/types\/post"}],"author":[{"embeddable":true,"href":"https:\/\/otraronda.xyz\/rock\/wp-json\/wp\/v2\/users\/1"}],"replies":[{"embeddable":true,"href":"https:\/\/otraronda.xyz\/rock\/wp-json\/wp\/v2\/comments?post=216213"}],"version-history":[{"count":0,"href":"https:\/\/otraronda.xyz\/rock\/wp-json\/wp\/v2\/posts\/216213\/revisions"}],"wp:attachment":[{"href":"https:\/\/otraronda.xyz\/rock\/wp-json\/wp\/v2\/media?parent=216213"}],"wp:term":[{"taxonomy":"category","embeddable":true,"href":"https:\/\/otraronda.xyz\/rock\/wp-json\/wp\/v2\/categories?post=216213"},{"taxonomy":"post_tag","embeddable":true,"href":"https:\/\/otraronda.xyz\/rock\/wp-json\/wp\/v2\/tags?post=216213"}],"curies":[{"name":"wp","href":"https:\/\/api.w.org\/{rel}","templated":true}]}}