{"id":216179,"date":"2026-09-04T00:39:43","date_gmt":"2026-09-03T22:39:43","guid":{"rendered":"https:\/\/otraronda.xyz\/rock\/manu-sanchez-dedica-a-ceuta-el-regreso-de-el-perro-andaluz-a-rtve-y-critica-a-ana-rosa-e-iker-jimenez-mas-medios-si-pero-menos-buitres-tambien\/"},"modified":"2026-09-04T00:39:43","modified_gmt":"2026-09-03T22:39:43","slug":"manu-sanchez-dedica-a-ceuta-el-regreso-de-el-perro-andaluz-a-rtve-y-critica-a-ana-rosa-e-iker-jimenez-mas-medios-si-pero-menos-buitres-tambien","status":"publish","type":"post","link":"https:\/\/otraronda.xyz\/rock\/manu-sanchez-dedica-a-ceuta-el-regreso-de-el-perro-andaluz-a-rtve-y-critica-a-ana-rosa-e-iker-jimenez-mas-medios-si-pero-menos-buitres-tambien\/","title":{"rendered":"Manu S\u00e1nchez dedica a Ceuta el regreso de &#8216;El perro andaluz&#8217; a RTVE y critica a Ana Rosa e Iker Jim\u00e9nez: \u00abM\u00e1s medios s\u00ed, pero menos buitres tambi\u00e9n\u00bb"},"content":{"rendered":"<div>\n<p><img loading=\"lazy\" decoding=\"async\" src=\"https:\/\/static.eldiario.es\/clip\/211be692-ea70-40e2-8121-0613a7c871fd_16-9-discover-aspect-ratio_default_0.jpg\" width=\"1200\" height=\"675\" alt=\"Manu S\u00e1nchez dedica a Ceuta el regreso de 'El perro andaluz' a RTVE y critica a Ana Rosa e Iker Jim\u00e9nez: &quot;M\u00e1s medios s\u00ed, pero menos buitres tambi\u00e9n&quot;\"><\/p>\n<div class=\"subtitles\">\n<p class=\"subtitle\">&#8216;El perro andaluz&#8217; estren\u00f3 su segunda temporada en RTVE con un aplaudido mon\u00f3logo de Manu S\u00e1nchez sobre la crisis en Ceuta, criticando a los partidos que intentan \u00abbeneficiarse\u00bb, a los televisivos que van al \u00abolor a sangre\u00bb y a los \u00abpatriotas de pacotilla\u00bb que son perros falderos del enemigo<\/p>\n<p class=\"subtitle\">Declaraciones &#8211; Broncano habla de su futuro en RTVE: \u201cSeg\u00fan lo que pase en las elecciones, me podr\u00eda reemplazar Morante de la Puebla\u201d<\/p>\n<p class=\"subtitle\">Cr\u00f3nica &#8211; &#8216;La Mesa&#8217; se estrena en Antena 3 con Cristina Pardo \u201cnerviosa\u201d, debates sin gritos y un Alsina \u201creacio\u201d a la pol\u00edtica<\/p>\n<\/div>\n<p class=\"article-text\">\n        Este jueves, 3 de septiembre, <em><strong>El perro andaluz<\/strong><\/em> estren\u00f3 su segunda temporada en <strong>RTVE<\/strong>, aunque el propio <strong>Manu S\u00e1nchez<\/strong> asegur\u00f3 que en realidad estaba \u201cgrabando el mi\u00e9rcoles, porque hoy no quiero estar aqu\u00ed, sigo en Ceuta\u201d. Con esas palabras arranc\u00f3 su mon\u00f3logo dedicado a la <a href=\"https:\/\/www.eldiario.es\/politica\/ultima-hora-crisis-ceuta-actualidad-politica-directo_6_13481026.html\" target=\"_blank\" data-mrf-recirculation=\"links-noticia\" class=\"link\">crisis humanitaria<\/a> que estall\u00f3 el pasado mes de julio.\n    <\/p>\n<p class=\"article-text\">\n        Adem\u00e1s, el primer programa cont\u00f3 con los dos invitados que hab\u00eda anunciado: el cantautor <strong>Anto\u00f1ito Molina <\/strong>y el actor <strong>Miguel Rell\u00e1n<\/strong>. Este \u00faltimo sum\u00f3 a la charla a Mar\u00eda Galiana, que contin\u00faa como colaboradora del formato con su secci\u00f3n &#8216;Palabras mayores&#8217;. Igual que tambi\u00e9n apareci\u00f3 de nuevo <strong>Carmen Fuentes <\/strong>buceando en el <strong>Archivo de RTVE<\/strong>.\n    <\/p>\n<p class=\"article-text\">\n        Tambi\u00e9n repite <strong>Gospel It<\/strong> como banda del programa y una de las novedades del curso es el fichaje de <strong>Antonio Reguera<\/strong> como nuevo colaborador.\n    <\/p>\n<blockquote class=\"twitter-tweet\" data-lang=\"es\"><p><a href=\"https:\/\/twitter.com\/X\/status\/2095643431141826618?ref_src=twsrc%5Etfw\"><\/a><\/p><\/blockquote>\n<p><script async src=\"https:\/\/platform.twitter.com\/widgets.js\" charset=\"utf-8\"><\/script><\/p>\n<h2 class=\"article-text\">El primer mon\u00f3logo de la temporada: \u201cHoy no estoy aqu\u00ed, sigo en Ceuta\u201d<\/h2>\n<p class=\"article-text\">\n        Manu S\u00e1nchez arranc\u00f3 la segunda temporada de <em>El perro andaluz<\/em> celebrando su regreso: <strong>\u201c\u00a1Hemos vuelto. Estamos aqu\u00ed!\u201d<\/strong>, repet\u00eda ante los aplausos del p\u00fablico y todo el abanico de formas de desear las \u201cbuenas noches\u201d que tenemos en los idiomas de Espa\u00f1a.\n    <\/p>\n<p class=\"article-text\">\n        Empez\u00f3 dedic\u00e1ndole unos versos a \u201cCeuta, mi ciudad querida, siempre noble y leal. Me van a perdonar, pero por mucho que este programa y esta ventana sean de lo mejorcito que me ha pasado nunca, <strong>hoy confieso que no quiero estar aqu\u00ed. <\/strong>Me gustar\u00eda seguir de vacaciones con mi familia y disfrutar de la singular perla del Mediterr\u00e1neo, pero no puede ser. Siempre me acogieron como un caballa m\u00e1s. As\u00ed que hoy esta va por ti, mi querid\u00edsima Ceuta\u201d.\n    <\/p>\n<p class=\"article-text\">\n        En la misma l\u00ednea que <a href=\"https:\/\/www.eldiario.es\/vertele\/noticias\/david-broncano-habla-futuro-la-revuelta-rtve-pase-elecciones-reemplazar-morante-puebla-pp-vox_1_13484130.html\" target=\"_blank\" data-mrf-recirculation=\"links-noticia\" class=\"link\">David Broncano confes\u00f3<\/a> en la presentaci\u00f3n de la actual temporada de RTVE, Manu tambi\u00e9n se\u00f1al\u00f3 que no sabe <strong>\u201ccu\u00e1nto me queda aqu\u00ed, ni siquiera me preocupa y es eso lo que me hace m\u00e1s libre y me da m\u00e1s fuerza\u201d<\/strong>. Para continuar lamentando la polarizaci\u00f3n actual: \u201c<strong>Otra vez toca elegir bando. Otra vez Guerra Civil.<\/strong> Otra vez obligados a separarnos sin necesidad. No se me ocurre mejor ocasi\u00f3n para <strong>pedir a nuestros pol\u00edticos que se pongan a trabajar<\/strong>, que no les toca a ellos ser los beneficiarios, deben olvidar la campa\u00f1a electoral eterna e ir todos a una, porque la cuesti\u00f3n es bien gorda\u201d.\n    <\/p>\n<blockquote class=\"twitter-tweet\" data-lang=\"es\"><p><a href=\"https:\/\/twitter.com\/X\/status\/2095623185400058182?ref_src=twsrc%5Etfw\"><\/a><\/p><\/blockquote>\n<p><script async src=\"https:\/\/platform.twitter.com\/widgets.js\" charset=\"utf-8\"><\/script><\/p>\n<p class=\"article-text\">\n        El presentador asegur\u00f3 empatizar <strong>\u201ccon cada caballa, con cada ceut\u00ed con miedo, y con cada inmigrante con miedo. <\/strong>El que dice que Ceuta es racista no ha pisado Ceuta en su puta vida. Es ejemplo de convivencia, pluralidad y coexistencia. Es abierta, generosa y acogedora, pero junto a Melilla es la \u00fanica frontera f\u00edsica de Europa con \u00c1frica y la m\u00e1s desigual del mundo entero. <strong>El problema es de todos, pero el problema est\u00e1 en Ceuta<\/strong> y no solo vale con ayudarles, tambi\u00e9n tiene que parecer que lo hacemos. Ceuta merece que adem\u00e1s de la situaci\u00f3n migratoria y econ\u00f3mica, <strong>se gestione el miedo de la poblaci\u00f3n como el m\u00e1s prioritario de los motivos. <\/strong>No es solo por lo que pasa, si no tambi\u00e9n por lo que pueda llegar a pasar. Estar\u00eda bien hacer lo posible por erradicar un miedo a un futuro incierto\u201d.\n    <\/p>\n<p class=\"article-text\">\n        Para continuar criticando duramente la gesti\u00f3n marroqu\u00ed: \u201cDesde el primer momento que se sabe que<strong> Marruecos lleva a\u00f1os con el control de la migraci\u00f3n como chantaje y negocio contra Espa\u00f1a y Europa<\/strong>. Y desde el primer momento que m\u00ednimo permite y facilita el tr\u00e1nsito de caminos cargados de persona con clara intenci\u00f3n de cruzar la frontera de forma ilegal y masiva, a miles, a cientos, a nado y muriendo\u201d.\n    <\/p>\n<p class=\"article-text\">\n        <strong>\u201cClaro que es una crisis migratoria\u201d <\/strong>a\u00f1adi\u00f3, para seguir explicando que<strong> \u201cde ella se han servido para presionar a Europa, avisar a Espa\u00f1a y hacer una demostraci\u00f3n de fuerza. <\/strong>Demostrar que como grandes amiguitos de los tiranos de Trump y Netanyahu son ellos los que controlan el tema y el mapa. No soy ning\u00fan experto en geopol\u00edtica mundial, pero tengo claro que estoy orgulloso de no estar en el lugar de la dictadura de Marruecos, la peligrosa y actual abusadora payasada de USA y del af\u00e1n genocida de Israel.<strong> \u00a1Patriotas de pacotilla no se puede estar de rodillas ah\u00ed y dar la cara en Ceuta pretendiendo que esa cara no se caiga de verg\u00fcenza!\u201d<\/strong>, sentenci\u00f3 Manu S\u00e1nchez.\n    <\/p>\n<p class=\"article-text\">\n        Seguidamente, se\u00f1al\u00f3 la importancia del lenguaje: \u201cLos de la &#8216;invasi\u00f3n&#8217; deber\u00edan aflojar porque que la invasi\u00f3n sea de pobres que necesitan agua y un bocadillo&#8230; mira que les gusta el lenguaje b\u00e9lico a algunos. <strong>Llevan meses evitando usar la palabra &#8216;genocidio&#8217; para Palestina y ahora tienen claro que esto es una &#8216;invasi\u00f3n&#8217; evidente porque 1000 pobres se han acostado en un parque y en los columpios<\/strong>. Entiendo el miedo y la incertidumbre, pero por mucho que asuste y afecte a la normalidad, no puede ser una invasi\u00f3n si los invasores solo quieren una manta y un caldito\u201d.\n    <\/p>\n<p class=\"article-text\">\n        Critic\u00f3 de nuevo a los pol\u00edticos: \u201cEsto no va de <strong>PSOE, PP, Sumar, Podemos, Restar, Vox ni ning\u00fan partido,<\/strong> hoy toca Ceuta, Ceuta, Ceuta. \u00bfNi siquiera la soberan\u00eda nacional merece que hag\u00e1is pi\u00f1a? Si crees que Marruecos est\u00e1 invadiendo tu pa\u00eds con la connivencia de Estados Unidos y la fiesta de Israel, \u00bflos c\u00e1nticos son &#8216;Pedro S\u00e1nchez hijo de puta&#8217;? Tus c\u00e1nticos delatan quien es para ti el aut\u00e9ntico enemigo, <strong>no te preocupa la invasi\u00f3n, quieres el poder que crees que es tuyo. <\/strong>Ceuta no se vende, pero algunos su patriotismo a Donald Trump bien barato que se lo alquilan\u201d.\n    <\/p>\n<p class=\"article-text\">\n        Para continuar apuntando de forma directa a algunos presentadores de televisi\u00f3n: \u201cHe visto a Ceuta desconvocar concentraciones y echar con honor y orgullo a la extrema derecha que ha querido ir a aprovechar la situaci\u00f3n y jugar a las guerritas. As\u00ed es Ceuta: clase y civismo. Piden m\u00e1s medios, pero se refer\u00edan a m\u00e1s soluciones y efectivos, no a que vaya <strong>Ana Rosa Quintana, Carmen Porter e Iker Jim\u00e9nez acudiendo al olor a sangre y a todo lo que sea amarillo. M\u00e1s medios s\u00ed, pero menos buitres tambi\u00e9n\u201d<\/strong>, subray\u00f3.\n    <\/p>\n<p class=\"article-text\">\n        Finalmente, S\u00e1nchez volvi\u00f3 al principio: \u201cHoy me van a perdonar, pero sigo en Ceuta aunque no entienda por qu\u00e9 el PP en 2014 vot\u00f3 en contra de alargar el espig\u00f3n, el PSOE siga diciendo que Marruecos no tenga nada que ver, Vox son perros falderos del enemigo, Pedro anuncie playlist de m\u00fasica en el momento menos oportuno y Aznar no fuera nunca a Ceuta como presidente y ahora como villano en la sombra aparezca paseando por all\u00ed. Fueron Zapatero y Su\u00e1rez\u201d, record\u00f3. Y acab\u00f3 con un: \u201cLo m\u00edo es meterme en charcos y dar la cara por mis caballas en ejercicio de amor, apoyo y andaluc\u00edsima diplomacia. \u00a1Viva Ceuta! <em><strong>El perro andaluz<\/strong><\/em><strong> ha vuelto\u201d. <\/strong>\n    <\/p>\n<\/div>\n","protected":false},"excerpt":{"rendered":"<p>&#8216;El perro andaluz&#8217; estren\u00f3 su segunda temporada en RTVE con un aplaudido mon\u00f3logo de Manu S\u00e1nchez sobre la crisis en Ceuta, criticando a los partidos que intentan \u00abbeneficiarse\u00bb, a los televisivos que van al \u00abolor a sangre\u00bb y a los \u00abpatriotas de pacotilla\u00bb que son perros falderos del enemigo Declaraciones &#8211; Broncano habla de su [&hellip;]<\/p>\n","protected":false},"author":1,"featured_media":0,"comment_status":"closed","ping_status":"open","sticky":false,"template":"","format":"standard","meta":{"_et_pb_use_builder":"","_et_pb_old_content":"","_et_gb_content_width":"","footnotes":""},"categories":[6],"tags":[],"class_list":["post-216179","post","type-post","status-publish","format-standard","hentry","category-tv"],"_links":{"self":[{"href":"https:\/\/otraronda.xyz\/rock\/wp-json\/wp\/v2\/posts\/216179","targetHints":{"allow":["GET"]}}],"collection":[{"href":"https:\/\/otraronda.xyz\/rock\/wp-json\/wp\/v2\/posts"}],"about":[{"href":"https:\/\/otraronda.xyz\/rock\/wp-json\/wp\/v2\/types\/post"}],"author":[{"embeddable":true,"href":"https:\/\/otraronda.xyz\/rock\/wp-json\/wp\/v2\/users\/1"}],"replies":[{"embeddable":true,"href":"https:\/\/otraronda.xyz\/rock\/wp-json\/wp\/v2\/comments?post=216179"}],"version-history":[{"count":0,"href":"https:\/\/otraronda.xyz\/rock\/wp-json\/wp\/v2\/posts\/216179\/revisions"}],"wp:attachment":[{"href":"https:\/\/otraronda.xyz\/rock\/wp-json\/wp\/v2\/media?parent=216179"}],"wp:term":[{"taxonomy":"category","embeddable":true,"href":"https:\/\/otraronda.xyz\/rock\/wp-json\/wp\/v2\/categories?post=216179"},{"taxonomy":"post_tag","embeddable":true,"href":"https:\/\/otraronda.xyz\/rock\/wp-json\/wp\/v2\/tags?post=216179"}],"curies":[{"name":"wp","href":"https:\/\/api.w.org\/{rel}","templated":true}]}}