{"id":216177,"date":"2026-09-04T03:03:11","date_gmt":"2026-09-04T01:03:11","guid":{"rendered":"https:\/\/otraronda.xyz\/rock\/de-el-perro-andaluz-a-de-viernes-las-primeras-fechas-de-estreno-y-regresos-de-un-prime-time-que-arranca-ya-el-curso\/"},"modified":"2026-09-04T03:03:11","modified_gmt":"2026-09-04T01:03:11","slug":"de-el-perro-andaluz-a-de-viernes-las-primeras-fechas-de-estreno-y-regresos-de-un-prime-time-que-arranca-ya-el-curso","status":"publish","type":"post","link":"https:\/\/otraronda.xyz\/rock\/de-el-perro-andaluz-a-de-viernes-las-primeras-fechas-de-estreno-y-regresos-de-un-prime-time-que-arranca-ya-el-curso\/","title":{"rendered":"De &#8216;El Perro andaluz&#8217; a &#8216;De Viernes&#8217;: las primeras fechas de estreno y regresos de un prime time que arranca ya el curso"},"content":{"rendered":"<div>\n<p><img loading=\"lazy\" decoding=\"async\" src=\"https:\/\/static.eldiario.es\/clip\/4eb51b44-f182-45a7-b95b-d5eafe750705_16-9-discover-aspect-ratio_default_0.jpg\" width=\"1200\" height=\"675\" alt=\"De 'El Perro andaluz' a 'De Viernes': las primeras fechas de estreno y regresos de un prime time que arranca ya el curso\"><\/p>\n<div class=\"subtitles\">\n<p class=\"subtitle\">Las cadenas ya han puesto fecha de estreno a algunas de sus principales apuestas para empezar con fuerza la nueva temporada en el prime time. &#8216;El perro andaluz&#8217;, &#8216;De Viernes&#8217; o &#8216;Equipo de investigaci\u00f3n&#8217; son algunos de los programas que tienen d\u00eda y hora para volver de sus vacaciones<\/p>\n<p class=\"subtitle\">Cr\u00edtica &#8211; Netflix alarga el verano con &#8216;Toda la verdad de mis mentiras&#8217;, la nueva serie confort para amantes del g\u00e9nero rom\u00e1ntico\n<\/p>\n<p class=\"subtitle\">An\u00e1lisis &#8211; Telecinco, en una encrucijada con sus tardes: as\u00ed van las audiencias de &#8216;El verano se mueve&#8217; y &#8216;De lunes a viernes&#8217;\n<\/p>\n<\/div>\n<p class=\"article-text\">\n        Tras repasar el grueso de presentadores matinales y vespertinos que <a href=\"https:\/\/www.eldiario.es\/vertele\/noticias\/ana-rosa-inaki-lopez-presentadores-arrancaran-lunes-nueva-temporada-tv_1_13465594.html\" target=\"_blank\" data-mrf-recirculation=\"links-noticia\" class=\"link\">volver\u00e1n el lunes 31 de agosto<\/a> de sus vacaciones, ahora toca mirar al prime time, pues son varios los estrenos y regresos que ya se han programado oficialmente para la pr\u00f3xima semana, la primera de la<strong> temporada 2026\/2027<\/strong> en la televisi\u00f3n nacional.\n    <\/p>\n<p class=\"article-text\">\n        Poco a poco, la franja estelar \u2014que cada vez lo es menos por su constante retraso horario\u2014 <strong>va cogiendo forma de cara al nuevo curso<\/strong>. Cierto es que a\u00fan quedan importantes ofertas por anunciar su fecha de llegada o vuelta a la parrilla, pero tambi\u00e9n que unas cuantas lo han hecho ya, permitiendo con ello que podamos ver, a grandes rasgos, c\u00f3mo ser\u00e1n tanto la primera semana de la temporada como las siguientes. Lo vemos a continuaci\u00f3n d\u00eda por d\u00eda:\n    <\/p>\n<h2 class=\"article-text\">Lunes 31 de agosto<\/h2>\n<p class=\"article-text\">\n        La \u00faltima noche de agosto a\u00fan tendr\u00e1 un claro aroma a verano, pues la mayor\u00eda de ofertas que han venido emiti\u00e9ndose los \u00faltimos lunes se mantendr\u00e1n en este, con la segunda semifinal del <em><strong>Grand Prix<\/strong><\/em> (La 1) y el nuevo cap\u00edtulo de <em><strong>En tierra lejana<\/strong><\/em> (Antena 3) como principales alicientes. Eso s\u00ed, en el access tendremos el estreno de la nueva temporada de <em><strong>Horizonte<\/strong><\/em> (Cuatro), que ser\u00e1 un especial con <strong>Iker Jim\u00e9nez desde Ceuta<\/strong> y Carmen Porter en plat\u00f3.\n    <\/p>\n<h2 class=\"article-text\">Martes 1 de septiembre<\/h2>\n<p class=\"article-text\">\n        El martes ser\u00e1 igual que el lunes, una noche muy continuista respecto a las anteriores. <em><strong>Dog House<\/strong><\/em> (La 1) y <em><strong>En tierra lejana<\/strong><\/em> se mantendr\u00e1n como ofertas destacadas y Cuatro pondr\u00e1 el estreno del d\u00eda con el inicio de la nueva temporada de <em><strong>C\u00f3digo 10<\/strong><\/em>, presentado por <strong>Nacho Abad<\/strong> y <strong>David Alem\u00e1n<\/strong>.\n    <\/p>\n<h2 class=\"article-text\">Mi\u00e9rcoles 2 de septiembre<\/h2>\n<p class=\"article-text\">\n        Este d\u00eda tendremos tanto el primer gran estreno de la temporada como el primer gran duelo del nuevo curso. El estreno ser\u00e1 el de <em><strong>La Mesa<\/strong><\/em>, programa semanal de actualidad presentado por <strong>Cristina Pardo<\/strong> en <strong>Antena 3<\/strong> (despu\u00e9s de <em>El Hormiguero<\/em>). Y el duelo, el que protagonizar\u00e1n este nuevo espacio y la <a href=\"https:\/\/www.eldiario.es\/vertele\/noticias\/rtve-cambia-planes-grand-prix-adelanta-gran-final-miercoles-vt_1_13469896.html\" target=\"_blank\" data-mrf-recirculation=\"links-noticia\" class=\"link\">gran final del Grand Prix<\/a> (21:45h), ya que La 1 ha adelantado a ese d\u00eda el desenlace de su presente edici\u00f3n tanto para cubrir el hueco dejado por <em>Maestros de la Costura Celebrity<\/em> como, previsiblemente, para dejar v\u00eda libre al regreso de <em>La Revuelta<\/em>.\n    <\/p>\n<blockquote class=\"twitter-tweet\" data-lang=\"es\"><p><a href=\"https:\/\/twitter.com\/X\/status\/2092733571106488507?ref_src=twsrc%5Etfw\"><\/a><\/p><\/blockquote>\n<p><script async src=\"https:\/\/platform.twitter.com\/widgets.js\" charset=\"utf-8\"><\/script><\/p>\n<h2 class=\"article-text\">Jueves 3 de septiembre<\/h2>\n<p class=\"article-text\">\n        El jueves tendremos el primer duelo de estrenos propiamente dicho, pues esa noche competir\u00e1n por el p\u00fablico el estreno de la segunda temporada de <em><strong>El perro andaluz<\/strong><\/em> (La 1) y el estreno en abierto de <em><strong>Las hijas de la criada<\/strong><\/em> (Antena 3), la serie basada en el libro hom\u00f3nimo de <strong>Sonsoles \u00d3nega<\/strong>. Por tanto, RTVE seguir\u00e1 apostando en la noche de los jueves por el programa de <strong>Manu S\u00e1nchez<\/strong>, que tan buenos resultados le dio entre junio y julio, y Atresmedia, por emitir series de producci\u00f3n propia en esa misma ubicaci\u00f3n, a la que <em>Las hijas de la criada<\/em> llegar\u00e1 tras su estreno, hace casi un a\u00f1o, en la plataforma Atresplayer.\n    <\/p>\n<blockquote class=\"twitter-tweet\" data-lang=\"es\"><p><a href=\"https:\/\/twitter.com\/X\/status\/2093015433284567440?ref_src=twsrc%5Etfw\"><\/a><\/p><\/blockquote>\n<p><script async src=\"https:\/\/platform.twitter.com\/widgets.js\" charset=\"utf-8\"><\/script><\/p>\n<blockquote class=\"twitter-tweet\" data-lang=\"es\"><p><a href=\"https:\/\/twitter.com\/X\/status\/2093267500045656197?ref_src=twsrc%5Etfw\"><\/a><\/p><\/blockquote>\n<p><script async src=\"https:\/\/platform.twitter.com\/widgets.js\" charset=\"utf-8\"><\/script><\/p>\n<p class=\"article-text\">\n        Todo esto, a la espera de que <strong>Telecinco<\/strong> cumpla con su parte y programe en jueves las galas principales de <em><strong>Supervivientes All Stars<\/strong><\/em>. La cadena ha comenzado esta semana a anunciar sus primeros concursantes, as\u00ed que quiz\u00e1 su estreno no se produzca el jueves 3 sino el 10, aunque de momento no hay nada oficial al respecto.\n    <\/p>\n<h2 class=\"article-text\">Viernes 4 de septiembre<\/h2>\n<p class=\"article-text\">\n        Lo que s\u00ed es oficial es que el pr\u00f3ximo viernes tendremos, como m\u00ednimo dos regresos: el de <em><strong>De Viernes<\/strong><\/em> y el de <em><strong>Equipo de investigaci\u00f3n<\/strong><\/em>. El programa de Telecinco arrancar\u00e1 el curso mientras sigue en emisi\u00f3n su versi\u00f3n diaria, De lunes a viernes, que vio la luz en verano y que todav\u00eda no tiene garantizada su continuidad en septiembre, si bien sus audiencias hacen que <a href=\"https:\/\/www.eldiario.es\/vertele\/audiencias-tv\/telecinco-encrucijada-tardes-audiencias-verano-mueve-lunes-viernes_1_13458194.html\" target=\"_blank\" data-mrf-recirculation=\"links-noticia\" class=\"link\">esta opci\u00f3n sea factible<\/a>.\n    <\/p>\n<blockquote class=\"twitter-tweet\" data-lang=\"es\"><p><a href=\"https:\/\/twitter.com\/X\/status\/2093052174641123751?ref_src=twsrc%5Etfw\"><\/a><\/p><\/blockquote>\n<p><script async src=\"https:\/\/platform.twitter.com\/widgets.js\" charset=\"utf-8\"><\/script><\/p>\n<p class=\"article-text\">\n        En cuanto a <em>Equipo de investigaci\u00f3n<\/em>, el veteran\u00edsimo formato de <strong>laSexta<\/strong> ha puesto fecha a su vuelta con una promo en la que <strong>Gl\u00f2ria Serra<\/strong> es &#8216;despedida&#8217; y sustituida por Gl\u00f2rIA Serra, una versi\u00f3n de s\u00ed misma hecha con inteligencia artificial. Se espera, por tanto, que el impacto de la IA sea uno de los temas que trate el programa en su nueva temporada, la n\u00famero 18 de su historia.\n    <\/p>\n<blockquote class=\"twitter-tweet\" data-lang=\"es\"><p><a href=\"https:\/\/twitter.com\/X\/status\/2093022902538916056?ref_src=twsrc%5Etfw\"><\/a><\/p><\/blockquote>\n<p><script async src=\"https:\/\/platform.twitter.com\/widgets.js\" charset=\"utf-8\"><\/script><\/p>\n<h2 class=\"article-text\">Otras novedades inminentes<\/h2>\n<p class=\"article-text\">\n        Al margen de las ofertas comentadas, hay otras que ya est\u00e1n promocionando su vuelta, aunque todav\u00eda sin fecha de regreso. Hablamos de <a href=\"https:\/\/www.eldiario.es\/vertele\/noticias\/rtve-promociona-vuelta-archivos-secretos-no-do-imagenes-ineditas-23-f-reclamo_1_13440230.html\" target=\"_blank\" data-mrf-recirculation=\"links-noticia\" class=\"link\"><em>Los archivos secretos del NO-DO<\/em><\/a> (La 1), <em><strong>La ruleta de la suerte noche<\/strong><\/em> (Antena 3), <em><strong>Pesadilla en la cocina<\/strong><\/em> (laSexta), <em><strong>La Voz<\/strong><\/em> (Antena 3) o la ya mencionada nueva edici\u00f3n de <em>Supervivientes All Stars<\/em> (Telecinco). Algunas de ellas tienen una noche de emisi\u00f3n predilecta y es previsible que la mantengan esta temporada (<em>La Voz<\/em> los viernes o <em>La ruleta de la noche<\/em> los s\u00e1bados), pero ya decimos que por ahora no tienen fecha oficial de estreno.\n    <\/p>\n<p class=\"article-text\">\n        En cuanto al access, s\u00ed la tiene <em><strong>Cifras y letras<\/strong><\/em>, que retomar\u00e1 la emisi\u00f3n de sus nuevas entregas el 7 de septiembre (La 2). Para ese d\u00eda tambi\u00e9n se esperan el retorno de <em>La Revuelta<\/em>, <em>El Hormiguero<\/em> y <em>El Intermedio<\/em>, aunque ni La 1 ni Antena 3 ni laSexta han comunicado nada al respecto.\n    <\/p>\n<\/div>\n","protected":false},"excerpt":{"rendered":"<p>Las cadenas ya han puesto fecha de estreno a algunas de sus principales apuestas para empezar con fuerza la nueva temporada en el prime time. &#8216;El perro andaluz&#8217;, &#8216;De Viernes&#8217; o &#8216;Equipo de investigaci\u00f3n&#8217; son algunos de los programas que tienen d\u00eda y hora para volver de sus vacaciones Cr\u00edtica &#8211; Netflix alarga el verano [&hellip;]<\/p>\n","protected":false},"author":1,"featured_media":0,"comment_status":"closed","ping_status":"open","sticky":false,"template":"","format":"standard","meta":{"_et_pb_use_builder":"","_et_pb_old_content":"","_et_gb_content_width":"","footnotes":""},"categories":[6],"tags":[],"class_list":["post-216177","post","type-post","status-publish","format-standard","hentry","category-tv"],"_links":{"self":[{"href":"https:\/\/otraronda.xyz\/rock\/wp-json\/wp\/v2\/posts\/216177","targetHints":{"allow":["GET"]}}],"collection":[{"href":"https:\/\/otraronda.xyz\/rock\/wp-json\/wp\/v2\/posts"}],"about":[{"href":"https:\/\/otraronda.xyz\/rock\/wp-json\/wp\/v2\/types\/post"}],"author":[{"embeddable":true,"href":"https:\/\/otraronda.xyz\/rock\/wp-json\/wp\/v2\/users\/1"}],"replies":[{"embeddable":true,"href":"https:\/\/otraronda.xyz\/rock\/wp-json\/wp\/v2\/comments?post=216177"}],"version-history":[{"count":0,"href":"https:\/\/otraronda.xyz\/rock\/wp-json\/wp\/v2\/posts\/216177\/revisions"}],"wp:attachment":[{"href":"https:\/\/otraronda.xyz\/rock\/wp-json\/wp\/v2\/media?parent=216177"}],"wp:term":[{"taxonomy":"category","embeddable":true,"href":"https:\/\/otraronda.xyz\/rock\/wp-json\/wp\/v2\/categories?post=216177"},{"taxonomy":"post_tag","embeddable":true,"href":"https:\/\/otraronda.xyz\/rock\/wp-json\/wp\/v2\/tags?post=216177"}],"curies":[{"name":"wp","href":"https:\/\/api.w.org\/{rel}","templated":true}]}}