{"id":216174,"date":"2026-09-04T03:03:02","date_gmt":"2026-09-04T01:03:02","guid":{"rendered":"https:\/\/otraronda.xyz\/rock\/veronica-sanchez-estrena-serie-en-antena-3-la-gente-piensa-que-tuerzo-el-gesto-si-me-hablan-de-los-serrano-pero-para-nada\/"},"modified":"2026-09-04T03:03:02","modified_gmt":"2026-09-04T01:03:02","slug":"veronica-sanchez-estrena-serie-en-antena-3-la-gente-piensa-que-tuerzo-el-gesto-si-me-hablan-de-los-serrano-pero-para-nada","status":"publish","type":"post","link":"https:\/\/otraronda.xyz\/rock\/veronica-sanchez-estrena-serie-en-antena-3-la-gente-piensa-que-tuerzo-el-gesto-si-me-hablan-de-los-serrano-pero-para-nada\/","title":{"rendered":"Ver\u00f3nica S\u00e1nchez estrena serie en Antena 3: \u00abLa gente piensa que tuerzo el gesto si me hablan de &#8216;Los Serrano&#8217;, pero para nada\u00bb"},"content":{"rendered":"<div>\n<p><img loading=\"lazy\" decoding=\"async\" src=\"https:\/\/static.eldiario.es\/clip\/e9957a1d-0eb2-406d-9a3b-148f51633021_16-9-discover-aspect-ratio_default_0.jpg\" width=\"1200\" height=\"675\" alt=\"Ver\u00f3nica S\u00e1nchez estrena serie en Antena 3: &quot;La gente piensa que tuerzo el gesto si me hablan de 'Los Serrano', pero para nada&quot;\"><\/p>\n<div class=\"subtitles\">\n<p class=\"subtitle\">Entrevistamos a Ver\u00f3nica S\u00e1nchez, actriz que da vida a In\u00e9s Lazariego en &#8216;Las hijas de la crialda&#8217;. La serie adaptaci\u00f3n de la novela hom\u00f3nima de Sonsoles \u00d3nega, ganadora del Premio Planeta 2023, salta a Antena 3 casi un a\u00f1o despu\u00e9s de su estreno en Atresplayer. Su protagonista toma asiento en verTele para hablar de este enorme reto y de otros trabajos como &#8216;\u00c1ngela&#8217; o &#8216;Los Serrano&#8217;<\/p>\n<p class=\"subtitle\">Especial &#8211; Todos los programas y series que abrir\u00e1n la temporada 2026-2027 en La 1, La 2, Antena 3, Cuatro, Telecinco y laSexta\n<\/p>\n<p class=\"subtitle\">Adem\u00e1s &#8211; Telecinco evita el duelo de su nuevo &#8216;Rosco&#8217; con &#8216;Pasapalabra&#8217;, y emitir\u00e1 &#8216;Rueda la letra&#8217; como telonero de &#8216;All\u00e1 t\u00fa&#8217;\n<\/p>\n<\/div>\n<p class=\"article-text\">\n        Arranca la <a href=\"https:\/\/www.eldiario.es\/vertele\/noticias\/programas-series-temporada-2026-2027-television-rtve-la-1-la-2-antena-3-cuatro-telecinco-lasexta_1_13477525.html\" target=\"_blank\" data-mrf-recirculation=\"links-noticia\" class=\"link\">temporada 2026-2027<\/a> de nuestra televisi\u00f3n y<em><strong> Las hijas de la criada<\/strong><\/em> es uno de los platos fuertes de <strong>Antena 3<\/strong>. La serie basada en la novela hom\u00f3nima de <strong>Sonsoles \u00d3nega<\/strong>, ganadora del <strong>Premio Planeta 2023<\/strong>, cuenta con <strong>Ver\u00f3nica S\u00e1nchez<\/strong> como una de sus protagonistas de cabecera. Con motivo de su estreno en abierto, la actriz se sincera con <a href=\"https:\/\/www.eldiario.es\/vertele\/\" target=\"_blank\" data-mrf-recirculation=\"links-noticia\" class=\"link\"><strong>verTele<\/strong><\/a> sobre el gran reto al que se enfrent\u00f3 para dar vida a <strong>do\u00f1a In\u00e9s Lazariego<\/strong>. M\u00e1s all\u00e1 de su trabajo m\u00e1s reciente, <em><strong>\u00c1ngela <\/strong><\/em>o la m\u00edtica <em><strong>Los Serrano <\/strong><\/em>tambi\u00e9n ocupan parte de la conversaci\u00f3n.\n    <\/p>\n<p class=\"article-text\">\n        Producida por <strong>Buend\u00eda Estudios Canarias<\/strong> en colaboraci\u00f3n con <strong>Atresmedia<\/strong>, la ficci\u00f3n desembarca en abierto casi <a href=\"https:\/\/www.eldiario.es\/vertele\/videos\/trailers-y-avances\/atresmedia-pone-fecha-estreno-lanza-trailer-hijas-criada-serie-firma-sonsoles-onega_8_12644095.html\" target=\"_blank\" data-mrf-recirculation=\"links-noticia\" class=\"link\">un a\u00f1o despu\u00e9s<\/a> de estar disponible en <strong>Atresplayer<\/strong>. El drama est\u00e1 ambientado a principios del siglo XX y ofrece un retrato social a trav\u00e9s de la saga familiar de Los Vald\u00e9s. La ficci\u00f3n hist\u00f3rica, situada en un pazo gallego y en la Cuba colonial, tiene una <strong>misi\u00f3n de concienciaci\u00f3n <\/strong>que va mucho m\u00e1s all\u00e1 del puro entretenimiento: \u201c<strong>Nos ayuda a entender de d\u00f3nde venimos<\/strong>\u201d.\n    <\/p>\n<p class=\"article-text\">\n        El reto de interpretar a un personaje protagonista en la adaptaci\u00f3n de un Premio Planeta, seg\u00fan destaca S\u00e1nchez, \u201ces algo que te abruma al principio y que luego tienes que olvidar\u201d para \u201cestar a la altura\u201d. En todo el proceso creativo, <strong>una \u201cgeneros\u00edsima\u201d \u00d3nega<\/strong> estuvo a favor de toda propuesta: \u201cSe ha portado muy bien con nosotros, <strong>no ha puesto ni una pega<\/strong>\u201d. Conviene recordar que la periodista puso el foco previamente en que la serie hab\u00eda contribuido a <strong>mejorar y expandir lo que ella misma hab\u00eda plasmado <\/strong>en la novela.\n    <\/p>\n<p class=\"article-text\">\n        Al margen del estreno de <em>Las hijas de la criada<\/em>, Ver\u00f3nica S\u00e1nchez cuenta con otra fecha se\u00f1alada en su calendario: el <strong>reencuentro <\/strong>con sus compa\u00f1eros de <em><strong>Los Serrano <\/strong><\/em>en la <strong>Comic-Con de M\u00e1laga<\/strong>. El elenco volver\u00e1 a reunirse a principios de <strong>octubre de 2026<\/strong>, cuando se cumplen 18 a\u00f1os del final de la serie: \u201cHa logrado trascender un mont\u00f3n de \u00e9pocas. <strong>\u00a1Sigue vigente tiempo despu\u00e9s!<\/strong>\u201d. Adem\u00e1s, la actriz se confiesa agradecida con todos aquellos seguidores que la recuerdan por sus aventuras como Eva Capdevila.\n    <\/p>\n<figure class=\"embed-container embed-container--type-embed ratio ratio__16_9\">\n<div class=\"video_container\" style=\" padding-bottom: 56.3%; position: relative;\"> <iframe loading=\"lazy\" src=\"https:\/\/www.antena3.com\/embed\/exclusiva-descubre-trailer-hijas-criada-disponible-30-noviembre-atresplayer\/video\/6\/2025\/11\/24\/692472e45ac5680007f11418?origin=https:\/\/www.antena3.com\/series\/hijas-criada\/exclusiva-descubre-trailer-hijas-criada-disponible-30-noviembre-atresplayer_2025093068dbb0763ce0ad1de88f6db2.html\" width=\"560\" height=\"315\" frameborder=\"0\" allowfullscreen style=\"width: 100%; height: 100%; position: absolute;\"><\/iframe> <\/div>\n<\/figure>\n<p class=\"article-text\">\n        <strong>La serie pone sobre la mesa dos claves muy presentes en tu trayectoria reciente: la diferencia de clases y la violencia contra las mujeres. \u00bfSirven este tipo de obras para plantar cara a esa idea de &#8216;cualquier tiempo pasado fue mejor&#8217;?<\/strong>\n    <\/p>\n<p class=\"article-text\">\n        S\u00ed, y creo que tambi\u00e9n nos ayuda a entender de d\u00f3nde venimos. Las historias siempre ayudan: el contexto emocional, poner a personas de carne y hueso ante ciertas circunstancias\u2026 A lo mejor puedes estudiar datos te\u00f3ricos, pero, cuando ves a personas reales viviendo esas diferencias sociales, igual entiendes mejor la injusticia. \u00a1Porque empatizas!\n    <\/p>\n<p class=\"article-text\">\n        <strong>Sin spoilers, \u00bfhubo alguna escena en la que fue necesario un ejercicio de contenci\u00f3n para no romperte?<\/strong>\n    <\/p>\n<p class=\"article-text\">\n        En realidad, m\u00e1s bien al contrario. [Risas] Es un personaje muy discreto con sus emociones. Los momentos en los que se rompe, en realidad eran bonitos de hacer. Se buscaba justo lo contrario, que hubiera momentos donde In\u00e9s flaquea porque se da cuenta de que no todo el mundo sigue su ritmo. Hay momentos donde su marido no est\u00e1 a la altura. Cuando sus hijos crecen y, de repente, su hija la rechaza sistem\u00e1ticamente. Ella no entiende por qu\u00e9.\n    <\/p>\n<p class=\"article-text\">\n        Con su hijo, que siempre ha sido su mano derecha, tambi\u00e9n hay un momento en el que empieza a no entender a su madre. Se comporta de una manera distinta a como ella lo educ\u00f3. Esas situaciones son muy duras en la vida de In\u00e9s. Se tiene que romper y es bonito verla as\u00ed tambi\u00e9n: entender que es una mujer con seguridad, pero tambi\u00e9n con sus vulnerabilidades.\n    <\/p>\n<figure class=\"ni-figure\">\n<picture class=\"news-image\">\n                                    <!--[if IE 9]>\n                <video style=\"display: none;\"><![endif]--><source media=\"(max-width: 576px)\" type=\"image\/webp\" srcset=\"https:\/\/static.eldiario.es\/clip\/ba5f8674-0814-47bc-97a8-f0d3ce1871c2_16-9-discover-aspect-ratio_50p_1122789.webp\"><source media=\"(max-width: 576px)\" type=\"image\/jpg\" srcset=\"https:\/\/static.eldiario.es\/clip\/ba5f8674-0814-47bc-97a8-f0d3ce1871c2_16-9-discover-aspect-ratio_50p_1122789.jpg\"><source media=\"(max-width: 767px)\" type=\"image\/webp\" srcset=\"https:\/\/static.eldiario.es\/clip\/ba5f8674-0814-47bc-97a8-f0d3ce1871c2_16-9-discover-aspect-ratio_75p_1122789.webp\"><source media=\"(max-width: 767px)\" type=\"image\/jpg\" srcset=\"https:\/\/static.eldiario.es\/clip\/ba5f8674-0814-47bc-97a8-f0d3ce1871c2_16-9-discover-aspect-ratio_75p_1122789.jpg\"><source type=\"image\/webp\" srcset=\"https:\/\/static.eldiario.es\/clip\/ba5f8674-0814-47bc-97a8-f0d3ce1871c2_16-9-discover-aspect-ratio_default_1122789.webp\"><source type=\"image\/jpg\" srcset=\"https:\/\/static.eldiario.es\/clip\/ba5f8674-0814-47bc-97a8-f0d3ce1871c2_16-9-discover-aspect-ratio_default_1122789.jpg\"><!--[if IE 9]><\/video><![endif]--><\/p>\n<p>                <img decoding=\"async\" src=\"https:\/\/static.eldiario.es\/clip\/ba5f8674-0814-47bc-97a8-f0d3ce1871c2_16-9-discover-aspect-ratio_default_1122789.jpg\" alt=\"Atresmedia muestra las primeras im\u00e1genes de \u2018Las hijas de la criada\u2019, la adaptaci\u00f3n a serie de la novela de Sonsoles \u00d3nega\"><\/p>\n<\/picture><figcaption class=\"image-footer\">\n            <span class=\"title\"><br \/>\n                Atresmedia muestra las primeras im\u00e1genes de \u2018Las hijas de la criada\u2019, la adaptaci\u00f3n a serie de la novela de Sonsoles \u00d3nega                            <\/span><br \/>\n                                    <\/figcaption><\/figure>\n<p class=\"article-text\">\n        <strong>M\u00e1s all\u00e1 de lo interpretativo, el reto no era menor. Sonsoles \u00d3nega reconoci\u00f3 que la serie mejoraba lo que ella misma plasm\u00f3 en la novela. \u00bfQu\u00e9 supone esto para vosotros como int\u00e9rpretes?<\/strong>\n    <\/p>\n<p class=\"article-text\">\n        Bueno, Sonsoles\u2026 \u00a1Es que es generos\u00edsima! La verdad que se ha portado muy bien con nosotros. Desde el primer momento, al leer los guiones, estuvo a favor de todo: de la elecci\u00f3n de los actores o de los cambios que hay en el guion con respecto a la novela. Entonces es tan generosa que dice eso, pero en realidad nosotros trabajamos con su material. Gracias a que su material es s\u00f3lido, pudimos hacer la serie que hemos hecho.\n    <\/p>\n<p class=\"article-text\">\n        <strong>\u00bfC\u00f3mo recuerdas el reto de protagonizar una adaptaci\u00f3n de un Premio Planeta? Y m\u00e1s este en concreto, que hubo mucho ruido alrededor\u2026<\/strong>\n    <\/p>\n<p class=\"article-text\">\n        Es algo que te abruma al principio y que luego tienes que olvidar. Porque si no, no te deja interpretar. Cuando me la ofrecieron, dije: \u201cMadre m\u00eda, es un Premio Planeta. A ver si estoy a la altura\u201d. Pero luego ya, cuando te pones a ensayar y a construir, tienes que olvidarte y tirar porque si no puede ser muy paralizante.\n    <\/p>\n<p class=\"article-text\">\n        <strong>\u00bfHubo cierto miedo teniendo en cuenta que miles de lectores ya hab\u00edan construido esos personajes en su imaginaci\u00f3n?<\/strong>\n    <\/p>\n<p class=\"article-text\">\n        S\u00ed, tambi\u00e9n te preguntas si eres la In\u00e9s que el lector se ha imaginado. Porque claro, cada uno se ha imaginado a una In\u00e9s. Y t\u00fa quieres que ellos vean que est\u00e1s conduciendo la historia. Ojal\u00e1 sea as\u00ed. Vamos, s\u00e9 que en Atresplayer ha funcionado muy bien. \u00a1A ver qu\u00e9 tal en abierto!\n    <\/p>\n<p class=\"article-text\">\n        <strong>\u00bfTe confirm\u00f3 Sonsoles \u00d3nega si lograste ser la In\u00e9s Lazariego de su novela?<\/strong>\n    <\/p>\n<p class=\"article-text\">\n        S\u00ed, ella estaba muy contenta. Ya te digo que no ha puesto ni una pega, es que es una mujer muy generosa.\n    <\/p>\n<figure class=\"ni-figure\">\n<picture class=\"news-image\">\n                                    <!--[if IE 9]>\n                <video style=\"display: none;\"><![endif]--><source media=\"(max-width: 576px)\" type=\"image\/webp\" srcset=\"https:\/\/static.eldiario.es\/clip\/a4bc884e-5afa-4a02-b1d1-ab80bca77c76_16-9-discover-aspect-ratio_50p_0.webp\"><source media=\"(max-width: 576px)\" type=\"image\/jpg\" srcset=\"https:\/\/static.eldiario.es\/clip\/a4bc884e-5afa-4a02-b1d1-ab80bca77c76_16-9-discover-aspect-ratio_50p_0.jpg\"><source media=\"(max-width: 767px)\" type=\"image\/webp\" srcset=\"https:\/\/static.eldiario.es\/clip\/a4bc884e-5afa-4a02-b1d1-ab80bca77c76_16-9-discover-aspect-ratio_75p_0.webp\"><source media=\"(max-width: 767px)\" type=\"image\/jpg\" srcset=\"https:\/\/static.eldiario.es\/clip\/a4bc884e-5afa-4a02-b1d1-ab80bca77c76_16-9-discover-aspect-ratio_75p_0.jpg\"><source type=\"image\/webp\" srcset=\"https:\/\/static.eldiario.es\/clip\/a4bc884e-5afa-4a02-b1d1-ab80bca77c76_16-9-discover-aspect-ratio_default_0.webp\"><source type=\"image\/jpg\" srcset=\"https:\/\/static.eldiario.es\/clip\/a4bc884e-5afa-4a02-b1d1-ab80bca77c76_16-9-discover-aspect-ratio_default_0.jpg\"><!--[if IE 9]><\/video><![endif]--><\/p>\n<p>                <img decoding=\"async\" src=\"https:\/\/static.eldiario.es\/clip\/a4bc884e-5afa-4a02-b1d1-ab80bca77c76_16-9-discover-aspect-ratio_default_0.jpg\" alt=\"Ver\u00f3nica S\u00e1nchez en la presentaci\u00f3n de 'Las hijas de la criada'\"><\/p>\n<\/picture><figcaption class=\"image-footer\">\n            <span class=\"title\"><br \/>\n                Ver\u00f3nica S\u00e1nchez en la presentaci\u00f3n de &#8216;Las hijas de la criada&#8217;                            <\/span><br \/>\n                                    <\/figcaption><\/figure>\n<p class=\"article-text\">\n        <strong>Ya que mencionas Atresplayer, \u00bfqu\u00e9 balance haces de &#8216;\u00c1ngela&#8217;? Primero se estren\u00f3 en la plataforma, luego en Antena 3 y despu\u00e9s desembarc\u00f3 con \u00e9xito en Netflix\u2026<\/strong>\n    <\/p>\n<p class=\"article-text\">\n        Bueno, \u00a1lo que ha pasado con <em>\u00c1ngela <\/em>ha sido una sorpresa maravillosa! Funcion\u00f3 en Atresplayer, funcion\u00f3 en abierto\u2026 \u00a1Pero en Netflix se ha convertido en una locura! Es una serie con mejor dato a nivel mundial. Y a nivel Espa\u00f1a, creo que est\u00e1 entre las primeras. Para nosotros ha sido una sorpresa muy agradable, porque no era una serie con un gran presupuesto. Entonces, la hicimos con much\u00edsimo cari\u00f1o. Con un capit\u00e1n de barco que es Norberto L\u00f3pez Amado, que es un directorazo muy artista, que se implica much\u00edsimo y que consigui\u00f3 llevar la serie a un sitio concreto. Parte del \u00e9xito viene directamente de \u00e9l.\n    <\/p>\n<p class=\"article-text\">\n        <strong>\u00bfPuede ocurrir algo similar con &#8216;Las hijas de la criada&#8217;?<\/strong>\n    <\/p>\n<p class=\"article-text\">\n        Ojal\u00e1. Una siempre quiere que los trabajos en los que est\u00e1 implicada sean un \u00e9xito, pero no por ego, sino porque sabe todo el esfuerzo que hay detr\u00e1s. Que funcione algo que has hecho es una alegr\u00eda.\n    <\/p>\n<p class=\"article-text\">\n        <strong>Vienes de hacer personajes muy distintos y con muchas aristas. \u00bfQu\u00e9 tiene que tener un papel para que todav\u00eda te haga sentir v\u00e9rtigo antes de decir que s\u00ed?<\/strong>\n    <\/p>\n<p class=\"article-text\">\n        Siempre sientes v\u00e9rtigo. Siempre piensas si est\u00e1s a la altura para lo que te han llamado. Y ese v\u00e9rtigo para m\u00ed es bueno. Es como que todav\u00eda sientes el gusanillo, no lo das todo por hecho. Estar en series distintas, en proyectos que no son largos y te obligan a cambiar, te hace sentir ese v\u00e9rtigo cada vez que haces una serie nueva.\n    <\/p>\n<figure class=\"ni-figure\">\n<picture class=\"news-image\">\n                                    <!--[if IE 9]>\n                <video style=\"display: none;\"><![endif]--><source media=\"(max-width: 576px)\" type=\"image\/webp\" srcset=\"https:\/\/static.eldiario.es\/clip\/8a976043-7021-4dc8-abaf-1dcfa3347901_16-9-discover-aspect-ratio_50p_0.webp\"><source media=\"(max-width: 576px)\" type=\"image\/jpg\" srcset=\"https:\/\/static.eldiario.es\/clip\/8a976043-7021-4dc8-abaf-1dcfa3347901_16-9-discover-aspect-ratio_50p_0.jpg\"><source media=\"(max-width: 767px)\" type=\"image\/webp\" srcset=\"https:\/\/static.eldiario.es\/clip\/8a976043-7021-4dc8-abaf-1dcfa3347901_16-9-discover-aspect-ratio_75p_0.webp\"><source media=\"(max-width: 767px)\" type=\"image\/jpg\" srcset=\"https:\/\/static.eldiario.es\/clip\/8a976043-7021-4dc8-abaf-1dcfa3347901_16-9-discover-aspect-ratio_75p_0.jpg\"><source type=\"image\/webp\" srcset=\"https:\/\/static.eldiario.es\/clip\/8a976043-7021-4dc8-abaf-1dcfa3347901_16-9-discover-aspect-ratio_default_0.webp\"><source type=\"image\/jpg\" srcset=\"https:\/\/static.eldiario.es\/clip\/8a976043-7021-4dc8-abaf-1dcfa3347901_16-9-discover-aspect-ratio_default_0.jpg\"><!--[if IE 9]><\/video><![endif]--><\/p>\n<p>                <img decoding=\"async\" src=\"https:\/\/static.eldiario.es\/clip\/8a976043-7021-4dc8-abaf-1dcfa3347901_16-9-discover-aspect-ratio_default_0.jpg\" alt=\"Elenco principal de 'Los Serrano'\"><\/p>\n<\/picture><figcaption class=\"image-footer\">\n            <span class=\"title\"><br \/>\n                Elenco principal de &#8216;Los Serrano&#8217;                            <\/span><br \/>\n                                    <\/figcaption><\/figure>\n<p class=\"article-text\">\n        <strong>M\u00e1s all\u00e1 de &#8216;Las hijas de la criada&#8217;, tienes en el horizonte un nuevo reencuentro con tus compa\u00f1eros de &#8216;Los Serrano&#8217;. \u00bfTodav\u00eda sientes el calor del p\u00fablico 18 a\u00f1os despu\u00e9s?<\/strong>\n    <\/p>\n<p class=\"article-text\">\n        Me siento afortunada. La verdad es que no me cansa en absoluto. La gente piensa que cada vez que se me habla de<em> Los Serrano<\/em> tuerzo el gesto, pero para nada. Me encanta ver c\u00f3mo la gente que fue espectadora de joven, ahora lo es de nuevo con sus hijos. Es muy bonito.\n    <\/p>\n<p class=\"article-text\">\n        Es una serie que ha logrado trascender un mont\u00f3n de \u00e9pocas. \u00a1Sigue vigente veintitantos a\u00f1os despu\u00e9s! Hay quien me para y dice: \u201cMira, es que mi hijo, que tiene siete a\u00f1os, se ha enganchado a <em>Los Serrano<\/em>; que yo lo ve\u00eda con su padre cuando \u00e9ramos j\u00f3venes\u201d. Es bonito, la verdad. Se recibe muy bien.\n    <\/p>\n<p class=\"article-text\">\n        <strong>Si dentro de 18 a\u00f1os, como pasa con &#8216;Los Serrano&#8217;, la gente recordase &#8216;Las hijas de la criada&#8217;, \u00bfa ti qu\u00e9 sentimiento te gustar\u00eda que permaneciera?<\/strong>\n    <\/p>\n<p class=\"article-text\">\n        Me encantar\u00eda que le tuvieran el mismo cari\u00f1o que le tienen a los personajes de <em>Los Serrano<\/em>. Es verdad que la gente te habla de<em> Los Serrano <\/em>con much\u00edsimo cari\u00f1o hacia la serie, pero hacia los personajes tambi\u00e9n. Entonces, ojal\u00e1 a In\u00e9s se cuele en los corazones de la gente, por muy t\u00f3pico que suene eso. Ojal\u00e1 caiga bien a la gente y la recuerden como a alguien que les hizo reflexionar\u2026 o vivir buenos momentos delante de la pantalla.\n    <\/p>\n<\/div>\n","protected":false},"excerpt":{"rendered":"<p>Entrevistamos a Ver\u00f3nica S\u00e1nchez, actriz que da vida a In\u00e9s Lazariego en &#8216;Las hijas de la crialda&#8217;. La serie adaptaci\u00f3n de la novela hom\u00f3nima de Sonsoles \u00d3nega, ganadora del Premio Planeta 2023, salta a Antena 3 casi un a\u00f1o despu\u00e9s de su estreno en Atresplayer. Su protagonista toma asiento en verTele para hablar de este [&hellip;]<\/p>\n","protected":false},"author":1,"featured_media":0,"comment_status":"closed","ping_status":"open","sticky":false,"template":"","format":"standard","meta":{"_et_pb_use_builder":"","_et_pb_old_content":"","_et_gb_content_width":"","footnotes":""},"categories":[6],"tags":[],"class_list":["post-216174","post","type-post","status-publish","format-standard","hentry","category-tv"],"_links":{"self":[{"href":"https:\/\/otraronda.xyz\/rock\/wp-json\/wp\/v2\/posts\/216174","targetHints":{"allow":["GET"]}}],"collection":[{"href":"https:\/\/otraronda.xyz\/rock\/wp-json\/wp\/v2\/posts"}],"about":[{"href":"https:\/\/otraronda.xyz\/rock\/wp-json\/wp\/v2\/types\/post"}],"author":[{"embeddable":true,"href":"https:\/\/otraronda.xyz\/rock\/wp-json\/wp\/v2\/users\/1"}],"replies":[{"embeddable":true,"href":"https:\/\/otraronda.xyz\/rock\/wp-json\/wp\/v2\/comments?post=216174"}],"version-history":[{"count":0,"href":"https:\/\/otraronda.xyz\/rock\/wp-json\/wp\/v2\/posts\/216174\/revisions"}],"wp:attachment":[{"href":"https:\/\/otraronda.xyz\/rock\/wp-json\/wp\/v2\/media?parent=216174"}],"wp:term":[{"taxonomy":"category","embeddable":true,"href":"https:\/\/otraronda.xyz\/rock\/wp-json\/wp\/v2\/categories?post=216174"},{"taxonomy":"post_tag","embeddable":true,"href":"https:\/\/otraronda.xyz\/rock\/wp-json\/wp\/v2\/tags?post=216174"}],"curies":[{"name":"wp","href":"https:\/\/api.w.org\/{rel}","templated":true}]}}