{"id":216073,"date":"2026-09-03T01:20:18","date_gmt":"2026-09-02T23:20:18","guid":{"rendered":"https:\/\/otraronda.xyz\/rock\/el-grand-prix-cierra-el-verano-en-rtve-con-el-pueblo-ganador-en-una-final-que-infarta-a-ramon-garcia-no-habia-pasado-nunca\/"},"modified":"2026-09-03T01:20:18","modified_gmt":"2026-09-02T23:20:18","slug":"el-grand-prix-cierra-el-verano-en-rtve-con-el-pueblo-ganador-en-una-final-que-infarta-a-ramon-garcia-no-habia-pasado-nunca","status":"publish","type":"post","link":"https:\/\/otraronda.xyz\/rock\/el-grand-prix-cierra-el-verano-en-rtve-con-el-pueblo-ganador-en-una-final-que-infarta-a-ramon-garcia-no-habia-pasado-nunca\/","title":{"rendered":"El &#8216;Grand Prix&#8217; cierra el verano en RTVE con el pueblo ganador en una final que infarta a Ram\u00f3n Garc\u00eda: \u00abNo hab\u00eda pasado nunca\u00bb"},"content":{"rendered":"<div>\n<p><img loading=\"lazy\" decoding=\"async\" src=\"https:\/\/static.eldiario.es\/clip\/6a698d4f-4dfb-4dad-881a-e478ae374f2c_16-9-discover-aspect-ratio_default_0.jpg\" width=\"1200\" height=\"675\" alt=\"El 'Grand Prix' cierra el verano en RTVE con el pueblo ganador en una final que infarta a Ram\u00f3n Garc\u00eda: &quot;No hab\u00eda pasado nunca&quot;\"><\/p>\n<div class=\"subtitles\">\n<p class=\"subtitle\">El &#8216;Grand Prix&#8217; enfrent\u00f3 a Poliny\u00e0 y Quintanar del Rey que demostraron ser los mejores de la temporada en una \u00faltima gala tan re\u00f1ida que dej\u00f3 los marcadores con n\u00fameros que Ram\u00f3n Garc\u00eda no se pod\u00eda creer: \u00abEs pr\u00e1cticamente imposible hacer esto\u00bb<\/p>\n<p class=\"subtitle\">&#8216;El perro andaluz&#8217; anuncia los primeros invitados de Manu S\u00e1nchez y un fichaje para la nueva temporada en RTVE<\/p>\n<p class=\"subtitle\">Adem\u00e1s &#8211; Todos los programas y series que abrir\u00e1n la temporada 2026-2027 en La 1, La 2, Antena 3, Cuatro, Telecinco y laSexta<\/p>\n<\/div>\n<p class=\"article-text\">\n        El <em><strong>Grand Prix <\/strong><\/em>ya tiene a su pueblo ganador de este verano 2026 en RTVE: <strong>Quintanar del Rey (Cuenca)<\/strong>. La localidad castellano-manchega se impuso a <strong>Poliny\u00e0 (Barcelona)<\/strong> en una final tan re\u00f1ida que marc\u00f3 r\u00e9cords en algunas pruebas y dej\u00f3 a <strong>Ram\u00f3n Garc\u00eda <\/strong>asombrado en otras varias.\n    <\/p>\n<p class=\"article-text\">\n        <strong>Victoria Mart\u00edn<\/strong> apadrin\u00f3 al equipo catal\u00e1n y <strong>Miguel Maldonado<\/strong> hizo lo propio con los castellano-manchegos. Y aunque en un principio empez\u00f3 con ventaja Poliny\u00e0, despu\u00e9s se impuso Quintanar, para volver a remontar desde Barcelona, y acabar con la confirmaci\u00f3n de que &#8216;Culete&#8217; era el h\u00e9roe de su pueblo y de la temporada en general, logrando m\u00e1s puntos en su marcador y una victoria definitiva en el &#8216;Diccionario&#8217;.\n    <\/p>\n<p class=\"article-text\">\n        Todo ello en una noche en la que Ram\u00f3n Garc\u00eda tambi\u00e9n se sent\u00f3 en mitad del plat\u00f3 para <strong>reflexionar sobre lo que significa para \u00e9l el formato <\/strong>televisivo, en una confesi\u00f3n mirando a c\u00e1mara en la que se le quebr\u00f3 la voz.\n    <\/p>\n<blockquote class=\"twitter-tweet\" data-lang=\"es\"><p><a href=\"https:\/\/twitter.com\/X\/status\/2095286501042999605?ref_src=twsrc%5Etfw\"><\/a><\/p><\/blockquote>\n<p><script async src=\"https:\/\/platform.twitter.com\/widgets.js\" charset=\"utf-8\"><\/script><\/p>\n<h2 class=\"article-text\">Los juegos m\u00e1s re\u00f1idos de la edici\u00f3n: \u201cEs pr\u00e1cticamente imposible hacer esto\u201d<\/h2>\n<p class=\"article-text\">\n        Todo comenz\u00f3 con el baile de Lalachus y Gorka Rodr\u00edguez para presentar \u201ccomo se merece\u201d a Ram\u00f3n Garc\u00eda. Tras ello, llegaron los padrinos que eliminaron a uno de los jugadores del equipo contrario para jugarse las &#8216;<strong>Cartas Doradas&#8217;<\/strong> en la &#8216;<strong>La Cuca\u00f1a&#8217;, que acab\u00f3 siendo \u201cla m\u00e1s disputada que he visto en a\u00f1os\u201d, seg\u00fan el presentador<\/strong>. Por uno <strong>ganaron la &#8216;Carta Dorada&#8217; los catalanes<\/strong>, con hasta 9 jamones recogidos.\n    <\/p>\n<blockquote class=\"twitter-tweet\" data-lang=\"es\"><p><a href=\"https:\/\/twitter.com\/X\/status\/2095245833708999007?ref_src=twsrc%5Etfw\"><\/a><\/p><\/blockquote>\n<p><script async src=\"https:\/\/platform.twitter.com\/widgets.js\" charset=\"utf-8\"><\/script><\/p>\n<p class=\"article-text\">\n        Tras ello, llegaron otros juegos que repartieron los puntos. A los de Quintanar del Rey se les dio mejor los &#8216;<strong>Recoge cocos<\/strong>&#8216; y &#8216;<strong>Baloncesto en pa\u00f1ales<\/strong>&#8216;. Mientras que los de Poliny\u00e0 demostraron m\u00e1s destreza en &#8216;<strong>Los ping\u00fcinos matem\u00e1ticos<\/strong>&#8216;, &#8216;<strong>La patata caliente<\/strong>&#8216; y &#8216;<strong>Alicia en el Pa\u00eds de las caidillas<\/strong>&#8216;.\n    <\/p>\n<p class=\"article-text\">\n        Ambos equipos confirmaron ser los mejores del verano empatando en &#8216;<strong>Misi\u00f3n zanahora<\/strong>&#8216; y protagonizando otra haza\u00f1a en <strong>&#8216;Los supercocineros<\/strong>&#8216;. En esta prueba marcaron exactamente el mismo tiempo ambos equipos: 2 minutos y 15 segundos. <strong>\u201cEsto no hab\u00eda pasado nunca en la historia del <\/strong><em><strong>Grand Prix<\/strong><\/em><strong>. Es pr\u00e1cticamente imposible hacer esto<\/strong>, un recorrido tan complicado con dos personas distintas en el mismo tiempo. Son los finalistas, son los mejores\u201d, dec\u00eda asombrado Ram\u00f3n.\n    <\/p>\n<blockquote class=\"twitter-tweet\" data-lang=\"es\"><p><a href=\"https:\/\/twitter.com\/X\/status\/2095269827145327007?ref_src=twsrc%5Etfw\"><\/a><\/p><\/blockquote>\n<p><script async src=\"https:\/\/platform.twitter.com\/widgets.js\" charset=\"utf-8\"><\/script><\/p>\n<h2 class=\"article-text\">&#8216;Culete&#8217; y &#8216;El &#8216;Diccionario&#8217; que decantaron la balanza a favor de Quintanar del Rey<\/h2>\n<p class=\"article-text\">\n        Los dos equipos llegaron empatados a 18 puntos a la &#8216;<strong>Champions Prix<\/strong>&#8216; que vencieron los catalanes dejando el marcador con un 20-19 frente a los castellano-manchegos.\n    <\/p>\n<p class=\"article-text\">\n        &#8216;<strong>Los troncos locos<\/strong>&#8216; tambi\u00e9n lograron la fascinaci\u00f3n del presentador al asegurar que nunca se hab\u00edan recogido tantos salmones. Y si le parecieron \u201cuna burrada\u201d los 10 logrados por Quintanar, ya fue \u201cincre\u00edble\u201d cuando contaron los 15 de Poliny\u00e0. \u201c<strong>Yo soy de Madrid, pero con lo que estoy viviendo esta noche, me siento de este pueblo<\/strong>\u201d, confesaba Victoria, como su madrina emocionada.\n    <\/p>\n<blockquote class=\"twitter-tweet\" data-lang=\"es\"><p><a href=\"https:\/\/twitter.com\/X\/status\/2095278231532298394?ref_src=twsrc%5Etfw\"><\/a><\/p><\/blockquote>\n<p><script async src=\"https:\/\/platform.twitter.com\/widgets.js\" charset=\"utf-8\"><\/script><\/p>\n<p class=\"article-text\">\n        &#8216;<strong>Los superbolos<\/strong>&#8216; recuperaron a la estrella de la temporada: Culete, el h\u00e9roe de Quintanar que derrib\u00f3 hasta a 8 dejando en pie solo a uno de ellos. Mientras Poliny\u00e0 solo hizo caer a dos.\n    <\/p>\n<p class=\"article-text\">\n        Con el marcador a 24 puntos para Poliny\u00e0 y 23 para Quintanar del Rey, entr\u00f3 en juego <strong>&#8216;El Diccionario<\/strong>&#8216; que escoger\u00eda al ganador definitivo de la edici\u00f3n. Cada pueblo acert\u00f3 su palabra, ronda tras ronda, hasta que <strong>Poliny\u00e0 fall\u00f3 al creer que exist\u00eda el t\u00e9rmino \u201cCruste\u201d<\/strong>, cuyo significado propuesto fue \u201calimento cocinado, capa externa dorada y crujiente\u201d. Con un \u201cno\u201d de Ram\u00f3n Garc\u00eda los catalanes conocieron su derrota de 30 puntos, frente a los 33 con los que se quedaron los castellano-manchegos, que se llevaron la victoria del <em><strong>Grand Prix 2026. <\/strong><\/em>\n    <\/p>\n<blockquote class=\"twitter-tweet\" data-lang=\"es\"><p><a href=\"https:\/\/twitter.com\/X\/status\/2095285322363838633?ref_src=twsrc%5Etfw\"><\/a><\/p><\/blockquote>\n<p><script async src=\"https:\/\/platform.twitter.com\/widgets.js\" charset=\"utf-8\"><\/script><\/p>\n<h2 class=\"article-text\">El discurso de Ram\u00f3n Garc\u00eda con la voz rota<\/h2>\n<p class=\"article-text\">\n        Antes de emitir la \u00faltima prueba de la noche y de conocer al ganador, <strong>Ram\u00f3n Garc\u00eda se sent\u00f3 en mitad del plat\u00f3 para hacer una reflexi\u00f3n <\/strong>sobre lo vivido en el programa: \u201cGracias a TVE que un a\u00f1o m\u00e1s sigue confiando en este formato veterano. A veces no es solo la audiencia lo importante, si no lo que queda en la memoria y en el coraz\u00f3n de los programas de televisi\u00f3n. <strong>Este quedar\u00e1 siempre en la memoria de todos<\/strong>\u201d, aseguraba con la voz rota.\n    <\/p>\n<blockquote class=\"twitter-tweet\" data-lang=\"es\"><p><a href=\"https:\/\/twitter.com\/X\/status\/2095281202542297223?ref_src=twsrc%5Etfw\"><\/a><\/p><\/blockquote>\n<p><script async src=\"https:\/\/platform.twitter.com\/widgets.js\" charset=\"utf-8\"><\/script><\/p>\n<p class=\"article-text\">\n        Cogi\u00f3 aire y continu\u00f3: \u201cPor eso siempre pienso que este programa no es nuestro, es vuestro, de todas las familias que durante 31 a\u00f1os nos est\u00e1is viendo y que todav\u00eda tienen la capacidad, en un tiempo de tabletas y de Internet, de <strong>juntar frente al televisor a toda una familia. Eso solo lo hace el<\/strong><em><strong> Grand Prix<\/strong><\/em><strong>, muchas gracias<\/strong>\u201d, sentenci\u00f3.\n    <\/p>\n<\/div>\n","protected":false},"excerpt":{"rendered":"<p>El &#8216;Grand Prix&#8217; enfrent\u00f3 a Poliny\u00e0 y Quintanar del Rey que demostraron ser los mejores de la temporada en una \u00faltima gala tan re\u00f1ida que dej\u00f3 los marcadores con n\u00fameros que Ram\u00f3n Garc\u00eda no se pod\u00eda creer: \u00abEs pr\u00e1cticamente imposible hacer esto\u00bb &#8216;El perro andaluz&#8217; anuncia los primeros invitados de Manu S\u00e1nchez y un fichaje [&hellip;]<\/p>\n","protected":false},"author":1,"featured_media":0,"comment_status":"closed","ping_status":"open","sticky":false,"template":"","format":"standard","meta":{"_et_pb_use_builder":"","_et_pb_old_content":"","_et_gb_content_width":"","footnotes":""},"categories":[6],"tags":[],"class_list":["post-216073","post","type-post","status-publish","format-standard","hentry","category-tv"],"_links":{"self":[{"href":"https:\/\/otraronda.xyz\/rock\/wp-json\/wp\/v2\/posts\/216073","targetHints":{"allow":["GET"]}}],"collection":[{"href":"https:\/\/otraronda.xyz\/rock\/wp-json\/wp\/v2\/posts"}],"about":[{"href":"https:\/\/otraronda.xyz\/rock\/wp-json\/wp\/v2\/types\/post"}],"author":[{"embeddable":true,"href":"https:\/\/otraronda.xyz\/rock\/wp-json\/wp\/v2\/users\/1"}],"replies":[{"embeddable":true,"href":"https:\/\/otraronda.xyz\/rock\/wp-json\/wp\/v2\/comments?post=216073"}],"version-history":[{"count":0,"href":"https:\/\/otraronda.xyz\/rock\/wp-json\/wp\/v2\/posts\/216073\/revisions"}],"wp:attachment":[{"href":"https:\/\/otraronda.xyz\/rock\/wp-json\/wp\/v2\/media?parent=216073"}],"wp:term":[{"taxonomy":"category","embeddable":true,"href":"https:\/\/otraronda.xyz\/rock\/wp-json\/wp\/v2\/categories?post=216073"},{"taxonomy":"post_tag","embeddable":true,"href":"https:\/\/otraronda.xyz\/rock\/wp-json\/wp\/v2\/tags?post=216073"}],"curies":[{"name":"wp","href":"https:\/\/api.w.org\/{rel}","templated":true}]}}