{"id":216072,"date":"2026-09-03T03:04:24","date_gmt":"2026-09-03T01:04:24","guid":{"rendered":"https:\/\/otraronda.xyz\/rock\/el-telediario-de-rtve-estrena-imagen-asi-es-el-nuevo-plato-su-cabecera-renovada-y-los-grafismos-de-vanguardia\/"},"modified":"2026-09-03T03:04:24","modified_gmt":"2026-09-03T01:04:24","slug":"el-telediario-de-rtve-estrena-imagen-asi-es-el-nuevo-plato-su-cabecera-renovada-y-los-grafismos-de-vanguardia","status":"publish","type":"post","link":"https:\/\/otraronda.xyz\/rock\/el-telediario-de-rtve-estrena-imagen-asi-es-el-nuevo-plato-su-cabecera-renovada-y-los-grafismos-de-vanguardia\/","title":{"rendered":"El Telediario de RTVE estrena imagen: as\u00ed es el nuevo plat\u00f3, su cabecera renovada y los grafismos de vanguardia"},"content":{"rendered":"<div>\n<p><img loading=\"lazy\" decoding=\"async\" src=\"https:\/\/static.eldiario.es\/clip\/b6e4b7e3-e076-4037-adab-85d0e1fb61fb_16-9-discover-aspect-ratio_default_0.jpg\" width=\"1200\" height=\"675\" alt=\"El Telediario de RTVE estrena imagen: as\u00ed es el nuevo plat\u00f3, su cabecera renovada y los grafismos de vanguardia\"><\/p>\n<div class=\"subtitles\">\n<p class=\"subtitle\">Arranca una nueva etapa en los Telediarios de RTVE. La periodista Alejandra Herranz estrena imagen visual en pleno 70\u00ba aniversario de TVE: nuevo plat\u00f3, cabecera renovada y grafismos de vanguardia<\/p>\n<p class=\"subtitle\">Adem\u00e1s &#8211; &#8216;La Revuelta&#8217; anuncia con iron\u00eda su fecha de vuelta a RTVE: \u201cLos colaboradores nos distraer\u00e1n de los esc\u00e1ndalos del Gobierno\u201d<\/p>\n<p class=\"subtitle\">Audiencias domingo &#8211; &#8216;El show de Paz&#8217; (5.7%) acaba con poco consuelo en Telecinco y La Vuelta (13.5%) lidera en La 1 con el triunfo de Enric Mas<\/p>\n<\/div>\n<p class=\"article-text\">\n        Importantes <strong>cambios <\/strong>en los<strong> <\/strong><a href=\"https:\/\/www.eldiario.es\/vertele\/temas\/telediario\/\" target=\"_blank\" data-mrf-recirculation=\"links-noticia\" class=\"link\"><strong>Telediarios<\/strong><\/a>. Los <a href=\"https:\/\/www.eldiario.es\/vertele\/temas\/informativos\/\" target=\"_blank\" data-mrf-recirculation=\"links-noticia\" class=\"link\"><strong>Informativos de RTVE<\/strong><\/a> han arrancado una nueva etapa \u2014con sus presentadores titulares\u2014 este lunes, 31 de agosto, mostrando una renovaci\u00f3n en pr\u00e1cticamente todos sus aspectos. Coincidiendo con el arranque de la temporada televisiva 2026-2027, la corporaci\u00f3n p\u00fablica ha estrenado una <strong>imagen renovada<\/strong>: hay nueva <strong>cabecera<\/strong>, una <strong>sinton\u00eda <\/strong>in\u00e9dita, <strong>grafismos <\/strong>que se transforman y una <strong>mesa <\/strong>que centra toda la atenci\u00f3n.\n    <\/p>\n<p class=\"article-text\">\n        La remodelaci\u00f3n est\u00e9tica se ha visto en pantalla por primera vez durante el <strong>Telediario 1<\/strong>, con <strong>Alejandra Herranz <\/strong>dando el pistoletazo de salida a esta evoluci\u00f3n visual. Eso s\u00ed, el renovado estilo que se ha mostrado en pantalla mantiene una l\u00ednea totalmente continuista. El mejor reflejo es que el <strong>logo estrenado en febrero de 2021<\/strong> contin\u00faa envolviendo cada una de sus emisiones. Conviene destacar que durante el pasado fin de semana se dejaron ver algunas novedades.\n    <\/p>\n<p class=\"article-text\">\n        Esta renovaci\u00f3n, como se anunci\u00f3 previamente, se aplicar\u00e1 a las distintas ventanas informativas de RTVE. Los cambios tambi\u00e9n llegar\u00e1n al<strong> Canal 24 horas<\/strong> y a los <strong>Centros Territoriales<\/strong>, compartiendo una <strong>identidad visual <\/strong>que permita reconocer la marca desde un primer vistazo. A modo de contexto, la <a href=\"https:\/\/www.eldiario.es\/vertele\/noticias\/telediarios-rtve-estrenan-nueva-linea-grafica-aplica-canal-24h_1_12569553.html\" target=\"_blank\" data-mrf-recirculation=\"links-noticia\" class=\"link\">anterior l\u00ednea gr\u00e1fica<\/a> se estren\u00f3 hace un a\u00f1o. Por otro lado, la <a href=\"https:\/\/www.eldiario.es\/vertele\/noticias\/telediario-tve-metamorfosis-evolucion-informativo-plato-historia-renovacion_1_7399594.html\" target=\"_blank\" data-mrf-recirculation=\"links-noticia\" class=\"link\">\u00faltima modificaci\u00f3n de instalaciones<\/a> se produjo en 2021, cerrando un periodo de hasta 13 a\u00f1os sin cambios destacables.\n    <\/p>\n<blockquote class=\"twitter-tweet\" data-lang=\"es\"><p><a href=\"https:\/\/twitter.com\/X\/status\/2094409627743994317?ref_src=twsrc%5Etfw\"><\/a><\/p><\/blockquote>\n<p><script async src=\"https:\/\/platform.twitter.com\/widgets.js\" charset=\"utf-8\"><\/script><\/p>\n<h2 class=\"article-text\">Cabecera y sinton\u00eda de estreno<\/h2>\n<p class=\"article-text\">\n        La <strong>cabecera <\/strong>no ha sido la carta de presentaci\u00f3n de esta ocasi\u00f3n. Un v\u00eddeo resumen ha funcionado como pistoletazo de salida a esta revoluci\u00f3n, que coincide con el 70\u00ba aniversario de TVE. La periodista Alejandra Herranz ha avanzado todas las <strong>novedades audiovisuales<\/strong> que, a partir de ahora, acompa\u00f1ar\u00e1n al Telediario: \u201cSiempre al servicio de la informaci\u00f3n veraz, de calidad e independiente\u201d.\n    <\/p>\n<p class=\"article-text\">\n        En ese momento, la careta ha entrado en acci\u00f3n: una creatividad de escasa duraci\u00f3n, con enorme protagonismo para el <strong>logo del Telediario<\/strong>. La tonalidad predominante sigue siendo <strong>azulada<\/strong>, pero acompa\u00f1ada ahora por <strong>degradados anaranjados<\/strong>. Mientras tanto, la <strong>nueva sinton\u00eda <\/strong>ha comenzado a sonar: no se trata de una ruptura con el pasado, sino de una <strong>evoluci\u00f3n <\/strong>que permite identificar la marca a la perfecci\u00f3n.\n    <\/p>\n<figure class=\"ni-figure\">\n<picture class=\"news-image\">\n                                    <!--[if IE 9]>\n                <video style=\"display: none;\"><![endif]--><source media=\"(max-width: 576px)\" type=\"image\/webp\" srcset=\"https:\/\/static.eldiario.es\/clip\/554b8991-97fa-4ce6-8bf4-e50a5036d517_16-9-discover-aspect-ratio_50p_0.webp\"><source media=\"(max-width: 576px)\" type=\"image\/jpg\" srcset=\"https:\/\/static.eldiario.es\/clip\/554b8991-97fa-4ce6-8bf4-e50a5036d517_16-9-discover-aspect-ratio_50p_0.jpg\"><source media=\"(max-width: 767px)\" type=\"image\/webp\" srcset=\"https:\/\/static.eldiario.es\/clip\/554b8991-97fa-4ce6-8bf4-e50a5036d517_16-9-discover-aspect-ratio_75p_0.webp\"><source media=\"(max-width: 767px)\" type=\"image\/jpg\" srcset=\"https:\/\/static.eldiario.es\/clip\/554b8991-97fa-4ce6-8bf4-e50a5036d517_16-9-discover-aspect-ratio_75p_0.jpg\"><source type=\"image\/webp\" srcset=\"https:\/\/static.eldiario.es\/clip\/554b8991-97fa-4ce6-8bf4-e50a5036d517_16-9-discover-aspect-ratio_default_0.webp\"><source type=\"image\/jpg\" srcset=\"https:\/\/static.eldiario.es\/clip\/554b8991-97fa-4ce6-8bf4-e50a5036d517_16-9-discover-aspect-ratio_default_0.jpg\"><!--[if IE 9]><\/video><![endif]--><\/p>\n<p>                <img decoding=\"async\" src=\"https:\/\/static.eldiario.es\/clip\/554b8991-97fa-4ce6-8bf4-e50a5036d517_16-9-discover-aspect-ratio_default_0.jpg\" alt=\"Cabecera del Telediario hasta agosto de 2026\"><\/p>\n<\/picture><figcaption class=\"image-footer\">\n            <span class=\"title\"><br \/>\n                Cabecera del Telediario hasta agosto de 2026                            <\/span><br \/>\n                                    <\/figcaption><\/figure>\n<figure class=\"ni-figure\">\n<picture class=\"news-image\">\n                                    <!--[if IE 9]>\n                <video style=\"display: none;\"><![endif]--><source media=\"(max-width: 576px)\" type=\"image\/webp\" srcset=\"https:\/\/static.eldiario.es\/clip\/442c91f8-46cd-4604-998e-8d7caacd41c2_16-9-discover-aspect-ratio_50p_0.webp\"><source media=\"(max-width: 576px)\" type=\"image\/jpg\" srcset=\"https:\/\/static.eldiario.es\/clip\/442c91f8-46cd-4604-998e-8d7caacd41c2_16-9-discover-aspect-ratio_50p_0.jpg\"><source media=\"(max-width: 767px)\" type=\"image\/webp\" srcset=\"https:\/\/static.eldiario.es\/clip\/442c91f8-46cd-4604-998e-8d7caacd41c2_16-9-discover-aspect-ratio_75p_0.webp\"><source media=\"(max-width: 767px)\" type=\"image\/jpg\" srcset=\"https:\/\/static.eldiario.es\/clip\/442c91f8-46cd-4604-998e-8d7caacd41c2_16-9-discover-aspect-ratio_75p_0.jpg\"><source type=\"image\/webp\" srcset=\"https:\/\/static.eldiario.es\/clip\/442c91f8-46cd-4604-998e-8d7caacd41c2_16-9-discover-aspect-ratio_default_0.webp\"><source type=\"image\/jpg\" srcset=\"https:\/\/static.eldiario.es\/clip\/442c91f8-46cd-4604-998e-8d7caacd41c2_16-9-discover-aspect-ratio_default_0.jpg\"><!--[if IE 9]><\/video><![endif]--><\/p>\n<p>                <img decoding=\"async\" src=\"https:\/\/static.eldiario.es\/clip\/442c91f8-46cd-4604-998e-8d7caacd41c2_16-9-discover-aspect-ratio_default_0.jpg\" alt=\"Nueva imagen del Telediario\"><\/p>\n<\/picture><figcaption class=\"image-footer\">\n            <span class=\"title\"><br \/>\n                Nueva imagen del Telediario                            <\/span><br \/>\n                                    <\/figcaption><\/figure>\n<h2 class=\"article-text\">Nuevos grafismos para los Telediarios<\/h2>\n<p class=\"article-text\">\n        Los <strong>grafismos <\/strong>s\u00ed que han sufrido grandes modificaciones, ahora <strong>despleg\u00e1ndose de manera vertical<\/strong> y no en horizontal como era habitual en etapas anteriores. Primero aparece una<strong> franja azul con el titular<\/strong>, con un<strong> espacio en blanco<\/strong> justo debajo donde se completa la <strong>informaci\u00f3n <\/strong>o se cita a la persona que protagoniza la pieza en concreto. Sin duda, un cambio a mejor para adaptarse a la vanguardia audiovisual.\n    <\/p>\n<figure class=\"ni-figure\">\n<picture class=\"news-image\">\n                                    <!--[if IE 9]>\n                <video style=\"display: none;\"><![endif]--><source media=\"(max-width: 576px)\" type=\"image\/webp\" srcset=\"https:\/\/static.eldiario.es\/clip\/0f18479c-b729-4fc5-b469-359b6110ea34_16-9-discover-aspect-ratio_50p_0.webp\"><source media=\"(max-width: 576px)\" type=\"image\/jpg\" srcset=\"https:\/\/static.eldiario.es\/clip\/0f18479c-b729-4fc5-b469-359b6110ea34_16-9-discover-aspect-ratio_50p_0.jpg\"><source media=\"(max-width: 767px)\" type=\"image\/webp\" srcset=\"https:\/\/static.eldiario.es\/clip\/0f18479c-b729-4fc5-b469-359b6110ea34_16-9-discover-aspect-ratio_75p_0.webp\"><source media=\"(max-width: 767px)\" type=\"image\/jpg\" srcset=\"https:\/\/static.eldiario.es\/clip\/0f18479c-b729-4fc5-b469-359b6110ea34_16-9-discover-aspect-ratio_75p_0.jpg\"><source type=\"image\/webp\" srcset=\"https:\/\/static.eldiario.es\/clip\/0f18479c-b729-4fc5-b469-359b6110ea34_16-9-discover-aspect-ratio_default_0.webp\"><source type=\"image\/jpg\" srcset=\"https:\/\/static.eldiario.es\/clip\/0f18479c-b729-4fc5-b469-359b6110ea34_16-9-discover-aspect-ratio_default_0.jpg\"><!--[if IE 9]><\/video><![endif]--><\/p>\n<p>                <img decoding=\"async\" src=\"https:\/\/static.eldiario.es\/clip\/0f18479c-b729-4fc5-b469-359b6110ea34_16-9-discover-aspect-ratio_default_0.jpg\" alt=\"Grafismos del Telediario, hasta agosto de 2026\"><\/p>\n<\/picture><figcaption class=\"image-footer\">\n            <span class=\"title\"><br \/>\n                Grafismos del Telediario, hasta agosto de 2026                            <\/span><br \/>\n                                    <\/figcaption><\/figure>\n<figure class=\"ni-figure\">\n<picture class=\"news-image\">\n                                    <!--[if IE 9]>\n                <video style=\"display: none;\"><![endif]--><source media=\"(max-width: 576px)\" type=\"image\/webp\" srcset=\"https:\/\/static.eldiario.es\/clip\/863c5da2-2d04-4c76-9897-977fb05aa6e0_16-9-discover-aspect-ratio_50p_0.webp\"><source media=\"(max-width: 576px)\" type=\"image\/jpg\" srcset=\"https:\/\/static.eldiario.es\/clip\/863c5da2-2d04-4c76-9897-977fb05aa6e0_16-9-discover-aspect-ratio_50p_0.jpg\"><source media=\"(max-width: 767px)\" type=\"image\/webp\" srcset=\"https:\/\/static.eldiario.es\/clip\/863c5da2-2d04-4c76-9897-977fb05aa6e0_16-9-discover-aspect-ratio_75p_0.webp\"><source media=\"(max-width: 767px)\" type=\"image\/jpg\" srcset=\"https:\/\/static.eldiario.es\/clip\/863c5da2-2d04-4c76-9897-977fb05aa6e0_16-9-discover-aspect-ratio_75p_0.jpg\"><source type=\"image\/webp\" srcset=\"https:\/\/static.eldiario.es\/clip\/863c5da2-2d04-4c76-9897-977fb05aa6e0_16-9-discover-aspect-ratio_default_0.webp\"><source type=\"image\/jpg\" srcset=\"https:\/\/static.eldiario.es\/clip\/863c5da2-2d04-4c76-9897-977fb05aa6e0_16-9-discover-aspect-ratio_default_0.jpg\"><!--[if IE 9]><\/video><![endif]--><\/p>\n<p>                <img decoding=\"async\" src=\"https:\/\/static.eldiario.es\/clip\/863c5da2-2d04-4c76-9897-977fb05aa6e0_16-9-discover-aspect-ratio_default_0.jpg\" alt=\"Nuevos grafismos del Telediario\"><\/p>\n<\/picture><figcaption class=\"image-footer\">\n            <span class=\"title\"><br \/>\n                Nuevos grafismos del Telediario                            <\/span><br \/>\n                                    <\/figcaption><\/figure>\n<h2 class=\"article-text\">Revoluci\u00f3n en el plat\u00f3, con tendencia continuista<\/h2>\n<p class=\"article-text\">\n        El <strong>nuevo plat\u00f3<\/strong> ha acaparado la lista de novedades, adapt\u00e1ndose a la tendencia instalada en otras televisiones de \u00e1mbito europeo. Este nuevo espacio incorpora un<strong> ecosistema de pantallas <\/strong>para introducir una mayor cantidad de informaci\u00f3n, contexto y recursos visuales en cada una de las emisiones. La intenci\u00f3n, adem\u00e1s, ha sido preparar el espacio de cara a la incorporaci\u00f3n de nuevas tecnolog\u00edas como la <strong>realidad aumentada <\/strong>o los <strong>fondos virtuales<\/strong>.\n    <\/p>\n<figure class=\"ni-figure\">\n<picture class=\"news-image\">\n                                    <!--[if IE 9]>\n                <video style=\"display: none;\"><![endif]--><source media=\"(max-width: 576px)\" type=\"image\/webp\" srcset=\"https:\/\/static.eldiario.es\/clip\/7cf24c00-1e8e-46ca-b1a8-5eca29199013_16-9-discover-aspect-ratio_50p_0.webp\"><source media=\"(max-width: 576px)\" type=\"image\/jpg\" srcset=\"https:\/\/static.eldiario.es\/clip\/7cf24c00-1e8e-46ca-b1a8-5eca29199013_16-9-discover-aspect-ratio_50p_0.jpg\"><source media=\"(max-width: 767px)\" type=\"image\/webp\" srcset=\"https:\/\/static.eldiario.es\/clip\/7cf24c00-1e8e-46ca-b1a8-5eca29199013_16-9-discover-aspect-ratio_75p_0.webp\"><source media=\"(max-width: 767px)\" type=\"image\/jpg\" srcset=\"https:\/\/static.eldiario.es\/clip\/7cf24c00-1e8e-46ca-b1a8-5eca29199013_16-9-discover-aspect-ratio_75p_0.jpg\"><source type=\"image\/webp\" srcset=\"https:\/\/static.eldiario.es\/clip\/7cf24c00-1e8e-46ca-b1a8-5eca29199013_16-9-discover-aspect-ratio_default_0.webp\"><source type=\"image\/jpg\" srcset=\"https:\/\/static.eldiario.es\/clip\/7cf24c00-1e8e-46ca-b1a8-5eca29199013_16-9-discover-aspect-ratio_default_0.jpg\"><!--[if IE 9]><\/video><![endif]--><\/p>\n<p>                <img decoding=\"async\" src=\"https:\/\/static.eldiario.es\/clip\/7cf24c00-1e8e-46ca-b1a8-5eca29199013_16-9-discover-aspect-ratio_default_0.jpg\" alt=\"Plat\u00f3 provisional del Telediario\"><\/p>\n<\/picture><figcaption class=\"image-footer\">\n            <span class=\"title\"><br \/>\n                Plat\u00f3 provisional del Telediario                            <\/span><br \/>\n                                    <\/figcaption><\/figure>\n<figure class=\"ni-figure\">\n<picture class=\"news-image\">\n                                    <!--[if IE 9]>\n                <video style=\"display: none;\"><![endif]--><source media=\"(max-width: 576px)\" type=\"image\/webp\" srcset=\"https:\/\/static.eldiario.es\/clip\/ab470132-707c-43d5-be3f-fe3fb9c39643_16-9-discover-aspect-ratio_50p_0.webp\"><source media=\"(max-width: 576px)\" type=\"image\/jpg\" srcset=\"https:\/\/static.eldiario.es\/clip\/ab470132-707c-43d5-be3f-fe3fb9c39643_16-9-discover-aspect-ratio_50p_0.jpg\"><source media=\"(max-width: 767px)\" type=\"image\/webp\" srcset=\"https:\/\/static.eldiario.es\/clip\/ab470132-707c-43d5-be3f-fe3fb9c39643_16-9-discover-aspect-ratio_75p_0.webp\"><source media=\"(max-width: 767px)\" type=\"image\/jpg\" srcset=\"https:\/\/static.eldiario.es\/clip\/ab470132-707c-43d5-be3f-fe3fb9c39643_16-9-discover-aspect-ratio_75p_0.jpg\"><source type=\"image\/webp\" srcset=\"https:\/\/static.eldiario.es\/clip\/ab470132-707c-43d5-be3f-fe3fb9c39643_16-9-discover-aspect-ratio_default_0.webp\"><source type=\"image\/jpg\" srcset=\"https:\/\/static.eldiario.es\/clip\/ab470132-707c-43d5-be3f-fe3fb9c39643_16-9-discover-aspect-ratio_default_0.jpg\"><!--[if IE 9]><\/video><![endif]--><\/p>\n<p>                <img decoding=\"async\" src=\"https:\/\/static.eldiario.es\/clip\/ab470132-707c-43d5-be3f-fe3fb9c39643_16-9-discover-aspect-ratio_default_0.jpg\" alt=\"Nuevo plat\u00f3 del Telediario\"><\/p>\n<\/picture><figcaption class=\"image-footer\">\n            <span class=\"title\"><br \/>\n                Nuevo plat\u00f3 del Telediario                            <\/span><br \/>\n                                    <\/figcaption><\/figure>\n<h2 class=\"article-text\">Mesa completamente renovada<\/h2>\n<p class=\"article-text\">\n        La mesa tambi\u00e9n ha sido uno de los puntos fuertes en esta nueva etapa. A partir de esta temporada, el Telediario contar\u00e1 con una<strong> mesa modular <\/strong>capaz de modificar su configuraci\u00f3n seg\u00fan las necesidades. Se han dejado a un lado las l\u00edneas curvas, apostando por <strong>extremos rectil\u00edneos <\/strong>que permiten <strong>unir otras piezas de manera org\u00e1nica<\/strong>. Como se ha citado anteriormente, la nueva imagen inundar\u00e1 todas las emisiones informativas.\n    <\/p>\n<figure class=\"ni-figure\">\n<picture class=\"news-image\">\n                                    <!--[if IE 9]>\n                <video style=\"display: none;\"><![endif]--><source media=\"(max-width: 576px)\" type=\"image\/webp\" srcset=\"https:\/\/static.eldiario.es\/clip\/52cfaede-d2aa-4c83-9488-ad3d803e2ad4_16-9-discover-aspect-ratio_50p_0.webp\"><source media=\"(max-width: 576px)\" type=\"image\/jpg\" srcset=\"https:\/\/static.eldiario.es\/clip\/52cfaede-d2aa-4c83-9488-ad3d803e2ad4_16-9-discover-aspect-ratio_50p_0.jpg\"><source media=\"(max-width: 767px)\" type=\"image\/webp\" srcset=\"https:\/\/static.eldiario.es\/clip\/52cfaede-d2aa-4c83-9488-ad3d803e2ad4_16-9-discover-aspect-ratio_75p_0.webp\"><source media=\"(max-width: 767px)\" type=\"image\/jpg\" srcset=\"https:\/\/static.eldiario.es\/clip\/52cfaede-d2aa-4c83-9488-ad3d803e2ad4_16-9-discover-aspect-ratio_75p_0.jpg\"><source type=\"image\/webp\" srcset=\"https:\/\/static.eldiario.es\/clip\/52cfaede-d2aa-4c83-9488-ad3d803e2ad4_16-9-discover-aspect-ratio_default_0.webp\"><source type=\"image\/jpg\" srcset=\"https:\/\/static.eldiario.es\/clip\/52cfaede-d2aa-4c83-9488-ad3d803e2ad4_16-9-discover-aspect-ratio_default_0.jpg\"><!--[if IE 9]><\/video><![endif]--><\/p>\n<p>                <img decoding=\"async\" src=\"https:\/\/static.eldiario.es\/clip\/52cfaede-d2aa-4c83-9488-ad3d803e2ad4_16-9-discover-aspect-ratio_default_0.jpg\" alt=\"Mesa anterior del 'Telediario'\"><\/p>\n<\/picture><figcaption class=\"image-footer\">\n            <span class=\"title\"><br \/>\n                Mesa anterior del &#8216;Telediario&#8217;                            <\/span><br \/>\n                                    <\/figcaption><\/figure>\n<figure class=\"ni-figure\">\n<picture class=\"news-image\">\n                                    <!--[if IE 9]>\n                <video style=\"display: none;\"><![endif]--><source media=\"(max-width: 576px)\" type=\"image\/webp\" srcset=\"https:\/\/static.eldiario.es\/clip\/9b00cff4-f6ba-487d-85f8-e46e651b5180_16-9-discover-aspect-ratio_50p_0.webp\"><source media=\"(max-width: 576px)\" type=\"image\/jpg\" srcset=\"https:\/\/static.eldiario.es\/clip\/9b00cff4-f6ba-487d-85f8-e46e651b5180_16-9-discover-aspect-ratio_50p_0.jpg\"><source media=\"(max-width: 767px)\" type=\"image\/webp\" srcset=\"https:\/\/static.eldiario.es\/clip\/9b00cff4-f6ba-487d-85f8-e46e651b5180_16-9-discover-aspect-ratio_75p_0.webp\"><source media=\"(max-width: 767px)\" type=\"image\/jpg\" srcset=\"https:\/\/static.eldiario.es\/clip\/9b00cff4-f6ba-487d-85f8-e46e651b5180_16-9-discover-aspect-ratio_75p_0.jpg\"><source type=\"image\/webp\" srcset=\"https:\/\/static.eldiario.es\/clip\/9b00cff4-f6ba-487d-85f8-e46e651b5180_16-9-discover-aspect-ratio_default_0.webp\"><source type=\"image\/jpg\" srcset=\"https:\/\/static.eldiario.es\/clip\/9b00cff4-f6ba-487d-85f8-e46e651b5180_16-9-discover-aspect-ratio_default_0.jpg\"><!--[if IE 9]><\/video><![endif]--><\/p>\n<p>                <img decoding=\"async\" src=\"https:\/\/static.eldiario.es\/clip\/9b00cff4-f6ba-487d-85f8-e46e651b5180_16-9-discover-aspect-ratio_default_0.jpg\" alt=\"Nueva mesa del Telediario\"><\/p>\n<\/picture><figcaption class=\"image-footer\">\n            <span class=\"title\"><br \/>\n                Nueva mesa del Telediario                            <\/span><br \/>\n                                    <\/figcaption><\/figure>\n<h2 class=\"article-text\"><strong>Las fotos oficiales del nuevo plat\u00f3 de los Telediarios<\/strong><\/h2>\n<figure class=\"ni-figure\">\n<picture class=\"news-image\">\n                                    <!--[if IE 9]>\n                <video style=\"display: none;\"><![endif]--><source media=\"(max-width: 576px)\" type=\"image\/webp\" srcset=\"https:\/\/static.eldiario.es\/clip\/0f8d73d9-04a6-4f75-b59a-04d375aa479b_16-9-discover-aspect-ratio_50p_0.webp\"><source media=\"(max-width: 576px)\" type=\"image\/jpg\" srcset=\"https:\/\/static.eldiario.es\/clip\/0f8d73d9-04a6-4f75-b59a-04d375aa479b_16-9-discover-aspect-ratio_50p_0.jpg\"><source media=\"(max-width: 767px)\" type=\"image\/webp\" srcset=\"https:\/\/static.eldiario.es\/clip\/0f8d73d9-04a6-4f75-b59a-04d375aa479b_16-9-discover-aspect-ratio_75p_0.webp\"><source media=\"(max-width: 767px)\" type=\"image\/jpg\" srcset=\"https:\/\/static.eldiario.es\/clip\/0f8d73d9-04a6-4f75-b59a-04d375aa479b_16-9-discover-aspect-ratio_75p_0.jpg\"><source type=\"image\/webp\" srcset=\"https:\/\/static.eldiario.es\/clip\/0f8d73d9-04a6-4f75-b59a-04d375aa479b_16-9-discover-aspect-ratio_default_0.webp\"><source type=\"image\/jpg\" srcset=\"https:\/\/static.eldiario.es\/clip\/0f8d73d9-04a6-4f75-b59a-04d375aa479b_16-9-discover-aspect-ratio_default_0.jpg\"><!--[if IE 9]><\/video><![endif]--><\/p>\n<p>                <img decoding=\"async\" src=\"https:\/\/static.eldiario.es\/clip\/0f8d73d9-04a6-4f75-b59a-04d375aa479b_16-9-discover-aspect-ratio_default_0.jpg\" alt=\"Nuevo plat\u00f3 Informativos TVE\"><\/p>\n<\/picture><figcaption class=\"image-footer\">\n            <span class=\"title\"><br \/>\n                Nuevo plat\u00f3 Informativos TVE                            <\/span><br \/>\n                                    <\/figcaption><\/figure>\n<figure class=\"ni-figure\">\n<picture class=\"news-image\">\n                                    <!--[if IE 9]>\n                <video style=\"display: none;\"><![endif]--><source media=\"(max-width: 576px)\" type=\"image\/webp\" srcset=\"https:\/\/static.eldiario.es\/clip\/818ed184-41e9-4ce7-b212-fd40043d29a2_16-9-discover-aspect-ratio_50p_0.webp\"><source media=\"(max-width: 576px)\" type=\"image\/jpg\" srcset=\"https:\/\/static.eldiario.es\/clip\/818ed184-41e9-4ce7-b212-fd40043d29a2_16-9-discover-aspect-ratio_50p_0.jpg\"><source media=\"(max-width: 767px)\" type=\"image\/webp\" srcset=\"https:\/\/static.eldiario.es\/clip\/818ed184-41e9-4ce7-b212-fd40043d29a2_16-9-discover-aspect-ratio_75p_0.webp\"><source media=\"(max-width: 767px)\" type=\"image\/jpg\" srcset=\"https:\/\/static.eldiario.es\/clip\/818ed184-41e9-4ce7-b212-fd40043d29a2_16-9-discover-aspect-ratio_75p_0.jpg\"><source type=\"image\/webp\" srcset=\"https:\/\/static.eldiario.es\/clip\/818ed184-41e9-4ce7-b212-fd40043d29a2_16-9-discover-aspect-ratio_default_0.webp\"><source type=\"image\/jpg\" srcset=\"https:\/\/static.eldiario.es\/clip\/818ed184-41e9-4ce7-b212-fd40043d29a2_16-9-discover-aspect-ratio_default_0.jpg\"><!--[if IE 9]><\/video><![endif]--><\/p>\n<p>                <img decoding=\"async\" src=\"https:\/\/static.eldiario.es\/clip\/818ed184-41e9-4ce7-b212-fd40043d29a2_16-9-discover-aspect-ratio_default_0.jpg\" alt=\"Nuevo plat\u00f3 Informativos TVE\"><\/p>\n<\/picture><figcaption class=\"image-footer\">\n            <span class=\"title\"><br \/>\n                Nuevo plat\u00f3 Informativos TVE                            <\/span><br \/>\n                                    <\/figcaption><\/figure>\n<figure class=\"ni-figure\">\n<picture class=\"news-image\">\n                                    <!--[if IE 9]>\n                <video style=\"display: none;\"><![endif]--><source media=\"(max-width: 576px)\" type=\"image\/webp\" srcset=\"https:\/\/static.eldiario.es\/clip\/1fbeca55-51ac-4480-a642-6b27ace3f107_16-9-discover-aspect-ratio_50p_0.webp\"><source media=\"(max-width: 576px)\" type=\"image\/jpg\" srcset=\"https:\/\/static.eldiario.es\/clip\/1fbeca55-51ac-4480-a642-6b27ace3f107_16-9-discover-aspect-ratio_50p_0.jpg\"><source media=\"(max-width: 767px)\" type=\"image\/webp\" srcset=\"https:\/\/static.eldiario.es\/clip\/1fbeca55-51ac-4480-a642-6b27ace3f107_16-9-discover-aspect-ratio_75p_0.webp\"><source media=\"(max-width: 767px)\" type=\"image\/jpg\" srcset=\"https:\/\/static.eldiario.es\/clip\/1fbeca55-51ac-4480-a642-6b27ace3f107_16-9-discover-aspect-ratio_75p_0.jpg\"><source type=\"image\/webp\" srcset=\"https:\/\/static.eldiario.es\/clip\/1fbeca55-51ac-4480-a642-6b27ace3f107_16-9-discover-aspect-ratio_default_0.webp\"><source type=\"image\/jpg\" srcset=\"https:\/\/static.eldiario.es\/clip\/1fbeca55-51ac-4480-a642-6b27ace3f107_16-9-discover-aspect-ratio_default_0.jpg\"><!--[if IE 9]><\/video><![endif]--><\/p>\n<p>                <img decoding=\"async\" src=\"https:\/\/static.eldiario.es\/clip\/1fbeca55-51ac-4480-a642-6b27ace3f107_16-9-discover-aspect-ratio_default_0.jpg\" alt=\"Nuevo plat\u00f3 Informativos TVE\"><\/p>\n<\/picture><figcaption class=\"image-footer\">\n            <span class=\"title\"><br \/>\n                Nuevo plat\u00f3 Informativos TVE                            <\/span><br \/>\n                                    <\/figcaption><\/figure>\n<\/div>\n","protected":false},"excerpt":{"rendered":"<p>Arranca una nueva etapa en los Telediarios de RTVE. La periodista Alejandra Herranz estrena imagen visual en pleno 70\u00ba aniversario de TVE: nuevo plat\u00f3, cabecera renovada y grafismos de vanguardia Adem\u00e1s &#8211; &#8216;La Revuelta&#8217; anuncia con iron\u00eda su fecha de vuelta a RTVE: \u201cLos colaboradores nos distraer\u00e1n de los esc\u00e1ndalos del Gobierno\u201d Audiencias domingo &#8211; [&hellip;]<\/p>\n","protected":false},"author":1,"featured_media":0,"comment_status":"closed","ping_status":"open","sticky":false,"template":"","format":"standard","meta":{"_et_pb_use_builder":"","_et_pb_old_content":"","_et_gb_content_width":"","footnotes":""},"categories":[6],"tags":[],"class_list":["post-216072","post","type-post","status-publish","format-standard","hentry","category-tv"],"_links":{"self":[{"href":"https:\/\/otraronda.xyz\/rock\/wp-json\/wp\/v2\/posts\/216072","targetHints":{"allow":["GET"]}}],"collection":[{"href":"https:\/\/otraronda.xyz\/rock\/wp-json\/wp\/v2\/posts"}],"about":[{"href":"https:\/\/otraronda.xyz\/rock\/wp-json\/wp\/v2\/types\/post"}],"author":[{"embeddable":true,"href":"https:\/\/otraronda.xyz\/rock\/wp-json\/wp\/v2\/users\/1"}],"replies":[{"embeddable":true,"href":"https:\/\/otraronda.xyz\/rock\/wp-json\/wp\/v2\/comments?post=216072"}],"version-history":[{"count":0,"href":"https:\/\/otraronda.xyz\/rock\/wp-json\/wp\/v2\/posts\/216072\/revisions"}],"wp:attachment":[{"href":"https:\/\/otraronda.xyz\/rock\/wp-json\/wp\/v2\/media?parent=216072"}],"wp:term":[{"taxonomy":"category","embeddable":true,"href":"https:\/\/otraronda.xyz\/rock\/wp-json\/wp\/v2\/categories?post=216072"},{"taxonomy":"post_tag","embeddable":true,"href":"https:\/\/otraronda.xyz\/rock\/wp-json\/wp\/v2\/tags?post=216072"}],"curies":[{"name":"wp","href":"https:\/\/api.w.org\/{rel}","templated":true}]}}