{"id":216070,"date":"2026-09-03T01:58:36","date_gmt":"2026-09-02T23:58:36","guid":{"rendered":"https:\/\/otraronda.xyz\/rock\/la-mesa-se-estrena-en-antena-3-con-cristina-pardo-nerviosa-debates-sin-gritos-y-un-alsina-reacio-a-la-politica\/"},"modified":"2026-09-03T01:58:36","modified_gmt":"2026-09-02T23:58:36","slug":"la-mesa-se-estrena-en-antena-3-con-cristina-pardo-nerviosa-debates-sin-gritos-y-un-alsina-reacio-a-la-politica","status":"publish","type":"post","link":"https:\/\/otraronda.xyz\/rock\/la-mesa-se-estrena-en-antena-3-con-cristina-pardo-nerviosa-debates-sin-gritos-y-un-alsina-reacio-a-la-politica\/","title":{"rendered":"&#8216;La Mesa&#8217; se estrena en Antena 3 con Cristina Pardo \u00abnerviosa\u00bb, debates sin gritos y un Alsina \u00abreacio\u00bb a la pol\u00edtica"},"content":{"rendered":"<div>\n<p><img loading=\"lazy\" decoding=\"async\" src=\"https:\/\/static.eldiario.es\/clip\/48f59eda-2df0-41f8-9a99-d6dfbd42066f_16-9-discover-aspect-ratio_default_0.jpg\" width=\"1200\" height=\"675\" alt=\"'La Mesa' se estrena en Antena 3 con Cristina Pardo &quot;nerviosa&quot;, debates sin gritos y un Alsina &quot;reacio&quot; a la pol\u00edtica\"><\/p>\n<div class=\"subtitles\">\n<p class=\"subtitle\">Cristina Pardo arranc\u00f3 su primer programa conduciendo hasta cuatro debates en una misma &#8216;Mesa&#8217; por la que pas\u00f3 Vicente Vall\u00e9s, Carlos Alsina, Pepe Navarro, Inma del Moral y la hermana de Georgina Rodr\u00edguez, entre otros<\/p>\n<p class=\"subtitle\">Telecinco evita el duelo de su nuevo &#8216;Rosco&#8217; con &#8216;Pasapalabra&#8217;, y emitir\u00e1 &#8216;Rueda la letra&#8217; como telonero de &#8216;All\u00e1 t\u00fa&#8217;<\/p>\n<p class=\"subtitle\">La S\u00e9ptima ficha a Noor Ben Yessef, ex de Antena 3, para presentar un programa diario de prime time<\/p>\n<\/div>\n<p class=\"article-text\">\n        Este mi\u00e9rcoles, 2 de septiembre, <strong>Antena 3 <\/strong>inaugur\u00f3 su temporada de estrenos con <em><strong>La Mesa,<\/strong><\/em> el nuevo programa de <strong>Cristina Pardo<\/strong> para el prime time de los mi\u00e9rcoles. El formato producido por <strong>Buend\u00eda Estudios<\/strong> no lleg\u00f3 hasta pasadas las 23:15 horas, tras un <em>Hormiguero<\/em> repetido y con una confesi\u00f3n de la presentadora a sus espectadores:\n    <\/p>\n<p class=\"article-text\">\n        <strong>\u201cSean indulgentes que estoy un poco nerviosa. <\/strong>Estamos en directo y estamos en Antena 3, lo digo por m\u00ed porque <strong>llevaba 20 a\u00f1os viviendo en otro piso y ahora me he cambiado.<\/strong> Aqu\u00ed se van a encontrar lo importante y lo fr\u00edvolo porque al final todo ocurre en torno a una mesa. La mesa tendr\u00e1 vida propia y ser\u00e1 mi Kit, mi coche fant\u00e1stico\u201d, asegur\u00f3 mirando a c\u00e1mara.\n    <\/p>\n<p class=\"article-text\">\n        En el centro del plat\u00f3 estaba <em>La Mesa <\/em>que interactuaba con la presentadora e incluso serv\u00eda de pantalla de algunos v\u00eddeos que se proyectaban en ella. Detr\u00e1s de Pardo se ve\u00eda un skyline nocturno que marcaba el tono de un <strong>programa de debate, pero m\u00e1s pausado, sin griter\u00edo, con tertulianos que no se pisaban y que ayudaban a ir atenuando las luces de las casas <\/strong>de los espectadores.\n    <\/p>\n<blockquote class=\"twitter-tweet\" data-lang=\"es\"><p><a href=\"https:\/\/twitter.com\/X\/status\/2095261216440475698?ref_src=twsrc%5Etfw\"><\/a><\/p><\/blockquote>\n<p><script async src=\"https:\/\/platform.twitter.com\/widgets.js\" charset=\"utf-8\"><\/script><\/p>\n<p class=\"article-text\">\n        El formato cont\u00f3 con hasta cuatro grandes temas sobre la misma mesa: un primero de actualidad pol\u00edtica, con <strong>Vicente Vall\u00e9s<\/strong> entre los tertulianos. Un segundo de actualidad con pol\u00edtica indirecta, con <strong>Carlos Alsina.<\/strong> Un tercero sobre el precio de la fama y un cuarto m\u00e1s distendido sobre las redes sociales y el dinero r\u00e1pido.\n    <\/p>\n<h2 class=\"article-text\">La primera mesa con Ceuta en el centro del debate<\/h2>\n<p class=\"article-text\">\n        En la primera mesa se sentaron <strong>Vicente Vall\u00e9s<\/strong> \u201cla persona que mejor pone en contexto las noticias en este pa\u00eds\u201d seg\u00fan defini\u00f3 la presentadora, junto a <strong>Javier Nart, Irene Dorta e Iv\u00e1n Redondo <\/strong>para arrancar el programa con el \u201cgran tema de la noche\u201d: <strong>la situaci\u00f3n en Ceuta. <\/strong>\n    <\/p>\n<p class=\"article-text\">\n        Para ello tambi\u00e9n conectaron por videollamada con el exdirector del CNI, <strong>Alberto S\u00e1iz<\/strong>. Opinaron sobre las razones por las que el Gobierno estaba tomando unos u otras decisiones y sobre el papel de la Monarqu\u00eda ante lo ocurrido, entre otros temas.\n    <\/p>\n<blockquote class=\"twitter-tweet\" data-lang=\"es\"><p><a href=\"https:\/\/twitter.com\/X\/status\/2095268815894450299?ref_src=twsrc%5Etfw\"><\/a><\/p><\/blockquote>\n<p><script async src=\"https:\/\/platform.twitter.com\/widgets.js\" charset=\"utf-8\"><\/script><\/p>\n<h2 class=\"article-text\">Carlos Alsina sin \u201cninguna gana\u201d de hablar de pol\u00edtica, pero s\u00ed de forma indirecta<\/h2>\n<p class=\"article-text\">\n        Para la siguiente mesa, Pardo dej\u00f3 que se quedaran Vall\u00e9s y Redondo y pidi\u00f3 la entrada del &#8216;gran personaje&#8217; de la noche: <strong>Carlos Alsina.<\/strong> Aunque inform\u00f3 de que \u00e9l <strong>\u201cno ten\u00eda ninguna gana\u201d de hablar de pol\u00edtica, \u201cestoy completamente reacio\u201d, <\/strong>reiter\u00f3, la realidad es que lo acab\u00f3 haciendo de forma indirecta.\n    <\/p>\n<p class=\"article-text\">\n        La presentadora le lanz\u00f3 una bater\u00eda de preguntas de \u201cno pol\u00edtica\u201d con las siguientes hip\u00f3tesis: <strong>\u201c\u00bfCrees que el jefe de una empresa si ve que en verano surge un problema grave, como una avalancha de inmigrantes, debe suspender sus vacaciones?<\/strong>\u201d, \u00bfqu\u00e9 deber\u00eda pasar si se demuestra que el jefe de esa empresa recibi\u00f3 avisos de esa situaci\u00f3n aunque \u00e9l dice que no se enter\u00f3?\u201c, o \u201d\u00bfqu\u00e9 pensar\u00edas si el jefe de esa empresa peloteara al causante de ese problema\u201c, entre otras.\n    <\/p>\n<p class=\"article-text\">\n        Alsina respondi\u00f3 a todas y cada una, recalcando que hablaba de <strong>\u201chip\u00f3tesis que ocurrir\u00edan al jefe de una empresa\u201d<\/strong>, aunque por momentos hizo referencia al Congreso de los Diputados y otras instituciones pol\u00edticas.\n    <\/p>\n<blockquote class=\"twitter-tweet\" data-lang=\"es\"><p><a href=\"https:\/\/twitter.com\/X\/status\/2095274141242823090?ref_src=twsrc%5Etfw\"><\/a><\/p><\/blockquote>\n<p><script async src=\"https:\/\/platform.twitter.com\/widgets.js\" charset=\"utf-8\"><\/script><\/p>\n<h2 class=\"article-text\">Pepe Navarro e Ivana Rodr\u00edguez hablaron del precio de la fama<\/h2>\n<p class=\"article-text\">\n        Pardo despidi\u00f3 a Alsina, a Vall\u00e9s y a Iv\u00e1n para dar paso a su tercera mesa en la que los espectadores estaban \u201cen el centro de la conversaci\u00f3n\u201d. Para comentar esos temas se sentaron junto a ella <strong>Pepe Navarro, M\u00e1ximo Huerta, Ivana Rodr\u00edguez y Roc\u00edo Domingo<\/strong>, una influencer por sorpresa.\n    <\/p>\n<p class=\"article-text\">\n        Junto a ellos reflexion\u00f3 sobre <strong>si ser famosos sale a cuenta, las distintas formas de lograr la fama, el impacto de pasar de an\u00f3nimo a conocido y la preocupaci\u00f3n por c\u00f3mo les recordar\u00e1 la gente<\/strong>. Minutos m\u00e1s tarde tambi\u00e9n entr\u00f3 <strong>Inma del Moral <\/strong>a plat\u00f3, para explicar c\u00f3mo pas\u00f3 de ser una de las reporteras m\u00e1s famosas de la televisi\u00f3n a trabajar en una farmacia.\n    <\/p>\n<blockquote class=\"twitter-tweet\" data-lang=\"es\"><p><a href=\"https:\/\/twitter.com\/X\/status\/2095292606410268682?ref_src=twsrc%5Etfw\"><\/a><\/p><\/blockquote>\n<p><script async src=\"https:\/\/platform.twitter.com\/widgets.js\" charset=\"utf-8\"><\/script><\/p>\n<h2 class=\"article-text\">La cuarta mesa sobre OnlyFans<\/h2>\n<p class=\"article-text\">\n        Para la \u00faltima ronda de debate, Pardo se qued\u00f3 con Navarro y Huerta, y sum\u00f3 a una sex\u00f3loga, a una madre y una hija para hablar de Onlyfans y de la huella digital.\n    <\/p>\n<p class=\"article-text\">\n        En esta mesa hubo espacio para el <strong>humor, las curiosidades, las historias m\u00e1s personales<\/strong> y personajes distintos a los que estamos acostumbrados a ver como tertulianos televisivos.\n    <\/p>\n<blockquote class=\"twitter-tweet\" data-lang=\"es\"><p><a href=\"https:\/\/twitter.com\/X\/status\/2095296329056473240?ref_src=twsrc%5Etfw\"><\/a><\/p><\/blockquote>\n<p><script async src=\"https:\/\/platform.twitter.com\/widgets.js\" charset=\"utf-8\"><\/script><\/p>\n<p class=\"article-text\">\n        Finalmente, Pardo se despidi\u00f3 de la audiencia con el deseo de que este fuera \u201c<strong>el primero de muchos programas<\/strong>\u201d y con la promesa de que poco a poco se ir\u00edan soltando m\u00e1s: \u201cNo sabemos c\u00f3mo acabar\u00e1 esto\u201d.\n    <\/p>\n<\/div>\n","protected":false},"excerpt":{"rendered":"<p>Cristina Pardo arranc\u00f3 su primer programa conduciendo hasta cuatro debates en una misma &#8216;Mesa&#8217; por la que pas\u00f3 Vicente Vall\u00e9s, Carlos Alsina, Pepe Navarro, Inma del Moral y la hermana de Georgina Rodr\u00edguez, entre otros Telecinco evita el duelo de su nuevo &#8216;Rosco&#8217; con &#8216;Pasapalabra&#8217;, y emitir\u00e1 &#8216;Rueda la letra&#8217; como telonero de &#8216;All\u00e1 t\u00fa&#8217; [&hellip;]<\/p>\n","protected":false},"author":1,"featured_media":0,"comment_status":"closed","ping_status":"open","sticky":false,"template":"","format":"standard","meta":{"_et_pb_use_builder":"","_et_pb_old_content":"","_et_gb_content_width":"","footnotes":""},"categories":[6],"tags":[],"class_list":["post-216070","post","type-post","status-publish","format-standard","hentry","category-tv"],"_links":{"self":[{"href":"https:\/\/otraronda.xyz\/rock\/wp-json\/wp\/v2\/posts\/216070","targetHints":{"allow":["GET"]}}],"collection":[{"href":"https:\/\/otraronda.xyz\/rock\/wp-json\/wp\/v2\/posts"}],"about":[{"href":"https:\/\/otraronda.xyz\/rock\/wp-json\/wp\/v2\/types\/post"}],"author":[{"embeddable":true,"href":"https:\/\/otraronda.xyz\/rock\/wp-json\/wp\/v2\/users\/1"}],"replies":[{"embeddable":true,"href":"https:\/\/otraronda.xyz\/rock\/wp-json\/wp\/v2\/comments?post=216070"}],"version-history":[{"count":0,"href":"https:\/\/otraronda.xyz\/rock\/wp-json\/wp\/v2\/posts\/216070\/revisions"}],"wp:attachment":[{"href":"https:\/\/otraronda.xyz\/rock\/wp-json\/wp\/v2\/media?parent=216070"}],"wp:term":[{"taxonomy":"category","embeddable":true,"href":"https:\/\/otraronda.xyz\/rock\/wp-json\/wp\/v2\/categories?post=216070"},{"taxonomy":"post_tag","embeddable":true,"href":"https:\/\/otraronda.xyz\/rock\/wp-json\/wp\/v2\/tags?post=216070"}],"curies":[{"name":"wp","href":"https:\/\/api.w.org\/{rel}","templated":true}]}}