{"id":215953,"date":"2026-09-02T03:03:11","date_gmt":"2026-09-02T01:03:11","guid":{"rendered":"https:\/\/otraronda.xyz\/rock\/las-11-mejores-series-de-septiembre-un-mes-con-regresos-internacionales-de-renombre-y-una-adaptacion-de-reverte\/"},"modified":"2026-09-02T03:03:11","modified_gmt":"2026-09-02T01:03:11","slug":"las-11-mejores-series-de-septiembre-un-mes-con-regresos-internacionales-de-renombre-y-una-adaptacion-de-reverte","status":"publish","type":"post","link":"https:\/\/otraronda.xyz\/rock\/las-11-mejores-series-de-septiembre-un-mes-con-regresos-internacionales-de-renombre-y-una-adaptacion-de-reverte\/","title":{"rendered":"Las 11 mejores series de septiembre, un mes con regresos internacionales de renombre y una adaptaci\u00f3n de Reverte"},"content":{"rendered":"<div>\n<p><img loading=\"lazy\" decoding=\"async\" src=\"https:\/\/static.eldiario.es\/clip\/62abcffd-83d3-4c3d-bbfb-134a15fd09d8_16-9-discover-aspect-ratio_default_0.jpg\" width=\"1200\" height=\"675\" alt=\"Las 11 mejores series de septiembre, un mes con regresos internacionales de renombre y una adaptaci\u00f3n de Reverte\"><\/p>\n<div class=\"subtitles\">\n<p class=\"subtitle\">El calendario de series de septiembre incluye cerca de 60 estrenos que ver\u00e1n la luz a lo largo del mes en Netflix, Prime Video, Disney+, Movistar Plus, HBO Max, Apple TV, Filmin, SkyShowtime y Atresplayer, entre otras plataformas. Destacan las espa\u00f1olas &#8216;A la deriva&#8217; y &#8216;El problema final&#8217;, as\u00ed como las nuevas temporadas de ficciones internacionales como &#8216;The Gentlemen&#8217;, &#8216;American Horror Story&#8217; o &#8216;MobLand&#8217;\n<\/p>\n<p class=\"subtitle\">Especial &#8211; Nuestros 7 deseos para la temporada 2026-2027 en TV: del adelanto del prime time a otras claves para ganar audiencia\n<\/p>\n<p class=\"subtitle\">V\u00eddeo &#8211; &#8216;La Revuelta&#8217; anuncia con iron\u00eda su fecha de vuelta a RTVE: \u201cLos colaboradores nos distraer\u00e1n de los esc\u00e1ndalos del Gobierno\u201d\n<\/p>\n<\/div>\n<p class=\"article-text\">\n        Septiembre marca el final del verano y el inicio de la nueva temporada televisiva. Una transici\u00f3n que los espectadores vamos a hacer con un aluvi\u00f3n de  series a nuestra disposici\u00f3n, pues <strong>cerca de 60 van a estrenarse<\/strong> a lo largo del mes entre nuevas temporadas y t\u00edtulos de nuevo cu\u00f1o.\n    <\/p>\n<p class=\"article-text\">\n        De todas ellas, tres ser\u00e1n espa\u00f1olas contando el estreno en abierto de <em><strong>Las hijas de la criada<\/strong><\/em> (Antena 3). Las dos, in\u00e9ditas hasta la fecha, son <em><strong>A la deriva<\/strong><\/em> (Atresplayer), la primera serie de Atresmedia protagonizada por <strong>Paula Echevarr\u00eda<\/strong> desde el  final de <em>Velvet<\/em>, del que se cumplir\u00e1n diez a\u00f1os en diciembre, y <em><strong>El problema final<\/strong><\/em> (Netflix), adaptaci\u00f3n de la novela hom\u00f3nima de <strong>Arturo P\u00e9rez-Reverte<\/strong>, que en su salto al terreno audiovisual tendr\u00e1 como protagonista a <strong>Jos\u00e9 Coronado<\/strong>.\n    <\/p>\n<p class=\"article-text\">\n        En el apartado internacional tendremos muchas nuevas temporadas, como las de <em><strong>The Gentlemen<\/strong><\/em> (Netflix), <em><strong>American Horror Story<\/strong><\/em> (Disney+) o <em><strong>Monstruo<\/strong><\/em> (Netflix), sin pasar por algo nuevas propuestas como <em><strong>Brothers<\/strong><\/em> (Apple TV), comedia en la que <strong>Matthew McConaughey<\/strong> y <strong>Woody Harrelson<\/strong> juegan a ser hermanos mientras interpretan versiones ficticias de s\u00ed mismos.\n    <\/p>\n<p class=\"article-text\">\n        A continuaci\u00f3n repasamos las 11 series m\u00e1s destacadas que podr\u00e1s disfrutar durante el mes de septiembre en plataformas como <strong>Netflix<\/strong>, <strong>Prime Video<\/strong>, <strong>Apple TV<\/strong>, <strong>Movistar Plus<\/strong> y <strong>SkyShowtime<\/strong>. Y m\u00e1s abajo citamos otros estrenos y otras nuevas temporadas que llegar\u00e1n de aqu\u00ed al \u00faltimo d\u00eda del mes.\n    <\/p>\n<h2 class=\"article-text\">1) &#8216;The Gentlemen&#8217; T2 (3 de septiembre, Netflix)<\/h2>\n<p class=\"article-text\">\n        <strong>As\u00ed es la serie: <\/strong>Ha transcurrido un a\u00f1o desde que Eddie y Susie decidieron trabajar juntos en el imperio criminal internacional de Bobby. A medida que la empresa crece, las decisiones de Bobby se vuelven cada vez m\u00e1s err\u00e1ticas. Ahora, Eddie y Susie deben decidir si intervenir o arriesgarse a perderlo todo. Pero la ambici\u00f3n desmedida nunca acaba bien\u2026\n    <\/p>\n<p class=\"article-text\">\n        <strong>Por qu\u00e9 destaca: <\/strong>Por ser la segunda temporada de una de las series de Netflix que m\u00e1s dio que hablar en 2024. <em>The Gentlemen<\/em> lleg\u00f3 entonces a la plataforma como una variante televisiva de la pel\u00edcula del mismo nombre dirigida en 2019 por Guy Ritchie, tambi\u00e9n responsable de este proyecto. Ahora, dos a\u00f1os despu\u00e9s de su estreno, <em>The Gentlemen: La serie <\/em>vuelve para continuar con esta peculiar historia de mafiosos protagonizada por Theo James, Kaya Scodelario y Daniel Ings, que promete seguir haciendo las delicias de los fans m\u00e1s ac\u00e9rrimos del estilo Ritchie.\n    <\/p>\n<figure class=\"embed-container embed-container--type-youtube ratio\">\n<p><script src=\"https:\/\/www.youtube.com\/iframe_api\"><\/script><br \/>\n<script type=\"module\">\n    window.marfeel.cmd.push(['multimedia', function(multimedia) {\n        multimedia.initializeItem('yt-eU7xZWZ9fh8-3127', 'youtube', 'eU7xZWZ9fh8', document.getElementById('yt-eU7xZWZ9fh8-3127'));\n    }]);\n<\/script><\/p>\n<p><iframe id=\"yt-eU7xZWZ9fh8-3127\" src=\"https:\/\/www.youtube.com\/embed\/eU7xZWZ9fh8?enablejsapi=1\" frameborder=\"0\"><\/iframe><br \/>\n            <\/figure>\n<h2 class=\"article-text\">2) &#8216;Las hijas de la criada&#8217; (3 de septiembre, Antena 3)<\/h2>\n<p class=\"article-text\">\n        <strong>As\u00ed es la serie: <\/strong>Galicia, 1900. En el pazo de Esp\u00edritu Santo llegan al mundo dos ni\u00f1as, Clara y Catalina. La primera pertenece a la criada, Renata, mientras que la segunda es hija de los Vald\u00e9s, don Gustavo y do\u00f1a In\u00e9s. Una venganza inesperada sacudir\u00e1 la vida de esas ni\u00f1as y de todos ellos, y har\u00e1 que do\u00f1a In\u00e9s tenga que sobrevivir al desamor y al dolor del abandono. Y tambi\u00e9n a las luchas de poder para convertir a su verdadera hija en la heredera de un imperio, en una \u00e9poca en la que a las mujeres no se les permit\u00eda ser due\u00f1as de sus vidas.\n    <\/p>\n<p class=\"article-text\">\n        <strong>Por qu\u00e9 destaca: <\/strong>Aunque lleva disponible casi un a\u00f1o en Atresplayer, el estreno en abierto de Las hijas de la criada merece estar entre las series m\u00e1s importantes de septiembre por dos motivos. El primero, por tratarse del primer gran estreno de ficci\u00f3n de la temporada en la televisi\u00f3n en abierto. Y el segundo, por ser la gran oportunidad de que el p\u00fablico general vea la adaptaci\u00f3n de la novela hom\u00f3nima de Sonsoles \u00d3nega, gracias a la cual la presentadora de Y ahora Sonsoles gan\u00f3 el Premio Planeta en 2023. Ver\u00f3nica S\u00e1nchez, Carlota Bar\u00f3 y Alain Hern\u00e1ndez protagonizan la ficci\u00f3n, que tambi\u00e9n cuenta con Martina Cariddi, Judith Fern\u00e1ndez, \u00c1lex Villaz\u00e1n, Tomy Aguilera y \u00c1lex Gadea entre los integrantes de su amplio reparto.\n    <\/p>\n<figure class=\"embed-container embed-container--type-embed ratio ratio__16_9\">\n<div class=\"video_container\" style=\" padding-bottom: 56.3%; position: relative;\"> <iframe loading=\"lazy\" src=\"https:\/\/www.antena3.com\/embed\/tienes-pero-tardaras-conocerla-prediccion-que-desconcertara-ines\/video\/6\/2026\/08\/13\/6a7dc3272fec6e00072f2ce0?origin=https:\/\/www.antena3.com\/series\/hijas-criada\/tienes-pero-tardaras-conocerla-prediccion-que-desconcertara-ines_202608136a7e0d4c71b42a0b5dedad17.html\" width=\"560\" height=\"315\" frameborder=\"0\" allowfullscreen style=\"width: 100%; height: 100%; position: absolute;\"><\/iframe> <\/div>\n<\/figure>\n<h2 class=\"article-text\">3) &#8216;La mujer miniatura&#8217; (9 de septiembre, Movistar Plus)<\/h2>\n<p class=\"article-text\">\n        <strong>As\u00ed es la serie: <\/strong>Lindy y Les Littlejohn fueron una pareja brillante. Ella gan\u00f3 el Pulitzer con su primera novela; \u00e9l est\u00e1 convencido de que revolucionar\u00e1 la ciencia con un descubrimiento capaz de cambiar el mundo. Pero los a\u00f1os han transformado la admiraci\u00f3n mutua en una silenciosa guerra de reproches. Cuando un accidente tecnol\u00f3gico reduce a Lindy a apenas unos cent\u00edmetros de altura, la crisis de su matrimonio adquiere una dimensi\u00f3n literal. Obligados a convivir bajo unas circunstancias extraordinarias, ambos deber\u00e1n enfrentarse a las din\u00e1micas de poder, las frustraciones y las heridas que han definido su relaci\u00f3n, en una historia donde el humor, la ciencia ficci\u00f3n y el drama rom\u00e1ntico se combinan para hablar de segundas oportunidades.\n    <\/p>\n<p class=\"article-text\">\n        <strong>Por qu\u00e9 destaca: <\/strong>M\u00e1s que por estar basada en el relato de Manuel Gonzales, <em>La mujer miniatura<\/em> destaca entre otros estrenos de septiembre por tener a una pareja de altura \u2014nunca mejor dicho\u2014 como protagonista: Elizabeth Banks (<em>Los juegos del hambre<\/em>, <em>Dando la nota<\/em>) y Matthew Macfayden (Tom en <em>Succession<\/em>). De hecho,  la cr\u00edtica estadounidense valor\u00f3 positivamente la qu\u00edmica entre ambos cuando la serie se estren\u00f3 en Peacock la pasada primavera.\n    <\/p>\n<figure class=\"embed-container embed-container--type-youtube ratio\">\n<p><script src=\"https:\/\/www.youtube.com\/iframe_api\"><\/script><br \/>\n<script type=\"module\">\n    window.marfeel.cmd.push(['multimedia', function(multimedia) {\n        multimedia.initializeItem('yt-6BnQ7WqkkmE-8860', 'youtube', '6BnQ7WqkkmE', document.getElementById('yt-6BnQ7WqkkmE-8860'));\n    }]);\n<\/script><\/p>\n<p><iframe id=\"yt-6BnQ7WqkkmE-8860\" src=\"https:\/\/www.youtube.com\/embed\/6BnQ7WqkkmE?enablejsapi=1\" frameborder=\"0\"><\/iframe><br \/>\n            <\/figure>\n<h2 class=\"article-text\">4) &#8216;Neagley&#8217; (16 de septiembre, Amazon Prime Video)<\/h2>\n<p class=\"article-text\">\n        <strong>As\u00ed es la serie: <\/strong>Frances Neagley es una investigadora privada de Chicago y antigua protegida de Jack Reacher en la Unidad de Investigaciones Especiales 110 del Ej\u00e9rcito. Cuando se entera de que una querida amiga de su pasado ha fallecido en un sospechoso accidente, se obsesiona con hacer justicia. Aprovechando todo lo que ha aprendido de Jack Reacher y de su etapa como miembro de la 110\u00aa Unidad de Investigaciones Especiales, Neagley se adentra en un peligroso camino para desentra\u00f1ar un malvado complot.\n    <\/p>\n<p class=\"article-text\">\n        <strong>Por qu\u00e9 destaca: <\/strong>Por ser el primer spin-off de <em>Reacher<\/em>, una de las series m\u00e1s vistas de Amazon Prime Video. Sobre todo en su pa\u00eds de origen, Estados Unidos, donde el personaje de Jack Reacher es toda una instituci\u00f3n cultural gracias a la ampl\u00edsima saga de novelas escrita por Lee Child. En su adaptaci\u00f3n televisiva, cada temporada de Reacher cuenta un caso nuevo, siendo el protagonista y la propia Neagley los \u00fanicos en repetir en las tres primeras tandas. Ahora, Prime Video ha decidido exprimir el \u00e9xito de la serie original dando a Neagley su propia serie y estren\u00e1ndola el mismo d\u00eda en que se podr\u00e1 ver el final de la cuarta temporada de <em>Reacher<\/em>.\n    <\/p>\n<figure class=\"embed-container embed-container--type-youtube ratio\">\n<p><script src=\"https:\/\/www.youtube.com\/iframe_api\"><\/script><br \/>\n<script type=\"module\">\n    window.marfeel.cmd.push(['multimedia', function(multimedia) {\n        multimedia.initializeItem('yt-4_YWJNYe5_4-5113', 'youtube', '4_YWJNYe5_4', document.getElementById('yt-4_YWJNYe5_4-5113'));\n    }]);\n<\/script><\/p>\n<p><iframe id=\"yt-4_YWJNYe5_4-5113\" src=\"https:\/\/www.youtube.com\/embed\/4_YWJNYe5_4?enablejsapi=1\" frameborder=\"0\"><\/iframe><br \/>\n            <\/figure>\n<h2 class=\"article-text\">5) &#8216;Slow Horses&#8217; T6 (16 de septiembre, Apple TV)<\/h2>\n<p class=\"article-text\">\n        <strong>As\u00ed es la serie: <\/strong>La sexta temporada encuentra a los Caballos Lentos en plena huida mientras Diana Taverner los enreda a todos en un peligros\u00edsimo juego de represalias y venganza.\n    <\/p>\n<p class=\"article-text\">\n        <strong>Por qu\u00e9 destaca: <\/strong>Porque la adaptaci\u00f3n televisiva de las novelas de Mick Herron se ha erigido en una de las series m\u00e1s longevas y aplaudidas de Apple TV. De hecho, fue nominada a mejor serie de drama en las \u00faltimas ediciones de los Emmy y los Globos de Oro, no solo gracias al nivel de su direcci\u00f3n o sus guiones, sino por tener un reparto formado por int\u00e9rpretes de la talla de Gary Oldman, Kristin Scott Thomas o Jonathan Pryce. Adem\u00e1s, la sexta temporada trae de vuelta a Olivia Cooke para retomar el papel de &#8216;Sid&#8217;, el cual tuvo que dejar en la primera temporada para asumir el rol de Alicen Hightower, una de las protagonistas de <em>La casa del drag\u00f3n<\/em>.\n    <\/p>\n<figure class=\"embed-container embed-container--type-youtube ratio\">\n<p><script src=\"https:\/\/www.youtube.com\/iframe_api\"><\/script><br \/>\n<script type=\"module\">\n    window.marfeel.cmd.push(['multimedia', function(multimedia) {\n        multimedia.initializeItem('yt-mZbJxpYHLuI-6819', 'youtube', 'mZbJxpYHLuI', document.getElementById('yt-mZbJxpYHLuI-6819'));\n    }]);\n<\/script><\/p>\n<p><iframe id=\"yt-mZbJxpYHLuI-6819\" src=\"https:\/\/www.youtube.com\/embed\/mZbJxpYHLuI?enablejsapi=1\" frameborder=\"0\"><\/iframe><br \/>\n            <\/figure>\n<h2 class=\"article-text\">6) &#8216;Monstruo: La historia de Lizzy Borden&#8217; (17 de septiembre, Netflix)<\/h2>\n<p class=\"article-text\">\n        <strong>As\u00ed es la serie: <\/strong>La nueva entrega de <em>Monstruo<\/em> se ambienta en la localidad de Fall River, en Massachusetts, donde en agosto de 1892 fueron asesinados a hachazos Andrew Borden y su esposa Abby dentro de su propia casa. La principal sospechosa fue Lizzie, hija del primero, que termin\u00f3 sent\u00e1ndose en el banquillo acusada del doble crimen.\n    <\/p>\n<p class=\"article-text\">\n        <strong>Por qu\u00e9 destaca: <\/strong>Por ser la cuarta temporada de la serie antol\u00f3gica <em>Monstruo<\/em>, creada por Ryan Murphy despu\u00e9s del incontestable \u00e9xito de Dahmer (2022), una de las ficciones m\u00e1s vistas de la historia de la plataforma. El fervor por aquella anim\u00f3 a Netflix y a su creador seguir contando cr\u00edmenes reales que impactaron en su momento a la sociedad estadounidense. Tras contar las historias de los hermanos Menendez y Ed Gein, ahora llega el turno del primer caso protagonizado por una mujer: el de Lizzy Borden hace m\u00e1s de 100 a\u00f1os.\n    <\/p>\n<figure class=\"embed-container embed-container--type-youtube ratio\">\n<p><script src=\"https:\/\/www.youtube.com\/iframe_api\"><\/script><br \/>\n<script type=\"module\">\n    window.marfeel.cmd.push(['multimedia', function(multimedia) {\n        multimedia.initializeItem('yt-w5Alju5qgZc-3987', 'youtube', 'w5Alju5qgZc', document.getElementById('yt-w5Alju5qgZc-3987'));\n    }]);\n<\/script><\/p>\n<p><iframe id=\"yt-w5Alju5qgZc-3987\" src=\"https:\/\/www.youtube.com\/embed\/w5Alju5qgZc?enablejsapi=1\" frameborder=\"0\"><\/iframe><br \/>\n            <\/figure>\n<h2 class=\"article-text\">7) &#8216;A la deriva&#8217; (20 de septiembre, Atresplayer)<\/h2>\n<p class=\"article-text\">\n        <strong>As\u00ed es la serie: <\/strong>1970. Bastuel es un humilde pueblo pesquero donde naufrag\u00f3 el barco que patroneaba H\u00e9ctor Parrado y en el que faenaban varios hombres del lugar. No se encontr\u00f3 a ning\u00fan miembro de la tripulaci\u00f3n y casi todas las familias de la localidad se vieron afectadas por la tragedia: madres que perdieron a sus hijos, ni\u00f1os que perdieron a sus padres y, sobre todo, mujeres que, de un d\u00eda para otro, se encontraron sin marido y sin poder ser reconocidas como viudas. Un extra\u00f1o limbo legal. Luc\u00eda, esposa de H\u00e9ctor, Maca, Rosa, Berta y Paloma son alguna de esas mujeres. Todas ellas se unieron en el dolor de la p\u00e9rdida y encontraron juntas la energ\u00eda para no rendirse, forjando una s\u00f3lida amistad. Dos a\u00f1os m\u00e1s tarde, la repentina aparici\u00f3n de cinco de los pescadores desaparecidos supone una nueva conmoci\u00f3n. La perplejidad se mezcla con la euforia y \u201clos resucitados\u201d son recibidos como h\u00e9roes, pero ese regreso no solo traer\u00e1 alegr\u00eda a las mujeres sino tambi\u00e9n conflictos y secretos que cre\u00edan enterrados.\n    <\/p>\n<p class=\"article-text\">\n        <strong>Por qu\u00e9 destaca: <\/strong>Por ser la nueva serie original de Atresmedia y la primera que Paula Echevarr\u00eda protagoniza para la compa\u00f1\u00eda justo diez a\u00f1os despu\u00e9s del final de <em>Velvet<\/em>. La actriz asturiana encabeza el reparto de esta ficci\u00f3n junto al prol\u00edfico Daniel Grao (HIT, Perdida, \u00c1ngela) y el argentino Michel Noher, conocido en nuestro pa\u00eds por ser uno de los protagonistas de <em>La Unidad<\/em> (Movistar Plus).\n    <\/p>\n<figure class=\"embed-container embed-container--type-youtube ratio\">\n<p><script src=\"https:\/\/www.youtube.com\/iframe_api\"><\/script><br \/>\n<script type=\"module\">\n    window.marfeel.cmd.push(['multimedia', function(multimedia) {\n        multimedia.initializeItem('yt-DnvTQnwyxf4-9022', 'youtube', 'DnvTQnwyxf4', document.getElementById('yt-DnvTQnwyxf4-9022'));\n    }]);\n<\/script><\/p>\n<p><iframe id=\"yt-DnvTQnwyxf4-9022\" src=\"https:\/\/www.youtube.com\/embed\/DnvTQnwyxf4?enablejsapi=1\" frameborder=\"0\"><\/iframe><br \/>\n            <\/figure>\n<h2 class=\"article-text\">8) &#8216;MobLand: Tierra de mafiosos&#8217; T2 (21 de septiembre, SkyShowtime)<\/h2>\n<p class=\"article-text\">\n        <strong>As\u00ed es la serie: <\/strong>La guerra est\u00e1 servida, los Harrigan est\u00e1n de vuelta. A lo largo de diez episodios, los Harrigan intentar\u00e1n mantener las apariencias ante la amenaza de nuevos rivales que buscan desestabilizar su fracturado imperio criminal. Por su parte, el astuto y temible &#8216;solucionador&#8217; Harry Da Souza estar\u00e1 en la cuerda floja mientras aumentan las tensiones internas en la familia. Cuando la violencia se extiende a todos los aspectos de sus vidas, las lealtades se quiebran, la seguridad es ef\u00edmera y la lucha por el poder no deja espacio para la compasi\u00f3n.\n    <\/p>\n<p class=\"article-text\">\n        <strong>Por qu\u00e9 destaca: <\/strong>Porque adem\u00e1s de ser una de las series originales m\u00e1s valiosas de SkyShowtime puede presumir de juntar a Pierce Brosnan, Helen Mirren y Tom Hardy en su reparto. Eso s\u00ed, la segunda temporada llega precedida de cierto morbo en este sentido, pues Hardy fue despedido por su comportamiento en el set de rodaje y posteriormente readmitido para participar en la ya garantizada tercera temporada.\n    <\/p>\n<figure class=\"embed-container embed-container--type-youtube ratio\">\n<p><script src=\"https:\/\/www.youtube.com\/iframe_api\"><\/script><br \/>\n<script type=\"module\">\n    window.marfeel.cmd.push(['multimedia', function(multimedia) {\n        multimedia.initializeItem('yt-D-wlSD9ATf4-3890', 'youtube', 'D-wlSD9ATf4', document.getElementById('yt-D-wlSD9ATf4-3890'));\n    }]);\n<\/script><\/p>\n<p><iframe id=\"yt-D-wlSD9ATf4-3890\" src=\"https:\/\/www.youtube.com\/embed\/D-wlSD9ATf4?enablejsapi=1\" frameborder=\"0\"><\/iframe><br \/>\n            <\/figure>\n<h2 class=\"article-text\">9) &#8216;Brothers&#8217; (23 de septiembre, Apple TV)<\/h2>\n<p class=\"article-text\">\n        <strong>As\u00ed es la serie: <\/strong><em>Brothers<\/em> sigue las andanzas de Matthew McConaughey y Woody Harrelson, que interpretan versiones ficcionalizadas de s\u00ed mismos. Su larga amistad se ve amenazada cuando descubren un secreto oculto durante d\u00e9cadas: que quiz\u00e1 sean hermanos. Cuando la boda de la hija de Woody se anula, este re\u00fane a toda la familia y se dirige a Austin para pasar una temporada en el rancho de Matthew. Pero lo que comenz\u00f3 como una escapada sanadora se arruina cuando la madre de Matthew confiesa accidentalmente el secreto: que los dos amigos podr\u00edan ser, en realidad, hermanos. Mientras Woody pone el rancho patas arriba para descubrir la verdad, Matthew se encuentra a s\u00ed mismo inmerso en una crisis de identidad muy diferente: la posibilidad de presentarse al cargo de Gobernador de Texas.\n    <\/p>\n<p class=\"article-text\">\n        <strong>Por qu\u00e9 destaca: <\/strong>Por su punto de partida. Ver a estrellas de Hollywood haciendo de s\u00ed mismas \u2014aunque sean versiones ficticias\u2014 siempre tiene su aquel, y si encima lo hacen jugando con rumor que les persigue en su vida real, m\u00e1s a\u00fan. Y si encima esas dos estrellas vuelven a protagonizar una serie de televisi\u00f3n 12 a\u00f1os despu\u00e9s de que protagonizaran la aplaudid\u00edsima primera temporada de True Detective, el proyecto se vende solo.\n    <\/p>\n<figure class=\"embed-container embed-container--type-youtube ratio\">\n<p><script src=\"https:\/\/www.youtube.com\/iframe_api\"><\/script><br \/>\n<script type=\"module\">\n    window.marfeel.cmd.push(['multimedia', function(multimedia) {\n        multimedia.initializeItem('yt-fIKFnzIcfcA-1380', 'youtube', 'fIKFnzIcfcA', document.getElementById('yt-fIKFnzIcfcA-1380'));\n    }]);\n<\/script><\/p>\n<p><iframe id=\"yt-fIKFnzIcfcA-1380\" src=\"https:\/\/www.youtube.com\/embed\/fIKFnzIcfcA?enablejsapi=1\" frameborder=\"0\"><\/iframe><br \/>\n            <\/figure>\n<h2 class=\"article-text\">10) &#8216;El problema final&#8217; (25 de septiembre, Netflix)<\/h2>\n<p class=\"article-text\">\n        <strong>As\u00ed es la serie: <\/strong>Durante la primavera de 1959, trece personas quedan aisladas por un temporal en un islote pr\u00f3ximo a Mallorca. Nadie imagina lo que est\u00e1 a punto de suceder en el peque\u00f1o hotel en el que se alojan: Elisa Mander, una discreta turista de origen ingl\u00e9s, aparece muerta. Lo que en un principio parece ser un suicidio pronto comienza a dar se\u00f1ales de ser algo mucho m\u00e1s inquietante: un asesinato. Basil, un actor retirado que en otro tiempo encarn\u00f3 en la gran pantalla al mism\u00edsimo Sherlock Holmes, se ver\u00e1 convertido, casi sin pretenderlo, en el encargado de desentra\u00f1ar lo ocurrido. En un lugar del que nadie puede salir y al que nadie puede llegar, todos los hu\u00e9spedes y empleados se convertir\u00e1n en sospechosos de un crimen que a cada momento que pasa se revela m\u00e1s complejo y enrevesado de lo que nadie pudo imaginar en un principio.\n    <\/p>\n<p class=\"article-text\">\n        <strong>Por qu\u00e9 destaca: <\/strong>Por ser la adaptaci\u00f3n de la novela hom\u00f3nima de Arturo P\u00e9rez-Reverte, uno de los escritores vivos m\u00e1s c\u00e9lebres de nuestro pa\u00eds, pero que no ha tenido demasiada suerte con las adaptaciones audiovisuales de sus obras. La serie de <em>El problema final<\/em> pretende ser una excepci\u00f3n con un reparto encabezado por el siempre fiable Jos\u00e9 Coronado, que aqu\u00ed cuenta como acompa\u00f1antes con Maribel Verd\u00fa, Mar\u00eda Valverde y Marti\u00f1o Rivas.\n    <\/p>\n<figure class=\"embed-container embed-container--type-youtube ratio\">\n<p><script src=\"https:\/\/www.youtube.com\/iframe_api\"><\/script><br \/>\n<script type=\"module\">\n    window.marfeel.cmd.push(['multimedia', function(multimedia) {\n        multimedia.initializeItem('yt-9Zn_Zg9jJkE-1941', 'youtube', '9Zn_Zg9jJkE', document.getElementById('yt-9Zn_Zg9jJkE-1941'));\n    }]);\n<\/script><\/p>\n<p><iframe id=\"yt-9Zn_Zg9jJkE-1941\" src=\"https:\/\/www.youtube.com\/embed\/9Zn_Zg9jJkE?enablejsapi=1\" frameborder=\"0\"><\/iframe><br \/>\n            <\/figure>\n<h2 class=\"article-text\">11) &#8216;American Horror Story&#8217; T13 (25 de septiembre, Disney+)<\/h2>\n<p class=\"article-text\">\n        <strong>As\u00ed es la serie: <\/strong>Aquelarres, fantasmas y viejos secretos regresan para enfrentarse a algo que llevaba demasiado tiempo esperando. Y esta vez, nadie est\u00e1 preparado.\n    <\/p>\n<p class=\"article-text\">\n        <strong>Por qu\u00e9 destaca: <\/strong>Porque aunque su sinopsis no diga gran cosa, la decimotercera temporada de <em>American Horror Story<\/em> se presenta como una de las m\u00e1s importantes de la historia de la franquicia. Ryan Murphy ha aprovechado el n\u00famero 13, el de la mala suerte, para reunir a las grandes estrellas de las doce temporadas anteriores \u2014Sarah Paulson, Jessica Lange, Evan Peters, Kathy Bates o Emma Roberts, entre otras\u2014 y construir una tanda que rinda homenaje a todas las anteriores. \u201cEs como <em>Los Vengadores<\/em>\u201d, dijo hace un mes el propio Murphy para <a href=\"https:\/\/www.hollywoodreporter.com\/tv\/tv-news\/ryan-murphy-american-horror-story-season-13-details-1236658599\/\" target=\"_blank\" data-mrf-recirculation=\"links-noticia\" class=\"link\">definir esta reuni\u00f3n<\/a> que promete ser la temporada m\u00e1s especial de la historia de <em>AHS<\/em>.\n    <\/p>\n<figure class=\"embed-container embed-container--type-youtube ratio\">\n<p><script src=\"https:\/\/www.youtube.com\/iframe_api\"><\/script><br \/>\n<script type=\"module\">\n    window.marfeel.cmd.push(['multimedia', function(multimedia) {\n        multimedia.initializeItem('yt-8usGpm0OFOU-1878', 'youtube', '8usGpm0OFOU', document.getElementById('yt-8usGpm0OFOU-1878'));\n    }]);\n<\/script><\/p>\n<p><iframe id=\"yt-8usGpm0OFOU-1878\" src=\"https:\/\/www.youtube.com\/embed\/8usGpm0OFOU?enablejsapi=1\" frameborder=\"0\"><\/iframe><br \/>\n            <\/figure>\n<h2 class=\"article-text\"><strong>Otros 31 estrenos de series en septiembre de 2026:<\/strong><\/h2>\n<div class=\"list\">\n<ol>\n<li>&#8216;Gone&#8217; (1 de septiembre, Filmin)<\/li>\n<li>&#8216;Mal de amores&#8217; (2 de septiembre, Netflix)<\/li>\n<li>&#8216;M.I.A.&#8217; (3 de septiembre, SkyShowtime)<\/li>\n<li>&#8216;Creednos&#8217; (3 de septiembre, Movistar Plus)<\/li>\n<li>&#8216;Historia de dos ciudades&#8217; (6 de septiembre, MGM+)<\/li>\n<li>&#8216;Crookhaven&#8217; (7 de septiembre, Syfy)<\/li>\n<li>&#8216;Babies&#8217; (8 de septiembre, Filmin)<\/li>\n<li>&#8216;Dang!&#8217; (8 de septiembre, Netflix)<\/li>\n<li>&#8216;Causa abierta&#8217; (9 de septiembre, Apple TV)<\/li>\n<li>&#8216;El club gastron\u00f3mico&#8217; (10 de septiembre, Netflix)<\/li>\n<li>&#8216;La timonel&#8217; (10 de septiembre, Netflix)<\/li>\n<li>&#8216;El juicio&#8217; (11 de septiembre, Amazon Prime Video)<\/li>\n<li>&#8216;En coma&#8217; (11 de septiembre, Netflix)<\/li>\n<li>&#8216;A love other than yours&#8217; (12 de septiembre, Amazon Prime Video)<\/li>\n<li>&#8216;Republic of Doyle&#8217; (14 de septiembre, COSMO)<\/li>\n<li>&#8216;NCIS: Sidney&#8217; (15 de septiembre, Warner TV)<\/li>\n<li>&#8216;City of Blood&#8217; (16 de septiembre, Disney+)<\/li>\n<li>&#8216;El coraz\u00f3n del crimen&#8217; (16 de septiembre, Syfy)<\/li>\n<li>&#8216;La mu\u00f1eca&#8217; (16 de septiembre, Netflix)<\/li>\n<li>&#8216;Belleza pl\u00e1stica&#8217; (17 de septiembre, Netflix)<\/li>\n<li>&#8216;Te conozco&#8217; (17 de septiembre, Netflix)<\/li>\n<li>&#8216;El esc\u00e1ndalo&#8217; (18 de septiembre, Netflix)<\/li>\n<li>&#8216;Youth&#8217; (21 de septiembre, HBO Max)<\/li>\n<li>&#8216;Academia Minerva&#8217; (22 de septiembre, Netflix)<\/li>\n<li>&#8216;Habeas Corpus&#8217; (23 de septiembre, Netflix)<\/li>\n<li>&#8216;Un mundo diferente&#8217; (24 de septiembre, Netflix)<\/li>\n<li>&#8216;Possesion&#8217; (25 de septiembre, SkyShowtime)<\/li>\n<li>&#8216;Paolo&#8217; (25 de septiembre, HBO Max)<\/li>\n<li>&#8216;4 Blocks Zero&#8217; (25 de septiembre, HBO Max)<\/li>\n<li>&#8216;Sin se\u00f1al&#8217; (26 de septiembre, Prime Video)<\/li>\n<li>&#8216;Lego One Piece&#8217; (29 de septiembre, Netflix)<\/li>\n<\/ol><\/div>\n<h2 class=\"article-text\"><strong>Otras 17 series que estrenan temporada en septiembre de 2026:<\/strong><\/h2>\n<div class=\"list\">\n<ol>\n<li>&#8216;Goblin Slayer&#8217; T2 (2 de septiembre, Prime Video)<\/li>\n<li>&#8216;Chad Powers&#8217; T2 (3 de septiembre, Disney+)<\/li>\n<li>&#8216;Asesinato en el norte&#8217; T7 (7 de septiembre, COSMO)<\/li>\n<li>&#8216;Fauda&#8217; T5 (8 de septiembre, Netflix)<\/li>\n<li>&#8216;Chicago Fire&#8217; T14 (9 de septiembre, AXN)<\/li>\n<li>&#8216;Made in Korea&#8217; T2 (9 de septiembre, Disney+)<\/li>\n<li>&#8216;Lazos mortales&#8217; T2 (10 de septiembre, SkyShowtime)<\/li>\n<li>&#8216;Los Forsyte&#8217; T2 (11 de septiembre, Movistar Plus)<\/li>\n<li>&#8216;Stranger Things: Relatos del 85&#8217; (17 de septiembre, Netflix)<\/li>\n<li>&#8216;South Park&#8217; T29 (17 de septiembre, Comedy Central)<\/li>\n<li>&#8216;Outlander: Sangre de mi sangre&#8217; T2 (19 de septiembre, Movistar Plus)<\/li>\n<li>&#8216;Such brave girls&#8217; T2 (22 de septiembre, Filmin)<\/li>\n<li>&#8216;Ley y Orden: Crimen Organizado&#8217; T5 (22 de septiembre, Calle 13)<\/li>\n<li>&#8216;Steel Ball Run JoJo\u2019s Bizarre Adventure&#8217; T2 (25 de septiembre, Netflix)<\/li>\n<li>&#8216;Inspectora Ellis&#8217; T2 (29 de septiembre, Filmin)<\/li>\n<li>&#8216;Adults&#8217; T2 (30 de septiembre, Disney+)<\/li>\n<li>&#8216;Babylon Berlin&#8217; T5 y final (30 de septiembre, Movistar Plus)<\/li>\n<\/ol><\/div>\n<\/div>\n","protected":false},"excerpt":{"rendered":"<p>El calendario de series de septiembre incluye cerca de 60 estrenos que ver\u00e1n la luz a lo largo del mes en Netflix, Prime Video, Disney+, Movistar Plus, HBO Max, Apple TV, Filmin, SkyShowtime y Atresplayer, entre otras plataformas. Destacan las espa\u00f1olas &#8216;A la deriva&#8217; y &#8216;El problema final&#8217;, as\u00ed como las nuevas temporadas de ficciones [&hellip;]<\/p>\n","protected":false},"author":1,"featured_media":0,"comment_status":"closed","ping_status":"open","sticky":false,"template":"","format":"standard","meta":{"_et_pb_use_builder":"","_et_pb_old_content":"","_et_gb_content_width":"","footnotes":""},"categories":[6],"tags":[],"class_list":["post-215953","post","type-post","status-publish","format-standard","hentry","category-tv"],"_links":{"self":[{"href":"https:\/\/otraronda.xyz\/rock\/wp-json\/wp\/v2\/posts\/215953","targetHints":{"allow":["GET"]}}],"collection":[{"href":"https:\/\/otraronda.xyz\/rock\/wp-json\/wp\/v2\/posts"}],"about":[{"href":"https:\/\/otraronda.xyz\/rock\/wp-json\/wp\/v2\/types\/post"}],"author":[{"embeddable":true,"href":"https:\/\/otraronda.xyz\/rock\/wp-json\/wp\/v2\/users\/1"}],"replies":[{"embeddable":true,"href":"https:\/\/otraronda.xyz\/rock\/wp-json\/wp\/v2\/comments?post=215953"}],"version-history":[{"count":0,"href":"https:\/\/otraronda.xyz\/rock\/wp-json\/wp\/v2\/posts\/215953\/revisions"}],"wp:attachment":[{"href":"https:\/\/otraronda.xyz\/rock\/wp-json\/wp\/v2\/media?parent=215953"}],"wp:term":[{"taxonomy":"category","embeddable":true,"href":"https:\/\/otraronda.xyz\/rock\/wp-json\/wp\/v2\/categories?post=215953"},{"taxonomy":"post_tag","embeddable":true,"href":"https:\/\/otraronda.xyz\/rock\/wp-json\/wp\/v2\/tags?post=215953"}],"curies":[{"name":"wp","href":"https:\/\/api.w.org\/{rel}","templated":true}]}}