{"id":215944,"date":"2026-09-02T03:02:41","date_gmt":"2026-09-02T01:02:41","guid":{"rendered":"https:\/\/otraronda.xyz\/rock\/entrevistamos-a-johana-haidar-de-cero-tinta\/"},"modified":"2026-09-02T03:02:41","modified_gmt":"2026-09-02T01:02:41","slug":"entrevistamos-a-johana-haidar-de-cero-tinta","status":"publish","type":"post","link":"https:\/\/otraronda.xyz\/rock\/entrevistamos-a-johana-haidar-de-cero-tinta\/","title":{"rendered":"ENTREVISTAMOS A JOHANA HAIDAR DE CERO TINTA"},"content":{"rendered":"<div>\n<p>A tan solo un mes de uno de los eventos del a\u00f1o, entrevistamos a la directora de <strong>Cero Tinta<\/strong>, Johana Haida, pasarela alternativa que nace en Madrid para celebrar la diversidad y la autenticidad. Pero su plan no se queda aqu\u00ed: ya est\u00e1n preparando las pr\u00f3ximas ediciones en Barcelona, Tenerife y a nivel internacional.<\/p>\n<p style=\"text-align: justify;\"><strong>H\u00e1blanos un poco de qu\u00e9 es Cero Tinta, una peque\u00f1a introducci\u00f3n a vuestro mundo.<\/strong><br \/>Cero Tinta es la primera pasarela alternativa de moda de Espa\u00f1a dedicada al arte del tatuaje. Pero no es<br \/>un desfile con m\u00fasica puesta encima, ni un concierto con ropa: es un espect\u00e1culo propio, donde la moda,<br \/>el tatuaje y la m\u00fasica se entroncan en una misma cosa. Ninguna manda sobre la otra, todas est\u00e1n al<br \/>servicio de lo mismo: las historias que se cuentan esa noche.<br \/>Y lo que hay debajo es esto: vivimos rodeados de moldes que nadie eligi\u00f3 y que casi nadie cumple.<br \/>Medidas, edades, pieles sin marcas. Hay much\u00edsima gente que lleva aut\u00e9nticas obras de arte en la piel,<br \/>historias de vida enteras grabadas para siempre, a la que ese molde le dec\u00eda \u00abt\u00fa aqu\u00ed no\u00bb. No ten\u00edan<br \/>escenario. Y pens\u00e9: pues se lo hago yo.<br \/>Al final va de eso. De que el sitio tambi\u00e9n sea suyo.<\/p>\n<p><strong>\u00bfQu\u00e9 tipo de moda le interesa a Cero Tinta? \u00bfC\u00f3mo seleccion\u00e1is la ropa que visten vuestros modelos?<\/strong><br \/>Moda alternativa, con car\u00e1cter, de dise\u00f1adores independientes que no tienen miedo a romper. Nada de<br \/>pasarela convencional.<br \/>Y el criterio le da la vuelta a lo habitual: en un desfile normal, la piel es el perchero de la ropa. Aqu\u00ed es al<br \/>rev\u00e9s. La ropa est\u00e1 al servicio de la piel. A los dise\u00f1adores les pedimos algo poco frecuente: no dise\u00f1\u00e9is<br \/>para tapar, dise\u00f1ad para mostrar. Que la prenda converse con el tatuaje, que lo enmarque, que lo deje<br \/>respirar.<br \/>Porque la ropa no puede ser una excusa para esconder nada. Ya hay bastante gente escondi\u00e9ndose ah\u00ed<br \/>fuera.<\/p>\n<p><strong>Entendemos que Cero Tinta no es solo moda. \u00bfQu\u00e9 importancia tiene la \u00abtinta\u00bb? \u00bfC\u00f3mo se complementan<\/strong><br \/><strong>ambos?<\/strong><br \/>La tinta manda, sin duda.<br \/>Y ah\u00ed est\u00e1 la paradoja del nombre: nos llamamos Cero Tinta y en nuestro logo la palabra \u00abtinta\u00bb aparece<br \/>tachada. Porque lo que ense\u00f1amos no es tinta sobre una piel: son historias de vida. La tinta es solo el<br \/>medio. Detr\u00e1s de cada pieza hay una decisi\u00f3n, una p\u00e9rdida, una celebraci\u00f3n, un momento que alguien<br \/>quiso dejar grabado para siempre.<br \/>Un tatuaje casi siempre lo ves quieto, en una foto. Aqu\u00ed lo ves caminar, moverse y respirar bajo las luces. Y<br \/>con \u00e9l camina todo lo que esa persona ha vivido. Por eso decimos que en Cero Tinta no se desnuda el<br \/>cuerpo: se desnuda el alma.<\/p>\n<p><strong>\u00bfBusc\u00e1is llenar un vac\u00edo que existe en el mundo de la moda, o dais m\u00e1s importancia a los modelos tatuados y<\/strong><br \/><strong>su propia historia?<\/strong><br \/>Las dos cosas, pero si tengo que elegir me quedo con las personas.<br \/>El vac\u00edo existe y es evidente: el tatuaje lleva d\u00e9cadas normalizado en la calle, en la m\u00fasica, en el deporte,<br \/>en tu vecino y en tu m\u00e9dico. Y sin embargo la moda segu\u00eda mirando hacia otro lado. A varios de nuestros<br \/>modelos les han dicho en un casting aquello de \u00abt\u00e1pate el brazo\u00bb. Esa frase resume el problema entero: te<br \/>dejamos participar, pero escondiendo justo lo que has elegido para contar qui\u00e9n eres.<br \/>Lo que de verdad me mueve es lo otro. Cuando alguien desfila ense\u00f1ando algo que decidi\u00f3 grabarse para<br \/>toda la vida, camina distinto. Camina con orgullo. Y eso, en un escenario, se ve y se siente.<\/p>\n<p>Y esto es importante: no estamos construyendo un club donde solo se entra con tinta. Al rev\u00e9s. Usamos el<br \/>tatuaje como puerta de entrada a algo m\u00e1s ancho, que es el derecho de cualquiera a mostrarse sin pedir<br \/>permiso. Todos somos raros vistos de cerca. El est\u00e1ndar es una ficci\u00f3n que no describe a nadie.<\/p>\n<p><strong>\u00bfC\u00f3mo se convierte una persona tatuada en modelo de Cero Tinta? \u00bfCu\u00e1l es el proceso?<\/strong><br \/>En esta primera edici\u00f3n el casting lo hacemos desde la organizaci\u00f3n, buscando perfiles y hablando con<br \/>gente. A partir de la siguiente, los estudios de tatuaje colaboradores podr\u00e1n presentar candidatos: son<br \/>ellos quienes conocen de verdad a las personas y las historias que hay detr\u00e1s de cada pieza.<br \/>Y el criterio no son las medidas, te lo digo claro. No busco cuerpos perfectos: busco gente c\u00f3moda siendo<br \/>quien es. Cualquier edad, cualquier talla, cualquier cuerpo, cualquier recorrido. Lo \u00fanico que no puede<br \/>faltar es actitud y una historia detr\u00e1s.<br \/>Para m\u00ed la belleza es eso: la verdad. Y la verdad no tiene talla.<\/p>\n<p><strong>Hemos hablado de moda, de modelos tatuadas, de m\u00fasica, de fotograf\u00eda\u2026 pero \u00bfqu\u00e9 importancia tienen en<\/strong><br \/><strong>vuestro proyecto los propios tatuadores?<\/strong><br \/>Toda. Sin ellos esto no existe, literalmente.<br \/>Nosotros ponemos el escenario, pero la obra es suya. Cada pieza que desfila la hizo un tatuador que un<br \/>d\u00eda se sent\u00f3 con esa persona y le dio forma a lo que quer\u00eda contar. Ese oficio ha cargado durante a\u00f1os con<br \/>un prejuicio absurdo, y me parece de justicia que su nombre est\u00e9 ah\u00ed arriba, al lado de su trabajo.<br \/>Adem\u00e1s son quienes mejor conocen a la gente. Un tatuador pasa horas con su cliente, y en esas horas se<br \/>habla de todo. Sabe qu\u00e9 hay detr\u00e1s de cada l\u00ednea. Por eso estamos construyendo una red de estudios<br \/>colaboradores: son la puerta de entrada a las historias que queremos contar.<\/p>\n<p>\u00a0<\/p>\n<p><img data-recalc-dims=\"1\" fetchpriority=\"high\" decoding=\"async\" data-attachment-id=\"61867\" data-permalink=\"https:\/\/www.solo-rock.com\/2026\/08\/entrevistamos-a-johana-haidar-de-cero-tinta\/whatsapp-image-2026-08-31-at-18-02-48\/\" data-orig-file=\"https:\/\/i0.wp.com\/www.solo-rock.com\/wp-content\/uploads\/2026\/08\/WhatsApp-Image-2026-08-31-at-18.02.48.jpeg?fit=768%2C1376&amp;ssl=1\" data-orig-size=\"768,1376\" data-comments-opened=\"1\" data-image-meta='{\"aperture\":\"0\",\"credit\":\"\",\"camera\":\"\",\"caption\":\"\",\"created_timestamp\":\"0\",\"copyright\":\"\",\"focal_length\":\"0\",\"iso\":\"0\",\"shutter_speed\":\"0\",\"title\":\"\",\"orientation\":\"0\",\"alt\":\"\"}' data-image-title=\"WhatsApp Image 2026-08-31 at 18.02.48\" data-image-description=\"\" data-image-caption=\"\" data-large-file=\"https:\/\/i0.wp.com\/www.solo-rock.com\/wp-content\/uploads\/2026\/08\/WhatsApp-Image-2026-08-31-at-18.02.48.jpeg?fit=572%2C1024&amp;ssl=1\" class=\"aligncenter size-full wp-image-61867\" src=\"https:\/\/i0.wp.com\/www.solo-rock.com\/wp-content\/uploads\/2026\/08\/WhatsApp-Image-2026-08-31-at-18.02.48.jpeg?resize=640%2C1147&amp;ssl=1\" alt=\"\" width=\"640\" height=\"1147\" srcset=\"https:\/\/i0.wp.com\/www.solo-rock.com\/wp-content\/uploads\/2026\/08\/WhatsApp-Image-2026-08-31-at-18.02.48.jpeg?w=768&amp;ssl=1 768w, https:\/\/i0.wp.com\/www.solo-rock.com\/wp-content\/uploads\/2026\/08\/WhatsApp-Image-2026-08-31-at-18.02.48.jpeg?resize=167%2C300&amp;ssl=1 167w, https:\/\/i0.wp.com\/www.solo-rock.com\/wp-content\/uploads\/2026\/08\/WhatsApp-Image-2026-08-31-at-18.02.48.jpeg?resize=572%2C1024&amp;ssl=1 572w\" sizes=\"(max-width: 640px) 100vw, 640px\"><\/p>\n<p>\u00a0<\/p>\n<p><strong>H\u00e1blanos del desfile del pr\u00f3ximo 1 de octubre en Madrid. Convence a nuestros lectores de por qu\u00e9 han de<\/strong><br \/><strong>comprar la entrada.<\/strong><br \/>Es el 1 de octubre en el Teatro Galileo Galilei, en pleno centro de Madrid. Photocall y alfombra a las 20:00,<br \/>y el espect\u00e1culo arranca a las 21:00. Mayores de 18, aforo limitado.<br \/>\u00bfPor qu\u00e9 venir? Porque no vas a ver un desfile: vas a vivir una noche. M\u00fasica en directo, DJ, luces, arte<br \/>haci\u00e9ndose delante de ti y gente desfilando a un metro de tu asiento.<br \/>Y porque vas a ver algo que no se ve todos los d\u00edas: personas a las que este mundo les dijo que no<br \/>encajaban, ocupando un escenario con la cabeza bien alta. Eso emociona aunque no lo esperes.<br \/>No es un desfile ni es un concierto: es un espect\u00e1culo donde ambas cosas se entroncan. Es la primera<br \/>edici\u00f3n, y eso solo pasa una vez. Si te gusta el rock, la cultura alternativa y la gente que no cabe en el<br \/>molde, este es tu sitio. Te lo digo as\u00ed de claro<\/p>\n<p><strong>\u00bfConsider\u00e1is la m\u00fasica como parte esencial del evento?<\/strong><br \/>Absolutamente esencial. No es hilo musical de fondo ni un DJ para rellenar los cambios.<br \/>Hay artistas en directo y sesi\u00f3n de DJ, y la m\u00fasica va tejida con el desfile: marca el ritmo de los pases, el<br \/>ambiente, cu\u00e1ndo la cosa sube y cu\u00e1ndo respira. Si le quitas la m\u00fasica a Cero Tinta, se cae. Es parte de su<br \/>estructura, no un acompa\u00f1amiento.<br \/>Y era innegociable apostar por talento emergente. Es la misma idea de siempre: igual que damos<br \/>escenario a personas a las que no se lo daban, queremos d\u00e1rselo a m\u00fasicos que est\u00e1n empezando y que<br \/>necesitan que alguien les abra la puerta. A todos nos hizo falta que alguien lo hiciera una vez.<\/p>\n<p><strong>Es un hecho que rock y tatuajes llevan unidos desde finales del siglo XX. \u00bfQu\u00e9 opinas de esta uni\u00f3n?<\/strong><br \/><strong>Que no es casualidad, es la misma actitud.<\/strong><br \/>El rock y el tatuaje nacen del mismo sitio: de la gente que decide no encajar. Marcarse la piel para siempre<br \/>es un acto de rebeld\u00eda tranquila, igual que subirse a un escenario a hacer ruido cuando se supone que<br \/>deber\u00edas estar callado. Los dos dicen lo mismo: esto soy yo, y no pienso pedir permiso.<br \/>Los dos han cargado adem\u00e1s con el mismo prejuicio: que eran cosa de gente rara, de mala vida. Y los dos<br \/>han acabado demostrando que lo raro era el prejuicio.<br \/>Por eso en Cero Tinta esas dos ra\u00edces se entroncan de forma natural. No hemos metido m\u00fasica en una<br \/>pasarela: es que vienen del mismo sitio y era cuesti\u00f3n de tiempo que compartieran escenario. Y por eso<br \/>me hace especial ilusi\u00f3n hablar con vosotros y no con una revista de tendencias.<\/p>\n<p><strong>\u00bfPuedes adelantarnos las actuaciones musicales del evento?<\/strong><br \/>Te voy a contestar con algo que quiz\u00e1 no esperas: en Cero Tinta aplicamos a la m\u00fasica el mismo criterio<br \/>que a las personas que desfilan.<br \/>Igual que no buscamos modelos de agencia sino gente real a la que nadie hab\u00eda dado un escenario,<br \/>tampoco buscamos artistas consagrados. Buscamos talento que hoy es an\u00f3nimo. Gente que toca en su<br \/>local, que sube canciones sin que nadie las escuche, que lleva a\u00f1os esperando que alguien le abra una<br \/>puerta.<br \/>Esa es la idea: que Cero Tinta sea el sitio donde saltan. Que alguien que el 30 de septiembre no conoc\u00eda<br \/>nadie, el 2 de octubre empiece a existir para el mundo de la m\u00fasica. Y ojal\u00e1, con el tiempo, alguno acabe<br \/>siendo una estrella y pueda decir que empez\u00f3 ah\u00ed.<br \/>Por eso no te doy nombres todav\u00eda: porque ahora mismo esos nombres no te dir\u00edan nada. Y esa es<br \/>exactamente la gracia. Cuando cerremos el cartel os los pasamos, y Solo-Rock ser\u00e1 de los primeros en<br \/>saberlo. Con un poco de suerte, dentro de unos a\u00f1os los habr\u00e9is entrevistado vosotros tambi\u00e9n.<\/p>\n<p><strong>Vivimos en un mundo donde lo ef\u00edmero y las redes marcan nuestro d\u00eda a d\u00eda. En este contexto, \u00bfd\u00f3nde<\/strong><br \/><strong>situar\u00edais la fotograf\u00eda?<\/strong><br \/>En el sitio m\u00e1s importante, precisamente por eso.<br \/>Las redes son un r\u00edo que se lleva todo en cuarenta y ocho horas. La fotograf\u00eda es lo que queda cuando ese<br \/>r\u00edo pasa. Dentro de diez a\u00f1os nadie recordar\u00e1 una story, pero seguir\u00e1 existiendo la imagen de una persona<br \/>desfilando con su tatuaje bajo unas luces, y esa foto seguir\u00e1 diciendo exactamente lo mismo.<br \/>Y hay algo m\u00e1s, que para nosotros pesa mucho: a mucha de esta gente nunca la hab\u00edan fotografiado bien.<br \/>Nunca les hab\u00edan hecho un retrato en el que salieran enteros, sin taparse nada. Poder devolverles esa<br \/>imagen es de las cosas que m\u00e1s ilusi\u00f3n me hacen del proyecto.<br \/>Vosotros lo sab\u00e9is bien, que sois un medio con fot\u00f3grafos de directo: hay conciertos que solo existen ya<br \/>porque alguien los fotografi\u00f3. Aqu\u00ed igual. No estamos haciendo contenido, estamos haciendo archivo.<\/p>\n<p><strong>\u00bfQu\u00e9 esper\u00e1is del evento en Madrid?<\/strong><br \/>Que se llene, claro. Pero sobre todo espero algo m\u00e1s dif\u00edcil de medir: que la gente salga del teatro<br \/>sintiendo que ese sitio tambi\u00e9n era suyo.<br \/>Y en lo personal, quiero ver la cara de nuestros modelos cuando pisen la pasarela. Gente a la que le dijeron<br \/>que se tapara, ocupando el centro del escenario. Ese momento vale m\u00e1s que cualquier titular, y es la raz\u00f3n<br \/>por la que me met\u00ed en esto.<\/p>\n<p>Si una sola persona sale de ah\u00ed pensando \u00abyo tambi\u00e9n puedo mostrarme como soy\u00bb, el evento ha valido la<br \/>pena.<\/p>\n<p><strong>\u00bfHabr\u00e1 pr\u00f3ximamente m\u00e1s desfiles de Cero Tinta? \u00bfHasta d\u00f3nde os gustar\u00eda llegar?<\/strong><br \/>Rotundamente s\u00ed. Cero Tinta no nace para ser una noche bonita y ya est\u00e1.<br \/>Nace anual e itinerante, como cualquier artista: no tenemos un sitio fijo, tenemos un espect\u00e1culo que viaja.<br \/>Madrid es la semilla, y estamos abiertos a llevarlo all\u00ed donde nos reclamen, dentro y fuera de Espa\u00f1a.<br \/>Y hay algo importante en c\u00f3mo est\u00e1 planteado: el evento no cambia, pero el espect\u00e1culo s\u00ed. El marco<br \/>permanece \u2014la filosof\u00eda, la forma de hacer las cosas\u2014, pero cada edici\u00f3n trae otros dise\u00f1adores, otros<br \/>modelos, otros m\u00fasicos y, sobre todo, otras historias. Ese es el verdadero fin de todo: las historias que se<br \/>seleccionan en cada edici\u00f3n. Quien vea la primera no habr\u00e1 visto la segunda.<br \/>Dentro de unos a\u00f1os quiero que se hable de Cero Tinta como el lugar donde el arte del tatuaje encontr\u00f3 por<br \/>fin su pasarela. Y donde mucha gente encontr\u00f3 un sitio donde no ten\u00eda que esconderse.<br \/>Esto es solo el principio.<\/p>\n<p>\u00a0<\/p>\n<p><img loading=\"lazy\" data-recalc-dims=\"1\" decoding=\"async\" data-attachment-id=\"61868\" data-permalink=\"https:\/\/www.solo-rock.com\/2026\/08\/entrevistamos-a-johana-haidar-de-cero-tinta\/whatsapp-image-2026-09-01-at-08-05-05\/\" data-orig-file=\"https:\/\/i0.wp.com\/www.solo-rock.com\/wp-content\/uploads\/2026\/08\/WhatsApp-Image-2026-09-01-at-08.05.05.jpeg?fit=768%2C1376&amp;ssl=1\" data-orig-size=\"768,1376\" data-comments-opened=\"1\" data-image-meta='{\"aperture\":\"0\",\"credit\":\"\",\"camera\":\"\",\"caption\":\"\",\"created_timestamp\":\"0\",\"copyright\":\"\",\"focal_length\":\"0\",\"iso\":\"0\",\"shutter_speed\":\"0\",\"title\":\"\",\"orientation\":\"0\",\"alt\":\"\"}' data-image-title=\"WhatsApp Image 2026-09-01 at 08.05.05\" data-image-description=\"\" data-image-caption=\"\" data-large-file=\"https:\/\/i0.wp.com\/www.solo-rock.com\/wp-content\/uploads\/2026\/08\/WhatsApp-Image-2026-09-01-at-08.05.05.jpeg?fit=572%2C1024&amp;ssl=1\" class=\"aligncenter size-full wp-image-61868\" src=\"https:\/\/i0.wp.com\/www.solo-rock.com\/wp-content\/uploads\/2026\/08\/WhatsApp-Image-2026-09-01-at-08.05.05.jpeg?resize=640%2C1147&amp;ssl=1\" alt=\"\" width=\"640\" height=\"1147\" srcset=\"https:\/\/i0.wp.com\/www.solo-rock.com\/wp-content\/uploads\/2026\/08\/WhatsApp-Image-2026-09-01-at-08.05.05.jpeg?w=768&amp;ssl=1 768w, https:\/\/i0.wp.com\/www.solo-rock.com\/wp-content\/uploads\/2026\/08\/WhatsApp-Image-2026-09-01-at-08.05.05.jpeg?resize=167%2C300&amp;ssl=1 167w, https:\/\/i0.wp.com\/www.solo-rock.com\/wp-content\/uploads\/2026\/08\/WhatsApp-Image-2026-09-01-at-08.05.05.jpeg?resize=572%2C1024&amp;ssl=1 572w\" sizes=\"(max-width: 640px) 100vw, 640px\"><\/p>\n<h3><strong>Datos del evento<\/strong><br \/>\u2014 Fecha: 1 de octubre de 2026.<br \/>\u2014 Lugar: Teatro Galileo Galilei, Madrid.<br \/>\u2014 Photocall y alfombra: 20:00 h \u00b7 Espect\u00e1culo: 21:00 h.<br \/>\u2014 Edad: mayores de 18 a\u00f1os. Aforo limitado.<br \/>\u2014 <a href=\"https:\/\/salagalileo.es\/programacion\/cero-tinta\/\">Entradas: salagalileo.es\/programacion\/cero-tinta\/<\/a><br \/>\u2014 Producci\u00f3n: Voga Connect. Direcci\u00f3n: Johana Paola Haidar.<br \/>\u2014 Redes: <a href=\"https:\/\/www.instagram.com\/cer0tinta\/\">@cerotinta<\/a><\/h3>\n<p>\u00a0<\/p>\n<p>\u00a0<\/p>\n<p><img loading=\"lazy\" data-recalc-dims=\"1\" decoding=\"async\" data-attachment-id=\"61869\" data-permalink=\"https:\/\/www.solo-rock.com\/2026\/08\/entrevistamos-a-johana-haidar-de-cero-tinta\/whatsapp-image-2026-09-01-at-08-04-13\/\" data-orig-file=\"https:\/\/i0.wp.com\/www.solo-rock.com\/wp-content\/uploads\/2026\/08\/WhatsApp-Image-2026-09-01-at-08.04.13.jpeg?fit=1060%2C1057&amp;ssl=1\" data-orig-size=\"1060,1057\" data-comments-opened=\"1\" data-image-meta='{\"aperture\":\"0\",\"credit\":\"\",\"camera\":\"\",\"caption\":\"\",\"created_timestamp\":\"0\",\"copyright\":\"\",\"focal_length\":\"0\",\"iso\":\"0\",\"shutter_speed\":\"0\",\"title\":\"\",\"orientation\":\"0\",\"alt\":\"\"}' data-image-title=\"WhatsApp Image 2026-09-01 at 08.04.13\" data-image-description=\"\" data-image-caption=\"\" data-large-file=\"https:\/\/i0.wp.com\/www.solo-rock.com\/wp-content\/uploads\/2026\/08\/WhatsApp-Image-2026-09-01-at-08.04.13.jpeg?fit=640%2C638&amp;ssl=1\" class=\"aligncenter size-full wp-image-61869\" src=\"https:\/\/i0.wp.com\/www.solo-rock.com\/wp-content\/uploads\/2026\/08\/WhatsApp-Image-2026-09-01-at-08.04.13.jpeg?resize=640%2C638&amp;ssl=1\" alt=\"\" width=\"640\" height=\"638\" srcset=\"https:\/\/i0.wp.com\/www.solo-rock.com\/wp-content\/uploads\/2026\/08\/WhatsApp-Image-2026-09-01-at-08.04.13.jpeg?w=1060&amp;ssl=1 1060w, https:\/\/i0.wp.com\/www.solo-rock.com\/wp-content\/uploads\/2026\/08\/WhatsApp-Image-2026-09-01-at-08.04.13.jpeg?resize=300%2C300&amp;ssl=1 300w, https:\/\/i0.wp.com\/www.solo-rock.com\/wp-content\/uploads\/2026\/08\/WhatsApp-Image-2026-09-01-at-08.04.13.jpeg?resize=1024%2C1021&amp;ssl=1 1024w, https:\/\/i0.wp.com\/www.solo-rock.com\/wp-content\/uploads\/2026\/08\/WhatsApp-Image-2026-09-01-at-08.04.13.jpeg?resize=150%2C150&amp;ssl=1 150w, https:\/\/i0.wp.com\/www.solo-rock.com\/wp-content\/uploads\/2026\/08\/WhatsApp-Image-2026-09-01-at-08.04.13.jpeg?resize=768%2C766&amp;ssl=1 768w\" sizes=\"(max-width: 640px) 100vw, 640px\"><\/p>\n<p>The post <a href=\"https:\/\/www.solo-rock.com\/2026\/08\/entrevistamos-a-johana-haidar-de-cero-tinta\/\">ENTREVISTAMOS A JOHANA HAIDAR DE CERO TINTA<\/a> first appeared on <a href=\"https:\/\/www.solo-rock.com\/\">Solo-Rock<\/a>.<\/div>\n","protected":false},"excerpt":{"rendered":"<p>A tan solo un mes de uno de los eventos del a\u00f1o, entrevistamos a la directora de Cero Tinta, Johana Haida, pasarela alternativa que nace en Madrid para celebrar la diversidad y la autenticidad. Pero su plan no se queda aqu\u00ed: ya est\u00e1n preparando las pr\u00f3ximas ediciones en Barcelona, Tenerife y a nivel internacional. H\u00e1blanos [&hellip;]<\/p>\n","protected":false},"author":1,"featured_media":0,"comment_status":"closed","ping_status":"open","sticky":false,"template":"","format":"standard","meta":{"_et_pb_use_builder":"","_et_pb_old_content":"","_et_gb_content_width":"","footnotes":""},"categories":[2],"tags":[],"class_list":["post-215944","post","type-post","status-publish","format-standard","hentry","category-musica-noticias"],"_links":{"self":[{"href":"https:\/\/otraronda.xyz\/rock\/wp-json\/wp\/v2\/posts\/215944","targetHints":{"allow":["GET"]}}],"collection":[{"href":"https:\/\/otraronda.xyz\/rock\/wp-json\/wp\/v2\/posts"}],"about":[{"href":"https:\/\/otraronda.xyz\/rock\/wp-json\/wp\/v2\/types\/post"}],"author":[{"embeddable":true,"href":"https:\/\/otraronda.xyz\/rock\/wp-json\/wp\/v2\/users\/1"}],"replies":[{"embeddable":true,"href":"https:\/\/otraronda.xyz\/rock\/wp-json\/wp\/v2\/comments?post=215944"}],"version-history":[{"count":0,"href":"https:\/\/otraronda.xyz\/rock\/wp-json\/wp\/v2\/posts\/215944\/revisions"}],"wp:attachment":[{"href":"https:\/\/otraronda.xyz\/rock\/wp-json\/wp\/v2\/media?parent=215944"}],"wp:term":[{"taxonomy":"category","embeddable":true,"href":"https:\/\/otraronda.xyz\/rock\/wp-json\/wp\/v2\/categories?post=215944"},{"taxonomy":"post_tag","embeddable":true,"href":"https:\/\/otraronda.xyz\/rock\/wp-json\/wp\/v2\/tags?post=215944"}],"curies":[{"name":"wp","href":"https:\/\/api.w.org\/{rel}","templated":true}]}}