{"id":215942,"date":"2026-09-01T19:55:01","date_gmt":"2026-09-01T17:55:01","guid":{"rendered":"https:\/\/otraronda.xyz\/rock\/alfredo-piedrafita-actuara-en-madrid-en-febrero-junto-a-la-celebracion-del-5o-aniversario-de-rock-con-n\/"},"modified":"2026-09-01T19:55:01","modified_gmt":"2026-09-01T17:55:01","slug":"alfredo-piedrafita-actuara-en-madrid-en-febrero-junto-a-la-celebracion-del-5o-aniversario-de-rock-con-n","status":"publish","type":"post","link":"https:\/\/otraronda.xyz\/rock\/alfredo-piedrafita-actuara-en-madrid-en-febrero-junto-a-la-celebracion-del-5o-aniversario-de-rock-con-n\/","title":{"rendered":"Alfredo Piedrafita actuar\u00e1 en Madrid en febrero junto a la celebraci\u00f3n del 5\u00ba aniversario de Rock con \u00d1"},"content":{"rendered":"<div>\n<p>Alfredo Piedrafita actuar\u00e1 en Madrid en febrero junto a la celebraci\u00f3n del 5\u00ba aniversario de Rock con \u00d1.<\/p>\n<p>Ser\u00e1 el 6 de Febrero en la sala Mon.<\/p>\n<p>Fiest\u00f3n por todo lo alto que no os pod\u00e9is perder.<\/p>\n<p>Entradas en https:\/\/ticketfever.es\/.<\/p>\n<p>Todo a partir de las 19:00 horas.<\/p>\n<\/div>\n","protected":false},"excerpt":{"rendered":"<p>Alfredo Piedrafita actuar\u00e1 en Madrid en febrero junto a la celebraci\u00f3n del 5\u00ba aniversario de Rock con \u00d1. Ser\u00e1 el 6 de Febrero en la sala Mon. Fiest\u00f3n por todo lo alto que no os pod\u00e9is perder. Entradas en https:\/\/ticketfever.es\/. Todo a partir de las 19:00 horas.<\/p>\n","protected":false},"author":1,"featured_media":0,"comment_status":"closed","ping_status":"open","sticky":false,"template":"","format":"standard","meta":{"_et_pb_use_builder":"","_et_pb_old_content":"","_et_gb_content_width":"","footnotes":""},"categories":[2],"tags":[],"class_list":["post-215942","post","type-post","status-publish","format-standard","hentry","category-musica-noticias"],"_links":{"self":[{"href":"https:\/\/otraronda.xyz\/rock\/wp-json\/wp\/v2\/posts\/215942","targetHints":{"allow":["GET"]}}],"collection":[{"href":"https:\/\/otraronda.xyz\/rock\/wp-json\/wp\/v2\/posts"}],"about":[{"href":"https:\/\/otraronda.xyz\/rock\/wp-json\/wp\/v2\/types\/post"}],"author":[{"embeddable":true,"href":"https:\/\/otraronda.xyz\/rock\/wp-json\/wp\/v2\/users\/1"}],"replies":[{"embeddable":true,"href":"https:\/\/otraronda.xyz\/rock\/wp-json\/wp\/v2\/comments?post=215942"}],"version-history":[{"count":0,"href":"https:\/\/otraronda.xyz\/rock\/wp-json\/wp\/v2\/posts\/215942\/revisions"}],"wp:attachment":[{"href":"https:\/\/otraronda.xyz\/rock\/wp-json\/wp\/v2\/media?parent=215942"}],"wp:term":[{"taxonomy":"category","embeddable":true,"href":"https:\/\/otraronda.xyz\/rock\/wp-json\/wp\/v2\/categories?post=215942"},{"taxonomy":"post_tag","embeddable":true,"href":"https:\/\/otraronda.xyz\/rock\/wp-json\/wp\/v2\/tags?post=215942"}],"curies":[{"name":"wp","href":"https:\/\/api.w.org\/{rel}","templated":true}]}}