{"id":215890,"date":"2026-09-01T11:17:34","date_gmt":"2026-09-01T09:17:34","guid":{"rendered":"https:\/\/otraronda.xyz\/rock\/ya-no-estara-disponible-ikea-cierra-su-unica-tienda-en-esta-provincia-y-deja-sin-local-a-miles-de-clientes\/"},"modified":"2026-09-01T11:17:34","modified_gmt":"2026-09-01T09:17:34","slug":"ya-no-estara-disponible-ikea-cierra-su-unica-tienda-en-esta-provincia-y-deja-sin-local-a-miles-de-clientes","status":"publish","type":"post","link":"https:\/\/otraronda.xyz\/rock\/ya-no-estara-disponible-ikea-cierra-su-unica-tienda-en-esta-provincia-y-deja-sin-local-a-miles-de-clientes\/","title":{"rendered":"\u00abYa no estar\u00e1 disponible\u00bb: Ikea cierra su \u00fanica tienda en esta provincia y deja sin local a miles de clientes"},"content":{"rendered":"<div><img decoding=\"async\" loading=\"lazy\" width=\"1600\" height=\"900\" src=\"https:\/\/www.adslzone.net\/app\/uploads-adslzone.net\/2026\/09\/Tienda-Ikea.jpg\"><\/p>\n<p>IKEA acaba de desaparecer del centro comercial Ruta de la Plata de C\u00e1ceres. La compa\u00f1\u00eda sueca ha cerrado el establecimiento que manten\u00eda abierto desde 2021 y, con ello, <strong>deja de tener tiendas <\/strong>en la capital cacere\u00f1a. La decisi\u00f3n supone un cambio importante para los clientes de la zona, aunque la marca mantiene algunas alternativas para seguir comprando sus productos.<\/p>\n<p>El cierre se produjo el pasado 25 de agosto, seg\u00fan ha confirmado la propia Ikea, y afecta al denominado punto de planificaci\u00f3n y pedidos que la multinacional ten\u00eda en el centro comercial. En este caso, no hablamos de una enorme tienda como las que podemos ver en Madrid o Sevilla, sino de un <strong>espacio m\u00e1s peque\u00f1o<\/strong>, pensado para ayudar a los clientes a dise\u00f1ar sus proyectos, hacer compras online y contratar servicios asociados.<\/p>\n<p>La noticia ha sorprendido a quienes acud\u00edan a la Ruta de la Plata para recibir asesoramiento de los especialistas, especialmente porque el establecimiento llevaba apenas unos a\u00f1os funcionando. Ahora, quienes quieran comprar muebles de la compa\u00f1\u00eda desde C\u00e1ceres tendr\u00e1n que <strong>hacerlo por internet.<\/strong><\/p>\n<h2>Cierre en C\u00e1ceres<\/h2>\n<p>El establecimiento ocupaba unos 125 metros cuadrados y comenz\u00f3 su actividad con seis trabajadores. Su funcionamiento era diferente al de una tienda IKEA convencional: los clientes pod\u00edan ir all\u00ed para planificar cocinas, dormitorios u otros proyectos, recibir asesoramiento y <b>hacer pedidos a trav\u00e9s de los canales digitales de la compa\u00f1\u00eda. <\/b>Pero Ikea considera que los h\u00e1bitos de los consumidores han cambiado, explicando que el cierre responde a la evoluci\u00f3n de la forma en la que los clientes de la zona interact\u00faan con la marca, con un uso cada vez mayor de internet.<\/p>\n<p>La compa\u00f1\u00eda apunta as\u00ed hacia un modelo en el que la presencia f\u00edsica no tiene por qu\u00e9 implicar necesariamente una tienda tradicional. Es una estrategia que permite a Ikea<strong> reducir el tama\u00f1o<\/strong> de algunos establecimientos y concentrar recursos en formatos adaptados a ciudades donde una gran superficie comercial no tendr\u00eda el mismo sentido.<\/p>\n<figure class=\"post-article__content-img\"><img decoding=\"async\" loading=\"lazy\" width=\"1280\" height=\"720\" src=\"https:\/\/www.adslzone.net\/app\/uploads-adslzone.net\/2026\/09\/Ikea-Caceres.jpg\" alt=\"Puerta de la tienda Ikea de C\u00e1ceres\"><figcaption>Tienda de Ikea en C\u00e1ceres. Imagen propiedad de Hoy<\/figcaption><\/figure>\n<h3>\u00bfD\u00f3nde recoger ahora los pedidos de IKEA?<\/h3>\n<p>Aunque el local del centro comercial ha cerrado, C\u00e1ceres todav\u00eda dispone de un punto de recogida de pedidos de Ikea. Se encuentra en el pol\u00edgono industrial de Las Capellan\u00edas, concretamente en la calle Labradores. Pero este espacio no est\u00e1 gestionado directamente por Ikea, sino por terceros. Por tanto, es un punto externo de recogida y <strong>no una tienda<\/strong> o establecimiento propio de la compa\u00f1\u00eda.<\/p>\n<p>La alternativa principal contin\u00faa siendo la compra online, con la posibilidad de recibir los productos directamente en casa o seleccionar un punto de recogida disponible. En Extremadura tambi\u00e9n existen otros puntos externos de recogida. Ikea mantiene uno en Badajoz, en la avenida Joaqu\u00edn S\u00e1nchez Valverde, y otro en M\u00e9rida, situado en la calle Palencia.<\/p>\n<\/div>\n","protected":false},"excerpt":{"rendered":"<p>IKEA acaba de desaparecer del centro comercial Ruta de la Plata de C\u00e1ceres. La compa\u00f1\u00eda sueca ha cerrado el establecimiento que manten\u00eda abierto desde 2021 y, con ello, deja de tener tiendas en la capital cacere\u00f1a. La decisi\u00f3n supone un cambio importante para los clientes de la zona, aunque la marca mantiene algunas alternativas para [&hellip;]<\/p>\n","protected":false},"author":1,"featured_media":0,"comment_status":"closed","ping_status":"closed","sticky":false,"template":"","format":"standard","meta":{"_et_pb_use_builder":"","_et_pb_old_content":"","_et_gb_content_width":"","footnotes":""},"categories":[3],"tags":[],"class_list":["post-215890","post","type-post","status-publish","format-standard","hentry","category-android-ipad"],"_links":{"self":[{"href":"https:\/\/otraronda.xyz\/rock\/wp-json\/wp\/v2\/posts\/215890","targetHints":{"allow":["GET"]}}],"collection":[{"href":"https:\/\/otraronda.xyz\/rock\/wp-json\/wp\/v2\/posts"}],"about":[{"href":"https:\/\/otraronda.xyz\/rock\/wp-json\/wp\/v2\/types\/post"}],"author":[{"embeddable":true,"href":"https:\/\/otraronda.xyz\/rock\/wp-json\/wp\/v2\/users\/1"}],"replies":[{"embeddable":true,"href":"https:\/\/otraronda.xyz\/rock\/wp-json\/wp\/v2\/comments?post=215890"}],"version-history":[{"count":0,"href":"https:\/\/otraronda.xyz\/rock\/wp-json\/wp\/v2\/posts\/215890\/revisions"}],"wp:attachment":[{"href":"https:\/\/otraronda.xyz\/rock\/wp-json\/wp\/v2\/media?parent=215890"}],"wp:term":[{"taxonomy":"category","embeddable":true,"href":"https:\/\/otraronda.xyz\/rock\/wp-json\/wp\/v2\/categories?post=215890"},{"taxonomy":"post_tag","embeddable":true,"href":"https:\/\/otraronda.xyz\/rock\/wp-json\/wp\/v2\/tags?post=215890"}],"curies":[{"name":"wp","href":"https:\/\/api.w.org\/{rel}","templated":true}]}}