{"id":215862,"date":"2026-09-01T03:04:35","date_gmt":"2026-09-01T01:04:35","guid":{"rendered":"https:\/\/otraronda.xyz\/rock\/nuestros-7-deseos-para-la-temporada-2026-2027-en-tv-del-adelanto-del-prime-time-a-otras-claves-para-ganar-audiencia\/"},"modified":"2026-09-01T03:04:35","modified_gmt":"2026-09-01T01:04:35","slug":"nuestros-7-deseos-para-la-temporada-2026-2027-en-tv-del-adelanto-del-prime-time-a-otras-claves-para-ganar-audiencia","status":"publish","type":"post","link":"https:\/\/otraronda.xyz\/rock\/nuestros-7-deseos-para-la-temporada-2026-2027-en-tv-del-adelanto-del-prime-time-a-otras-claves-para-ganar-audiencia\/","title":{"rendered":"Nuestros 7 deseos para la temporada 2026-2027 en TV: del adelanto del prime time a otras claves para ganar audiencia"},"content":{"rendered":"<div>\n<p><img loading=\"lazy\" decoding=\"async\" src=\"https:\/\/static.eldiario.es\/clip\/8ad776eb-fe09-4bf7-ae95-98b17703a888_16-9-discover-aspect-ratio_default_0.jpg\" width=\"1200\" height=\"675\" alt=\"Nuestros 7 deseos para la temporada 2026-2027 en TV: del adelanto del prime time a otras claves para ganar audiencia\"><\/p>\n<div class=\"subtitles\">\n<p class=\"subtitle\">Arranca la temporada 2026-2027 en nuestra televisi\u00f3n, un periodo plagado de retos y deseos para impulsar las audiencias de las cadenas tradicionales. Repasamos siete claves que marcar\u00e1n el nuevo curso audiovisual: del tard\u00edo arranque del prime time y el nacimiento de La S\u00e9ptima, a la necesaria reforma del Estudio 6 de Mediaset<\/p>\n<p class=\"subtitle\">Especial &#8211; De &#8216;El Chiringuito&#8217; a &#8216;Cine de Barrio&#8217;: 10 razones por las que un programa de TV puede cambiar de cadena<\/p>\n<p class=\"subtitle\">Adem\u00e1s &#8211; &#8216;Espejo P\u00fablico&#8217; ficha a un sobrino de Almeida y da otra secci\u00f3n a Albert Rivera para su nueva temporada en Antena 3\n<\/p>\n<\/div>\n<p class=\"article-text\">\n        La <strong>nueva temporada 2026-2027<\/strong> est\u00e1 a punto de abrir sus puertas, momento en el que las cadenas generalistas recuperar\u00e1n tanto sus <a href=\"https:\/\/www.eldiario.es\/vertele\/noticias\/perro-andaluz-de-viernes-primeras-fechas-estreno-regresos-prime-time-arranca-curso_1_13472146.html\" target=\"_blank\" data-mrf-recirculation=\"links-noticia\" class=\"link\">platos fuertes<\/a> como a sus <a href=\"https:\/\/www.eldiario.es\/vertele\/noticias\/ana-rosa-inaki-lopez-presentadores-arrancaran-lunes-nueva-temporada-tv_1_13465594.html\" target=\"_blank\" data-mrf-recirculation=\"links-noticia\" class=\"link\">presentadores de cabecera<\/a>. Con el paso de los a\u00f1os, el contexto se ha transformado sobremanera: la televisi\u00f3n ya no compite en solitario como anta\u00f1o, sino que se enfrenta a un sinf\u00edn de ventanas de entretenimiento. Las reglas del juego han cambiado \u2014tambi\u00e9n en t\u00e9rminos econ\u00f3micos\u2014, marcar la diferencia en un <strong>panorama tan fragmentado<\/strong> es cada vez m\u00e1s complicado y los operadores est\u00e1n m\u00e1s obligados que nunca a afinar sus estrategias y <strong>poner toda la carne en el asador<\/strong>.\n    <\/p>\n<p class=\"article-text\">\n        En su conjunto, la televisi\u00f3n ha de hacer todo lo posible para recuperar su caracter\u00edstico brillo, <strong>volver a capitalizar la conversaci\u00f3n<\/strong> y construir nuevos h\u00e1bitos de consumo. Como el pr\u00f3ximo curso llega cargado de deberes, en <a href=\"https:\/\/www.eldiario.es\/vertele\/\" target=\"_blank\" data-mrf-recirculation=\"links-noticia\" class=\"link\"><strong>verTele<\/strong><\/a><strong> <\/strong>repasamos algunas de las <strong>cuentas pendientes <\/strong>a las que se enfrenta la televisi\u00f3n tradicional, empezando por el final del <strong>retraso del prime time<\/strong>, quiz\u00e1 una de las peticiones m\u00e1s repetidas entre los espectadores, pero no la \u00fanica.\n    <\/p>\n<p class=\"article-text\">\n        Nosotros, como televidentes que tambi\u00e9n somos, tambi\u00e9n tenemos nuestra propia lista de deseos. Una lista que incluye un poco de todo, como la<strong> innovaci\u00f3n est\u00e9tica<\/strong> en los Estudios de <strong>Mediaset<\/strong>, los <strong>cambios de ciclo en Telecinco y laSexta <\/strong>o<strong> <\/strong>el soplo de aire fresco que debe suponer<strong> La S\u00e9ptima<\/strong>, entre otras peticiones. Las vemos a continuaci\u00f3n.\n    <\/p>\n<h2 class=\"article-text\"><strong>1) Adelantar el prime time para que vuelva a brillar<\/strong><\/h2>\n<p class=\"article-text\">\n        Hubo un tiempo en el que el <strong>prime time<\/strong> hac\u00eda honor a su nombre. En <strong>1996<\/strong>, las grandes apuestas de nuestra televisi\u00f3n arrancaban poco despu\u00e9s de las<strong> 21:30 horas<\/strong>. Diez a\u00f1os m\u00e1s tarde, en <strong>2006<\/strong>, las cadenas ya hab\u00edan retrasado el inicio, pero segu\u00edan reservando las <strong>22:00<\/strong> como la hora sagrada del entretenimiento. Ya en <strong>2016<\/strong>, el arranque se postergaba hasta pasadas las <strong>22:30<\/strong>. Y ahora, el horario estelar comienza alrededor de las <strong>23:10<\/strong> \u2014incluso hay casos extremos de <a href=\"https:\/\/www.eldiario.es\/vertele\/noticias\/se-nos-ha-ido-de-las-manos-retraso-prime-time-estreno-medianoche-lleva-extremo-deriva-preocupante_1_13169416.html#:~:text=En%20tierra%20lejana%20(de%2023%3A21%20a%201%3A04h)\" target=\"_blank\" data-mrf-recirculation=\"links-noticia\" class=\"link\">arranque a las 23:21<\/a>\u2014, una deriva que indudablemente ha cambiado la forma de consumir televisi\u00f3n.\n    <\/p>\n<p class=\"article-text\">\n        La comparaci\u00f3n resulta impactante. Hace tres d\u00e9cadas, un espectador pod\u00eda ver <em>\u00bfQui\u00e9n sabe d\u00f3nde?<\/em> o una pel\u00edcula sin que la madrugada llamara a la puerta, una realidad muy distinta a la de nuestros d\u00edas. El <strong>retraso progresivo<\/strong> del horario estelar ha generado una paradoja: al emitirse m\u00e1s tarde, el consumo total de televisi\u00f3n es menor, puesto que el p\u00fablico abandona las pantallas. Sin embargo, como el share mide el porcentaje sobre qui\u00e9nes siguen viendo televisi\u00f3n, una oferta puede presumir de <strong>cuotas m\u00e1s elevadas <\/strong>mientras re\u00fane a <strong>menos espectadores<\/strong>.\n    <\/p>\n<p class=\"article-text\">\n        \u00bfCu\u00e1l es el resultado? Un <strong>alcance de menor impacto<\/strong> para los productos audiovisuales m\u00e1s costosos. Aunque nada parece indicarlo y parece improbable que as\u00ed vaya a ser, la nueva temporada podr\u00eda traer consigo la oportunidad de corregir esta inercia. Adelantar el prime time no resolver\u00eda por s\u00ed solo la tendencia descendente en el consumo, pero s\u00ed podr\u00eda <strong>recuperar a parte del p\u00fablico perdido<\/strong>. La racionalizaci\u00f3n de horarios se presenta como algo fundamental, pero la apuesta por los formatos de<strong> access prime time<\/strong> sigue ganando peso por momentos: <em><strong>El Hormiguero<\/strong><\/em>, <em><strong>La Revuelta<\/strong><\/em>, <em><strong>First Dates<\/strong><\/em> y<em><strong> Horizonte diario <\/strong><\/em>son la prueba perfecta.\n    <\/p>\n<figure class=\"ni-figure\">\n<picture class=\"news-image\">\n                                    <!--[if IE 9]>\n                <video style=\"display: none;\"><![endif]--><source media=\"(max-width: 576px)\" type=\"image\/webp\" srcset=\"https:\/\/static.eldiario.es\/clip\/1c43504f-5973-4b3a-a474-107db608856e_16-9-discover-aspect-ratio_50p_0.webp\"><source media=\"(max-width: 576px)\" type=\"image\/jpg\" srcset=\"https:\/\/static.eldiario.es\/clip\/1c43504f-5973-4b3a-a474-107db608856e_16-9-discover-aspect-ratio_50p_0.jpg\"><source media=\"(max-width: 767px)\" type=\"image\/webp\" srcset=\"https:\/\/static.eldiario.es\/clip\/1c43504f-5973-4b3a-a474-107db608856e_16-9-discover-aspect-ratio_75p_0.webp\"><source media=\"(max-width: 767px)\" type=\"image\/jpg\" srcset=\"https:\/\/static.eldiario.es\/clip\/1c43504f-5973-4b3a-a474-107db608856e_16-9-discover-aspect-ratio_75p_0.jpg\"><source type=\"image\/webp\" srcset=\"https:\/\/static.eldiario.es\/clip\/1c43504f-5973-4b3a-a474-107db608856e_16-9-discover-aspect-ratio_default_0.webp\"><source type=\"image\/jpg\" srcset=\"https:\/\/static.eldiario.es\/clip\/1c43504f-5973-4b3a-a474-107db608856e_16-9-discover-aspect-ratio_default_0.jpg\"><!--[if IE 9]><\/video><![endif]--><\/p>\n<p>                <img decoding=\"async\" src=\"https:\/\/static.eldiario.es\/clip\/1c43504f-5973-4b3a-a474-107db608856e_16-9-discover-aspect-ratio_default_0.jpg\" alt=\"'La Revuelta', 'El Hormiguero', 'First Dates', 'El Intermedio', 'Horizonte' y 'Cifras y letras'\"><\/p>\n<\/picture><figcaption class=\"image-footer\">\n            <span class=\"title\"><br \/>\n                &#8216;La Revuelta&#8217;, &#8216;El Hormiguero&#8217;, &#8216;First Dates&#8217;, &#8216;El Intermedio&#8217;, &#8216;Horizonte&#8217; y &#8216;Cifras y letras&#8217;                            <\/span><br \/>\n                                    <\/figcaption><\/figure>\n<p class=\"article-text\">\n        El <strong>tard\u00edo inicio del prime time <\/strong>lleva gest\u00e1ndose desde hace aproximadamente dos d\u00e9cadas. Si establecemos una comparaci\u00f3n temporal con el a\u00f1o <strong>1996<\/strong>, los platos fuertes ahora comienzan <strong>hasta una hora y media despu\u00e9s<\/strong>. El retraso en relaci\u00f3n con <strong>2006 <\/strong>es superior a <strong>una hora y diez minutos<\/strong>, mientras que el desfase en contraste con <strong>2016 <\/strong>alcanza los <strong>40 minutos<\/strong>. Tampoco puede perderse de vista la<strong> extensa duraci\u00f3n de programas<\/strong> como <em><strong>MasterChef <\/strong><\/em>y similares. Para ilustrar esta evoluci\u00f3n, repasamos la oferta televisiva del primer lunes de septiembre en cada uno de estos a\u00f1os, coincidiendo con el arranque del curso audiovisual:\n    <\/p>\n<h2 class=\"article-text\"><span class=\"highlight\" style=\"--color:#f8e71c;\"><strong>\u00b7 As\u00ed era el prime time en 1996:<\/strong><\/span><\/h2>\n<div class=\"list\">\n<ul>\n<li>21:00h \u2014 Telediario 2<\/li>\n<li>21:45h \u2014 &#8216;\u00bfQui\u00e9n sabe d\u00f3nde?&#8217;<\/li>\n<\/ul><\/div>\n<div class=\"list\">\n<ul>\n<li>20:50h \u2014 Antena 3 Noticias 2<\/li>\n<li>21:20h \u2014 Campeonato nacional de Liga: Extremadura &#8211; Betis<\/li>\n<li>23:30h \u2014 &#8216;Sonrisas de Espa\u00f1a&#8217;<\/li>\n<\/ul><\/div>\n<div class=\"list\">\n<ul>\n<li>20:30h \u2014 Las Noticias<\/li>\n<li>21:25h \u2014 &#8216;Telecup\u00f3n&#8217;<\/li>\n<li>21:35h \u2014 &#8216;V\u00edctimas inocentes&#8217;<\/li>\n<li>23:25h \u2014 &#8216;Esta noche cruzamos el Mississippi&#8217;<\/li>\n<\/ul><\/div>\n<figure class=\"ni-figure\">\n<picture class=\"news-image\">\n                                    <!--[if IE 9]>\n                <video style=\"display: none;\"><![endif]--><source media=\"(max-width: 576px)\" type=\"image\/webp\" srcset=\"https:\/\/static.eldiario.es\/clip\/a4ea22b9-8098-45a5-9b82-82dadb4e8830_16-9-discover-aspect-ratio_50p_0.webp\"><source media=\"(max-width: 576px)\" type=\"image\/jpg\" srcset=\"https:\/\/static.eldiario.es\/clip\/a4ea22b9-8098-45a5-9b82-82dadb4e8830_16-9-discover-aspect-ratio_50p_0.jpg\"><source media=\"(max-width: 767px)\" type=\"image\/webp\" srcset=\"https:\/\/static.eldiario.es\/clip\/a4ea22b9-8098-45a5-9b82-82dadb4e8830_16-9-discover-aspect-ratio_75p_0.webp\"><source media=\"(max-width: 767px)\" type=\"image\/jpg\" srcset=\"https:\/\/static.eldiario.es\/clip\/a4ea22b9-8098-45a5-9b82-82dadb4e8830_16-9-discover-aspect-ratio_75p_0.jpg\"><source type=\"image\/webp\" srcset=\"https:\/\/static.eldiario.es\/clip\/a4ea22b9-8098-45a5-9b82-82dadb4e8830_16-9-discover-aspect-ratio_default_0.webp\"><source type=\"image\/jpg\" srcset=\"https:\/\/static.eldiario.es\/clip\/a4ea22b9-8098-45a5-9b82-82dadb4e8830_16-9-discover-aspect-ratio_default_0.jpg\"><!--[if IE 9]><\/video><![endif]--><\/p>\n<p>                <img decoding=\"async\" src=\"https:\/\/static.eldiario.es\/clip\/a4ea22b9-8098-45a5-9b82-82dadb4e8830_16-9-discover-aspect-ratio_default_0.jpg\" alt=\"Paco Lobat\u00f3n y Pepe Navarro\"><\/p>\n<\/picture><figcaption class=\"image-footer\">\n            <span class=\"title\"><br \/>\n                Paco Lobat\u00f3n y Pepe Navarro                            <\/span><br \/>\n                                    <\/figcaption><\/figure>\n<h2 class=\"article-text\"><span class=\"highlight\" style=\"--color:#f8e71c;\"><strong>\u00b7 As\u00ed era el prime time en 2006:<\/strong><\/span><\/h2>\n<div class=\"list\">\n<ul>\n<li>21:00h \u2014 Telediario 2<\/li>\n<li>22:00h \u2014 &#8216;Mira qui\u00e9n baila&#8217;<\/li>\n<\/ul><\/div>\n<div class=\"list\">\n<ul>\n<li>21:00h \u2014 Antena 3 Noticias 2<\/li>\n<li>21:50h \u2014 &#8216;Homo Zapping News&#8217;<\/li>\n<li>22:00h \u2014 &#8216;Cine: El sexto d\u00eda&#8217;<\/li>\n<\/ul><\/div>\n<div class=\"list\">\n<ul>\n<li>20:55h \u2014 Informativos Telecinco<\/li>\n<li>21:20h \u2014 &#8216;OT: El casting&#8217;<\/li>\n<li>22:00h \u2014 &#8216;C.S.I. Miami&#8217;<\/li>\n<li>23:00h \u2014 &#8216;C.S.I. Nueva York&#8217;<\/li>\n<\/ul><\/div>\n<div class=\"list\">\n<ul>\n<li>21:00h \u2014 Noticias Cuatro<\/li>\n<li>21:40h \u2014 &#8217;11-S: Cinco a\u00f1os atr\u00e1s&#8217;<\/li>\n<li>23:50h \u2014 &#8216;Maracan\u00e1 &#8217;06&#8217;<\/li>\n<\/ul><\/div>\n<div class=\"list\">\n<ul>\n<li>20:00h \u2014 laSexta Noticias<\/li>\n<li>20:45h \u2014 &#8216;El Intermedio&#8217;<\/li>\n<li>21:15h \u2014 &#8216;SMS&#8217;<\/li>\n<li>21:50h \u2014 &#8216;Mesa para cinco&#8217;<\/li>\n<li>22:45h \u2014 &#8216;Los irrepetibles de Amstel&#8217;<\/li>\n<li>23:45h \u2014 &#8216;Planeta Finito&#8217;<\/li>\n<\/ul><\/div>\n<figure class=\"ni-figure\">\n<picture class=\"news-image\">\n                                    <!--[if IE 9]>\n                <video style=\"display: none;\"><![endif]--><source media=\"(max-width: 576px)\" type=\"image\/webp\" srcset=\"https:\/\/static.eldiario.es\/clip\/4c546ec6-9cb7-4dba-b8b4-dd0c336b3a51_16-9-discover-aspect-ratio_50p_0.webp\"><source media=\"(max-width: 576px)\" type=\"image\/jpg\" srcset=\"https:\/\/static.eldiario.es\/clip\/4c546ec6-9cb7-4dba-b8b4-dd0c336b3a51_16-9-discover-aspect-ratio_50p_0.jpg\"><source media=\"(max-width: 767px)\" type=\"image\/webp\" srcset=\"https:\/\/static.eldiario.es\/clip\/4c546ec6-9cb7-4dba-b8b4-dd0c336b3a51_16-9-discover-aspect-ratio_75p_0.webp\"><source media=\"(max-width: 767px)\" type=\"image\/jpg\" srcset=\"https:\/\/static.eldiario.es\/clip\/4c546ec6-9cb7-4dba-b8b4-dd0c336b3a51_16-9-discover-aspect-ratio_75p_0.jpg\"><source type=\"image\/webp\" srcset=\"https:\/\/static.eldiario.es\/clip\/4c546ec6-9cb7-4dba-b8b4-dd0c336b3a51_16-9-discover-aspect-ratio_default_0.webp\"><source type=\"image\/jpg\" srcset=\"https:\/\/static.eldiario.es\/clip\/4c546ec6-9cb7-4dba-b8b4-dd0c336b3a51_16-9-discover-aspect-ratio_default_0.jpg\"><!--[if IE 9]><\/video><![endif]--><\/p>\n<p>                <img decoding=\"async\" src=\"https:\/\/static.eldiario.es\/clip\/4c546ec6-9cb7-4dba-b8b4-dd0c336b3a51_16-9-discover-aspect-ratio_default_0.jpg\" alt=\"'Mira qui\u00e9n baila', 'Maracan\u00e1 '06', 'OT 2006' y 'SMS'\"><\/p>\n<\/picture><figcaption class=\"image-footer\">\n            <span class=\"title\"><br \/>\n                &#8216;Mira qui\u00e9n baila&#8217;, &#8216;Maracan\u00e1 &#8217;06&#8217;, &#8216;OT 2006&#8217; y &#8216;SMS&#8217;                            <\/span><br \/>\n                                    <\/figcaption><\/figure>\n<h2 class=\"article-text\"><span class=\"highlight\" style=\"--color:#f8e71c;\"><strong>\u00b7 As\u00ed era el prime time en 2016:<\/strong><\/span><\/h2>\n<div class=\"list\">\n<ul>\n<li>20:30h \u2014 Campeonato del Mundo de Rusia: Espa\u00f1a &#8211; Liechtenstein<\/li>\n<li>22:35h \u2014 &#8216;Cine: 200s&#8217;<\/li>\n<\/ul><\/div>\n<div class=\"list\">\n<ul>\n<li>21:00h \u2014 Antena 3 Noticias 2<\/li>\n<li>21:50h \u2014 &#8216;El Hormiguero 3.0&#8217;<\/li>\n<li>22:40h \u2014 &#8216;Dietas a examen&#8217;<\/li>\n<\/ul><\/div>\n<div class=\"list\">\n<ul>\n<li>21:00 h \u2014 Informativos Telecinco<\/li>\n<li>22:00h \u2014 &#8216;Mi casa es la tuya: avance&#8217;<\/li>\n<li>22:30h \u2014 &#8216;Mi casa es la tuya&#8217;<\/li>\n<\/ul><\/div>\n<div class=\"list\">\n<ul>\n<li>20:30h \u2014 Noticias Cuatro<\/li>\n<li>21:05h \u2014 &#8216;Granjero busca esposa&#8217;<\/li>\n<li>22:30h \u2014 &#8216;First Dates&#8217;<\/li>\n<li>23:45h\u2014 &#8216;Cine Cuatro: Bobby Z&#8217;<\/li>\n<\/ul><\/div>\n<div class=\"list\">\n<ul>\n<li>20:00h \u2014 laSexta Noticias<\/li>\n<li>21:00h \u2014 &#8216;The very best of El Intermedio&#8217;<\/li>\n<li>21:30h \u2014 &#8216;El Intermedio&#8217;<\/li>\n<li>22:30h\u2014 &#8216;El Taquillazo: War Horse&#8217;<\/li>\n<\/ul><\/div>\n<figure class=\"ni-figure\">\n<picture class=\"news-image\">\n                                    <!--[if IE 9]>\n                <video style=\"display: none;\"><![endif]--><source media=\"(max-width: 576px)\" type=\"image\/webp\" srcset=\"https:\/\/static.eldiario.es\/clip\/d7b8c3e1-f174-40b5-807d-459734be3edd_16-9-discover-aspect-ratio_50p_0.webp\"><source media=\"(max-width: 576px)\" type=\"image\/jpg\" srcset=\"https:\/\/static.eldiario.es\/clip\/d7b8c3e1-f174-40b5-807d-459734be3edd_16-9-discover-aspect-ratio_50p_0.jpg\"><source media=\"(max-width: 767px)\" type=\"image\/webp\" srcset=\"https:\/\/static.eldiario.es\/clip\/d7b8c3e1-f174-40b5-807d-459734be3edd_16-9-discover-aspect-ratio_75p_0.webp\"><source media=\"(max-width: 767px)\" type=\"image\/jpg\" srcset=\"https:\/\/static.eldiario.es\/clip\/d7b8c3e1-f174-40b5-807d-459734be3edd_16-9-discover-aspect-ratio_75p_0.jpg\"><source type=\"image\/webp\" srcset=\"https:\/\/static.eldiario.es\/clip\/d7b8c3e1-f174-40b5-807d-459734be3edd_16-9-discover-aspect-ratio_default_0.webp\"><source type=\"image\/jpg\" srcset=\"https:\/\/static.eldiario.es\/clip\/d7b8c3e1-f174-40b5-807d-459734be3edd_16-9-discover-aspect-ratio_default_0.jpg\"><!--[if IE 9]><\/video><![endif]--><\/p>\n<p>                <img decoding=\"async\" src=\"https:\/\/static.eldiario.es\/clip\/d7b8c3e1-f174-40b5-807d-459734be3edd_16-9-discover-aspect-ratio_default_0.jpg\" alt=\"'Dietas a examen', 'Mi casa es la tuya', 'Granjero busca esposa' y 'El Intermedio'\"><\/p>\n<\/picture><figcaption class=\"image-footer\">\n            <span class=\"title\"><br \/>\n                &#8216;Dietas a examen&#8217;, &#8216;Mi casa es la tuya&#8217;, &#8216;Granjero busca esposa&#8217; y &#8216;El Intermedio&#8217;                            <\/span><br \/>\n                                    <\/figcaption><\/figure>\n<h2 class=\"article-text\"><strong>2) La renovaci\u00f3n del Estudio 6 de Mediaset<\/strong><\/h2>\n<p class=\"article-text\">\n        Es cierto que la televisi\u00f3n vive de historias, pero<strong> la imagen es fundamental <\/strong>tambi\u00e9n. Los programas de entretenimiento en directo generan expectaci\u00f3n por su contenido, pero el envoltorio debe cuidarse con el mismo esmero. Con esta premisa de partida, no deja de sorprender que <strong>Mediaset <\/strong>lleve pr\u00e1cticamente desde 2019 explotando su m\u00edtico <strong>Estudio 6 <\/strong>con <strong>variaciones m\u00ednimas de escenograf\u00eda<\/strong>. Una reforma integral, m\u00e1s all\u00e1 de cambios de iluminaci\u00f3n o mobiliario, es ya una necesidad.\n    <\/p>\n<p class=\"article-text\">\n        El &#8216;camale\u00f3nico&#8217; plat\u00f3 ha sido testigo de lo ocurrido en incalculables ediciones de <strong>Supervivientes<\/strong>, <em><strong>Gran Hermano<\/strong><\/em> \u2014y sus versiones con famosos en solitario o a d\u00fao\u2014, <em><strong>Pesadilla en El Para\u00edso<\/strong><\/em>, <em><strong>La Casa Fuerte<\/strong><\/em>, <em><strong>C\u00e1mbiame Challenge<\/strong><\/em>, <em><strong>Secret Story<\/strong><\/em>, la docuserie de <strong>Roc\u00edo Carrasco<\/strong>, <em><strong>De Viernes<\/strong><\/em> y hasta <em><strong>Horizonte<\/strong><\/em>. \u00bfY cu\u00e1l es el resultado m\u00e1s inmediato de esta realidad? M\u00e1s all\u00e1 del ahorro en costes, el espectador acaba percibiendo una sensaci\u00f3n de que todo sucede en el mismo lugar; que es \u201cm\u00e1s de lo mismo\u201d. Sorprender en t\u00e9rminos visuales tambi\u00e9n es clave cuando la intenci\u00f3n es generar curiosidad.\n    <\/p>\n<p class=\"article-text\">\n        Hubo una \u00e9poca en la que cada edici\u00f3n de un reality show llegaba acompa\u00f1ada de un plat\u00f3 completamente renovado, desprendiendo esa esencia tan caracter\u00edstica de cada formato. Un <strong>decorado innovador <\/strong>no solo sirve para lucirse: comunica al espectador que hay una <strong>gran apuesta <\/strong>detr\u00e1s, la voluntad de <strong>ofrecer algo diferente <\/strong>y convertir cada estreno en un evento. Mediaset tiene una oportunidad de oro en el nuevo curso televisivo, sin perder de vista que la competencia con otras ventanas de entretenimiento se recrudece. \u00bfSe vestir\u00e1 de gala el hist\u00f3rico Estudio para el nuevo <em>GH <\/em>con famosos?\n    <\/p>\n<figure class=\"ni-figure\">\n<picture class=\"news-image\">\n                                    <!--[if IE 9]>\n                <video style=\"display: none;\"><![endif]--><source media=\"(max-width: 576px)\" type=\"image\/webp\" srcset=\"https:\/\/static.eldiario.es\/clip\/87cce302-217c-4745-9f5a-11098666b690_16-9-discover-aspect-ratio_50p_0.webp\"><source media=\"(max-width: 576px)\" type=\"image\/jpg\" srcset=\"https:\/\/static.eldiario.es\/clip\/87cce302-217c-4745-9f5a-11098666b690_16-9-discover-aspect-ratio_50p_0.jpg\"><source media=\"(max-width: 767px)\" type=\"image\/webp\" srcset=\"https:\/\/static.eldiario.es\/clip\/87cce302-217c-4745-9f5a-11098666b690_16-9-discover-aspect-ratio_75p_0.webp\"><source media=\"(max-width: 767px)\" type=\"image\/jpg\" srcset=\"https:\/\/static.eldiario.es\/clip\/87cce302-217c-4745-9f5a-11098666b690_16-9-discover-aspect-ratio_75p_0.jpg\"><source type=\"image\/webp\" srcset=\"https:\/\/static.eldiario.es\/clip\/87cce302-217c-4745-9f5a-11098666b690_16-9-discover-aspect-ratio_default_0.webp\"><source type=\"image\/jpg\" srcset=\"https:\/\/static.eldiario.es\/clip\/87cce302-217c-4745-9f5a-11098666b690_16-9-discover-aspect-ratio_default_0.jpg\"><!--[if IE 9]><\/video><![endif]--><\/p>\n<p>                <img decoding=\"async\" src=\"https:\/\/static.eldiario.es\/clip\/87cce302-217c-4745-9f5a-11098666b690_16-9-discover-aspect-ratio_default_0.jpg\" alt=\"'Supervivientes 2020', 'Gran Hermano 20', 'Roc\u00edo, contar la verdad' y 'Horizonte'\"><\/p>\n<\/picture><figcaption class=\"image-footer\">\n            <span class=\"title\"><br \/>\n                &#8216;Supervivientes 2020&#8217;, &#8216;Gran Hermano 20&#8217;, &#8216;Roc\u00edo, contar la verdad&#8217; y &#8216;Horizonte&#8217;                            <\/span><br \/>\n                                    <\/figcaption><\/figure>\n<h2 class=\"article-text\"><strong>3) Cambios de ciclo para Telecinco y laSexta<\/strong><\/h2>\n<p class=\"article-text\">\n        Los <a href=\"https:\/\/www.eldiario.es\/vertele\/audiencias-tv\/mensuales-julio-2026-la-1-lidera-julio-ensueno-rtve-mundial-antena-3-sigue-segunda-telecinco-vive-peor-mes-su-historia_1_13419954.html\" target=\"_blank\" data-mrf-recirculation=\"links-noticia\" class=\"link\">balances de audiencias<\/a> invitan a pensar que ambas cadenas enfrentan septiembre con una necesidad compartida, aunque en distinto grado: volver a conectar con el p\u00fablico. <strong>Telecinco <\/strong>lleva varios a\u00f1os alternando &#8216;<strong>golpes de efecto<\/strong>&#8216; en su programaci\u00f3n: los <strong>reajustes constantes en sus tardes<\/strong> no solo <a href=\"https:\/\/www.eldiario.es\/vertele\/audiencias-tv\/telecinco-encrucijada-tardes-audiencias-verano-mueve-lunes-viernes_1_13458194.html\" target=\"_blank\" data-mrf-recirculation=\"links-noticia\" class=\"link\">no terminan de convencer<\/a> al espectador, sino que tampoco facilitan identificar cu\u00e1l es la <strong>identidad del canal<\/strong>. La llegada de nuevos formatos \u2014<a href=\"https:\/\/www.eldiario.es\/vertele\/noticias\/telecinco-ensena-plato-rueda-la-letra-presume-el-rosco-decir-nuevo-nombre-original_1_13467237.html\" target=\"_blank\" data-mrf-recirculation=\"links-noticia\" class=\"link\"><em>Rueda la letra<\/em><\/a> a la tarde y <a href=\"https:\/\/www.eldiario.es\/vertele\/noticias\/telecinco-anuncia-the-honesty-box-nuevo-dating-show-conquistar-publico-isla-tentaciones_1_12945917.html\" target=\"_blank\" data-mrf-recirculation=\"links-noticia\" class=\"link\"><em>The Honesty Box<\/em><\/a><em> <\/em>al prime time\u2014 y el regreso de franquicias de altura \u2014<a href=\"https:\/\/www.eldiario.es\/vertele\/noticias\/telecinco-cuatro-presentan-estrenos-series-programas-proxima-temporada-renovacion-gh-ana-milan_1_13259806.html#:~:text=a%20primera%20vista-,GH%20(con%20famosos),-First%20Dates\" target=\"_blank\" data-mrf-recirculation=\"links-noticia\" class=\"link\"><em>Gran Hermano<\/em><\/a><em>, <\/em><a href=\"https:\/\/www.eldiario.es\/vertele\/noticias\/supervivientes-all-stars-3-anuncia-tercer-cuarta-concursante-oficial-enemigos-unidos-clan-pantoja_1_13470004.html\" target=\"_blank\" data-mrf-recirculation=\"links-noticia\" class=\"link\"><em>Supervivientes<\/em><\/a><em> o <\/em><a href=\"https:\/\/www.eldiario.es\/vertele\/noticias\/telecinco-presenta-13-tentadores-la-isla-de-las-tentaciones-11-reaparicion-ex-gh-20_1_13467578.html\" target=\"_blank\" data-mrf-recirculation=\"links-noticia\" class=\"link\"><em>La isla de las tentaciones<\/em><\/a>\u2014 pueden suponer un punto de inflexi\u00f3n, pero el reto est\u00e1 en construir una <strong>parrilla coherente y consistente<\/strong> con lo que se desea proyectar.\n    <\/p>\n<p class=\"article-text\">\n        En <strong>laSexta<\/strong>, el desaf\u00edo tambi\u00e9n existe. Tras una temporada marcada por el <strong>desgaste <\/strong>de sus buques insignia y la fr\u00eda acogida de sus grandes estrenos \u2014<a href=\"https:\/\/www.eldiario.es\/vertele\/noticias\/la-noche-de-aimar-cierra-primera-temporada-lasexta-visita-2-actores-invitados_1_13326713.html#:~:text=4.9%25%20de%20cuota%20de%20pantalla%20y%20378.000%20espectadores\" target=\"_blank\" data-mrf-recirculation=\"links-noticia\" class=\"link\"><em>La noche de Aimar<\/em><\/a><a href=\"https:\/\/www.eldiario.es\/vertele\/noticias\/la-noche-de-aimar-cierra-primera-temporada-lasexta-visita-2-actores-invitados_1_13326713.html#:~:text=4.9%25%20de%20cuota%20de%20pantalla%20y%20378.000%20espectadores\" target=\"_blank\" data-mrf-recirculation=\"links-noticia\" class=\"link\"> <\/a>o <a href=\"https:\/\/www.eldiario.es\/vertele\/noticias\/lasexta-lanza-promo-atrevida-cara-al-show-marc-giro-no-gusta-fruta_7_13440661.html#:~:text=5.4%25%20de%20cuota%20y%20430.000%20espectadores\" target=\"_blank\" data-mrf-recirculation=\"links-noticia\" class=\"link\"><em>Cara al Show<\/em><\/a>\u2014, la cadena vive el nuevo curso como una oportunidad para impulsar su programaci\u00f3n sin renunciar al ADN que tan exitoso result\u00f3 anteriormente. El balance de temporada, de hecho, trajo consigo una derrota: <strong>Cuatro le dio el sorpasso por primera vez en doce a\u00f1os<\/strong> (<a href=\"https:\/\/www.eldiario.es\/vertele\/audiencias-tv\/audiencias-temporada-2025-2026-tv-antena-3-domina-la-1-sonrie-telecinco-vive-peor-curso-historia-cuatro-lasexta-atresmedia-rtve-mediaset_1_13332108.html#:~:text=ha%20quedado%20as%C3%AD%3A-,6.06%25%20vs%206.00%25,-(a%20d%C3%ADa%2028\" target=\"_blank\" data-mrf-recirculation=\"links-noticia\" class=\"link\">6.06% vs. 6.00%<\/a>). Renovarse no implica romper con el pasado, sino <strong>actualizar una f\u00f3rmula<\/strong> para adaptarse a las necesidades cambiantes del televidente.\n    <\/p>\n<figure class=\"ni-figure\">\n<picture class=\"news-image\">\n                                    <!--[if IE 9]>\n                <video style=\"display: none;\"><![endif]--><source media=\"(max-width: 576px)\" type=\"image\/webp\" srcset=\"https:\/\/static.eldiario.es\/clip\/0c5bfbdf-a149-4f03-9798-97d83604d4fc_16-9-discover-aspect-ratio_50p_0.webp\"><source media=\"(max-width: 576px)\" type=\"image\/jpg\" srcset=\"https:\/\/static.eldiario.es\/clip\/0c5bfbdf-a149-4f03-9798-97d83604d4fc_16-9-discover-aspect-ratio_50p_0.jpg\"><source media=\"(max-width: 767px)\" type=\"image\/webp\" srcset=\"https:\/\/static.eldiario.es\/clip\/0c5bfbdf-a149-4f03-9798-97d83604d4fc_16-9-discover-aspect-ratio_75p_0.webp\"><source media=\"(max-width: 767px)\" type=\"image\/jpg\" srcset=\"https:\/\/static.eldiario.es\/clip\/0c5bfbdf-a149-4f03-9798-97d83604d4fc_16-9-discover-aspect-ratio_75p_0.jpg\"><source type=\"image\/webp\" srcset=\"https:\/\/static.eldiario.es\/clip\/0c5bfbdf-a149-4f03-9798-97d83604d4fc_16-9-discover-aspect-ratio_default_0.webp\"><source type=\"image\/jpg\" srcset=\"https:\/\/static.eldiario.es\/clip\/0c5bfbdf-a149-4f03-9798-97d83604d4fc_16-9-discover-aspect-ratio_default_0.jpg\"><!--[if IE 9]><\/video><![endif]--><\/p>\n<p>                <img decoding=\"async\" src=\"https:\/\/static.eldiario.es\/clip\/0c5bfbdf-a149-4f03-9798-97d83604d4fc_16-9-discover-aspect-ratio_default_0.jpg\" alt=\"Sandra Barneda y Marc Gir\u00f3\"><\/p>\n<\/picture><figcaption class=\"image-footer\">\n            <span class=\"title\"><br \/>\n                Sandra Barneda y Marc Gir\u00f3                            <\/span><br \/>\n                                    <\/figcaption><\/figure>\n<h2 class=\"article-text\"><strong>4) La S\u00e9ptima, un soplo de aire fresco para la TV generalista<\/strong><\/h2>\n<p class=\"article-text\">\n        Despu\u00e9s de mucho tiempo, esta nueva temporada ser\u00e1 el escenario de un nacimiento: el de <strong>La S\u00e9ptima<\/strong>. La llegada de una <strong>nueva cadena a la TDT<\/strong> incorpora un ingrediente poco habitual en un mercado donde los grandes operadores llevan a\u00f1os reparti\u00e9ndose el tablero, sin esa &#8216;presi\u00f3n&#8217; que supone el desembarco de un nuevo actor. Porque aportar una <strong>mirada diferente<\/strong> y abrir nuevas l\u00edneas de entretenimiento y actualidad puede <strong>obligar a que el resto mueva ficha<\/strong>. De hecho, el reto que este gran proyecto medi\u00e1tico trae consigo no es balad\u00ed: erigirse como el <strong>soplo de aire fresco <\/strong>que necesita la televisi\u00f3n generalista.\n    <\/p>\n<p class=\"article-text\">\n        La historia reciente demuestra que los<strong> mayores momentos de creatividad<\/strong> televisiva suelen aparecer cuando un nuevo competidor irrumpe en el tablero de juego. Ya ocurri\u00f3 en su d\u00eda con la aparici\u00f3n de <strong>Antena 3 y Telecinco<\/strong>, o d\u00e9cadas m\u00e1s tarde con la de <strong>Cuatro y laSexta<\/strong>. Ahora le toca a La S\u00e9ptima, que seg\u00fan cont\u00f3 este verano su art\u00edfice, <strong>Jos\u00e9 Miguel Contreras<\/strong>, a <a href=\"https:\/\/www.eldiario.es\/vertele\/entrevistas\/jose-miguel-contreras-desafios-fichajes-septima-canal-ojala-javier-ruiz-pueda-venir-tv-rtve_1_13400945.html\" target=\"_blank\" data-mrf-recirculation=\"links-noticia\" class=\"link\"><strong>verTele<\/strong><\/a>, se presenta como \u201c<strong>el futuro de la televisi\u00f3n generalista<\/strong>\u201d: \u201cA nosotros nos gusta pensar que de aqu\u00ed a no m\u00e1s de tres o cuatro a\u00f1os, todos los canales generalistas se van a parecer m\u00e1s al nuestro de lo que ahora mismo se puede imaginar nadie\u201d.\n    <\/p>\n<p class=\"article-text\">\n        El canal arrancar\u00e1 sus emisiones<strong> <\/strong>el<strong> jueves 5 de noviembre<\/strong>, dos meses despu\u00e9s de su <a href=\"https:\/\/www.eldiario.es\/vertele\/noticias\/la-septima-presentara-oficialmente-programacion-fichajes-festval-2026-anuncia-agenda-estrenos-rtve-atresmedia-mediaset_1_13417865.html\" target=\"_blank\" data-mrf-recirculation=\"links-noticia\" class=\"link\">presentaci\u00f3n oficial<\/a> en el FesTVal de Vitoria. Ser\u00e1 entonces cuando la audiencia pueda ver en acci\u00f3n a todo un equipo de profesionales cuya intenci\u00f3n ser\u00e1 hacer historia. Por el momento, la cadena ya ha anunciado una <a href=\"https:\/\/www.eldiario.es\/vertele\/noticias\/septima-anuncia-fichaje-lujan-arguelles-presentar-programa-hueco-asignado-parrilla_1_13470453.html\" target=\"_blank\" data-mrf-recirculation=\"links-noticia\" class=\"link\">bater\u00eda de fichajes<\/a>: <strong>Javier Ruiz<\/strong>, <strong>Roc\u00edo Delgado<\/strong>, <strong>Alba Carrillo<\/strong>, <strong>Marta M\u00e1rquez<\/strong>, <strong>H\u00e9ctor de Miguel <\/strong>\u2014&#8217;<strong>Quequ\u00e9<\/strong>&#8216;\u2014, <strong>Luj\u00e1n Arg\u00fcelles <\/strong>y <strong>Sarah Santaolalla<\/strong>, este \u00faltimo <a href=\"https:\/\/www.eldiario.es\/vertele\/noticias\/septima-cierra-fichaje-sarah-santaolalla-presentadora-propio-programa-nuevo-canal-tdt_1_13472876.html\" target=\"_blank\" data-mrf-recirculation=\"links-noticia\" class=\"link\">adelantado en exclusiva por nuestro portal<\/a>.\n    <\/p>\n<blockquote class=\"twitter-tweet\" data-lang=\"es\"><p><a href=\"https:\/\/twitter.com\/X\/status\/2074452824558019052?ref_src=twsrc%5Etfw\"><\/a><\/p><\/blockquote>\n<p><script async src=\"https:\/\/platform.twitter.com\/widgets.js\" charset=\"utf-8\"><\/script><\/p>\n<h2 class=\"article-text\"><strong>5) Nuevos formatos y f\u00f3rmulas in\u00e9ditas<\/strong><\/h2>\n<p class=\"article-text\">\n        La televisi\u00f3n de nuestro pa\u00eds siempre ha demostrado su capacidad para <strong>crear formatos de alto calado<\/strong>, o adaptar <strong>t\u00edtulos internacionales<\/strong> con incluso m\u00e1s brillo que los originales. Sin embargo, cada a\u00f1o resulta m\u00e1s dif\u00edcil encontrar estrenos que evoquen esa percepci\u00f3n de espectacularidad. La nueva temporada arrancar\u00e1 con <strong>nuevas ediciones<\/strong> de longevos realities, concursos y marcas muy consolidadas <strong>sin mayor variaci\u00f3n<\/strong>. Es una estrategia comprensible desde el punto de vista empresarial, aunque mucho menos ilusionante para un espectador que lleva a\u00f1os viendo<strong> f\u00f3rmulas muy similares<\/strong> en distintos t\u00edtulos.\n    <\/p>\n<p class=\"article-text\">\n        Todas las cadenas generalistas necesitan <strong>apostar fuerte por la innovaci\u00f3n<\/strong>, por la adquisici\u00f3n de espacios para avivar el inter\u00e9s de la audiencia. \u00bfQui\u00e9n no recuerda esos rituales frente a la pantalla cuando un nuevo formato daba el pistoletazo de salida? \u00bfO ese momento en el que un t\u00edtulo m\u00edtico regresaba con nuevas entregas? Estas sensaciones deben recuperarse, eliminar ese trasfondo amargo \u2014muy habitual \u00faltimamente\u2014 por \u201c<strong>ver siempre lo mismo<\/strong>\u201d. El \u00e9xito nace del riesgo, de abandonar esa zona de confort. Y esta conclusi\u00f3n es extrapolable tanto a <strong>productos estelares<\/strong> como a los <strong>magacines diarios<\/strong>.\n    <\/p>\n<figure class=\"ni-figure\">\n<picture class=\"news-image\">\n                                    <!--[if IE 9]>\n                <video style=\"display: none;\"><![endif]--><source media=\"(max-width: 576px)\" type=\"image\/webp\" srcset=\"https:\/\/static.eldiario.es\/clip\/55b615ad-0041-4360-8c75-57ef2dc2df7c_16-9-discover-aspect-ratio_50p_0.webp\"><source media=\"(max-width: 576px)\" type=\"image\/jpg\" srcset=\"https:\/\/static.eldiario.es\/clip\/55b615ad-0041-4360-8c75-57ef2dc2df7c_16-9-discover-aspect-ratio_50p_0.jpg\"><source media=\"(max-width: 767px)\" type=\"image\/webp\" srcset=\"https:\/\/static.eldiario.es\/clip\/55b615ad-0041-4360-8c75-57ef2dc2df7c_16-9-discover-aspect-ratio_75p_0.webp\"><source media=\"(max-width: 767px)\" type=\"image\/jpg\" srcset=\"https:\/\/static.eldiario.es\/clip\/55b615ad-0041-4360-8c75-57ef2dc2df7c_16-9-discover-aspect-ratio_75p_0.jpg\"><source type=\"image\/webp\" srcset=\"https:\/\/static.eldiario.es\/clip\/55b615ad-0041-4360-8c75-57ef2dc2df7c_16-9-discover-aspect-ratio_default_0.webp\"><source type=\"image\/jpg\" srcset=\"https:\/\/static.eldiario.es\/clip\/55b615ad-0041-4360-8c75-57ef2dc2df7c_16-9-discover-aspect-ratio_default_0.jpg\"><!--[if IE 9]><\/video><![endif]--><\/p>\n<p>                <img decoding=\"async\" src=\"https:\/\/static.eldiario.es\/clip\/55b615ad-0041-4360-8c75-57ef2dc2df7c_16-9-discover-aspect-ratio_default_0.jpg\" alt=\"Nuevos formatos: 'The Honesty Box' (Mediaset) y Nation's Dumbest (Atresmedia)\"><\/p>\n<\/picture><figcaption class=\"image-footer\">\n            <span class=\"title\"><br \/>\n                Nuevos formatos: &#8216;The Honesty Box&#8217; (Mediaset) y Nation&#8217;s Dumbest (Atresmedia)                            <\/span><br \/>\n                                    <\/figcaption><\/figure>\n<h2 class=\"article-text\"><strong>6) Recuperar al p\u00fablico joven, vital para el futuro<\/strong><\/h2>\n<p class=\"article-text\">\n        La gran cuenta pendiente de nuestra peque\u00f1a pantalla tiene que ver con los <strong>j\u00f3venes<\/strong>. Se trata de un grupo de edad clave para la supervivencia del medio, un<strong> segmento vital <\/strong>que cada vez es m\u00e1s proclive a consumir entretenimiento en el <strong>entorno digital<\/strong>. Los datos llevan a\u00f1os evidenciando que la fidelidad de este sector dista de lo habitual en otras \u00e9pocas, algo que afecta directamente al<strong> relevo generacional <\/strong>en la televisi\u00f3n lineal. Tanto las cadenas p\u00fablicas como privadas deben evolucionar a juzgar por las estad\u00edsticas, captar su atenci\u00f3n para <strong>asegurar el futuro<\/strong> de la industria.\n    <\/p>\n<p class=\"article-text\">\n        Este oc\u00e9ano medi\u00e1tico de nuestros d\u00edas est\u00e1 plagado de distintos competidores, por eso es necesario encontrar una soluci\u00f3n. Y <strong>no basta con copiar el lenguaje de las redes sociales<\/strong>, el <a href=\"https:\/\/www.eldiario.es\/vertele\/noticias\/visto-veronica-dulanto-ultimo-programa-despedida-telecinco-audiencias_1_13227731.html\" target=\"_blank\" data-mrf-recirculation=\"links-noticia\" class=\"link\">fallido <\/a><a href=\"https:\/\/www.eldiario.es\/vertele\/noticias\/visto-veronica-dulanto-ultimo-programa-despedida-telecinco-audiencias_1_13227731.html\" target=\"_blank\" data-mrf-recirculation=\"links-noticia\" class=\"link\"><em>Visto lo visto<\/em><\/a><em> <\/em>es la prueba fehaciente de ello. La fortaleza de la televisi\u00f3n sigue estando en el <strong>directo<\/strong>, en los <strong>grandes eventos <\/strong>y en su capacidad para <strong>generar conversaci\u00f3n <\/strong>colectiva de manera simult\u00e1nea alrededor de sus contenidos. Encontrar el equilibrio entre esa esencia y los nuevos h\u00e1bitos es un aut\u00e9ntico reto, pero solo con la innovaci\u00f3n volver\u00e1 el brillo de anta\u00f1o.\n    <\/p>\n<p class=\"article-text\">\n        Los j\u00f3venes son cruciales en el \u00e1mbito del entretenimiento, motivo por el que las <strong>plataformas <\/strong>han puesto toda la carne en el asador durante el verano de 2026. Tanto <strong>Netflix <\/strong>como <strong>Prime Video <\/strong>han lanzado en los \u00faltimos meses <strong>producciones dirigidas a este p\u00fablico objetivo<\/strong>. La estrategia es clara: ofrecer contenido para la poblaci\u00f3n m\u00e1s familiarizada con el universo online, postul\u00e1ndose como actores fundamentales para el futuro pr\u00f3ximo. A continuaci\u00f3n, recopilamos las <strong>series m\u00e1s destacadas<\/strong>:\n    <\/p>\n<div class=\"list\">\n<ul>\n<li>&#8216;<strong>Todos nuestros a\u00f1os<\/strong>&#8216; (Prime Video)<\/li>\n<li>&#8216;<strong>Oasis<\/strong>&#8216; (Netflix)<\/li>\n<li>&#8216;<strong>Elle<\/strong>&#8216; (Prime Video)<\/li>\n<li>&#8216;<strong>El mapa de los anhelos<\/strong>&#8216; (Netflix)<\/li>\n<li>&#8216;<strong>Sterling Point<\/strong>&#8216; (Prime Video)<\/li>\n<li>&#8216;<strong>Mi vida con los chicos Walter T3<\/strong>&#8216; (Netflix)<\/li>\n<li>&#8216;<strong>Outer Banks T5<\/strong>&#8216; (Netflix)<\/li>\n<li>&#8216;<strong>Toda la verdad de mis mentiras<\/strong>&#8216; (Netflix)<\/li>\n<\/ul><\/div>\n<figure class=\"ni-figure\">\n<picture class=\"news-image\">\n                                    <!--[if IE 9]>\n                <video style=\"display: none;\"><![endif]--><source media=\"(max-width: 576px)\" type=\"image\/webp\" srcset=\"https:\/\/static.eldiario.es\/clip\/b49b7082-641a-4ead-93e5-90316deb37b9_16-9-discover-aspect-ratio_50p_0.webp\"><source media=\"(max-width: 576px)\" type=\"image\/jpg\" srcset=\"https:\/\/static.eldiario.es\/clip\/b49b7082-641a-4ead-93e5-90316deb37b9_16-9-discover-aspect-ratio_50p_0.jpg\"><source media=\"(max-width: 767px)\" type=\"image\/webp\" srcset=\"https:\/\/static.eldiario.es\/clip\/b49b7082-641a-4ead-93e5-90316deb37b9_16-9-discover-aspect-ratio_75p_0.webp\"><source media=\"(max-width: 767px)\" type=\"image\/jpg\" srcset=\"https:\/\/static.eldiario.es\/clip\/b49b7082-641a-4ead-93e5-90316deb37b9_16-9-discover-aspect-ratio_75p_0.jpg\"><source type=\"image\/webp\" srcset=\"https:\/\/static.eldiario.es\/clip\/b49b7082-641a-4ead-93e5-90316deb37b9_16-9-discover-aspect-ratio_default_0.webp\"><source type=\"image\/jpg\" srcset=\"https:\/\/static.eldiario.es\/clip\/b49b7082-641a-4ead-93e5-90316deb37b9_16-9-discover-aspect-ratio_default_0.jpg\"><!--[if IE 9]><\/video><![endif]--><\/p>\n<p>                <img decoding=\"async\" src=\"https:\/\/static.eldiario.es\/clip\/b49b7082-641a-4ead-93e5-90316deb37b9_16-9-discover-aspect-ratio_default_0.jpg\" alt=\"'Todos nuestros a\u00f1os', 'Oasis', 'Elle' y 'El mapa de los anhelos'\"><\/p>\n<\/picture><figcaption class=\"image-footer\">\n            <span class=\"title\"><br \/>\n                &#8216;Todos nuestros a\u00f1os&#8217;, &#8216;Oasis&#8217;, &#8216;Elle&#8217; y &#8216;El mapa de los anhelos&#8217;                            <\/span><br \/>\n                                    <\/figcaption><\/figure>\n<h2 class=\"article-text\"><strong>7) Alejar el ruido de las tertulias en una temporada con citas electorales<\/strong><\/h2>\n<p class=\"article-text\">\n        El nuevo curso televisivo no ser\u00e1 &#8216;uno m\u00e1s&#8217; en el hist\u00f3rico. Con las <strong>elecciones <\/strong>municipales, auton\u00f3micas y generales marcando gran parte de la conversaci\u00f3n, las <strong>cadenas <\/strong>volver\u00e1n a desempe\u00f1ar un <strong>papel protagonista <\/strong>para entender la actualidad de nuestro pa\u00eds. Precisamente por eso, las <strong>tertulias <\/strong>tienen la oportunidad de <strong>silenciar ese ruido pol\u00edtico <\/strong>que solo contribuye a aumentar el clima de <strong>crispaci\u00f3n <\/strong>que abunda en las calles. De hecho, el infoentretenimiento se ha consolidado como un g\u00e9nero de alto valor en las parrillas a juzgar por sus buenos n\u00fameros.\n    <\/p>\n<p class=\"article-text\">\n        Durante los \u00faltimos tiempos, la <strong>polarizaci\u00f3n <\/strong>parece haber ocupado el hueco que siempre debi\u00f3 quedar reservado para el <strong>debate constructivo<\/strong>. Conceder m\u00e1s tiempo a las explicaciones, rebajar el nivel de decibelios y <strong>apartar el sensacionalismo del horizonte<\/strong> son algunas de las asignaturas pendientes de nuestra televisi\u00f3n. No puede perderse de vista que las tertulias tienen una funci\u00f3n: convertirse en un espacio \u00fatil donde comparar puntos de vista, desde el rigor, para contribuir a que la sociedad entienda la actualidad.\n    <\/p>\n<h2 class=\"article-text\">Arranca la nueva temporada televisiva<\/h2>\n<p class=\"article-text\">\n        La <strong>nueva temporada <\/strong>televisiva est\u00e1 a punto de levantar el tel\u00f3n. M\u00e1s all\u00e1 de los fichajes y estrenos, el curso trae consigo un sinf\u00edn de <strong>retos y deseos <\/strong>que marcar\u00e1n el futuro m\u00e1s inmediato de nuestra peque\u00f1a pantalla. Evitar mayores retrasos en el<strong> inicio del prime time<\/strong>, apostar por la <strong>innovaci\u00f3n<\/strong>, cuidar la<strong> apuesta por formatos<\/strong>, reconectar con las generaciones m\u00e1s <strong>j\u00f3venes <\/strong>y rebajar el <strong>ruido en las tertulias<\/strong>, sin olvidar el nacimiento de <strong>La S\u00e9ptima<\/strong>, son solo algunas claves vitales para que el medio de comunicaci\u00f3n de masas por excelencia vuelva a sorprender en esta \u00e9poca de consumo tan fragmentado.\n    <\/p>\n<\/div>\n","protected":false},"excerpt":{"rendered":"<p>Arranca la temporada 2026-2027 en nuestra televisi\u00f3n, un periodo plagado de retos y deseos para impulsar las audiencias de las cadenas tradicionales. Repasamos siete claves que marcar\u00e1n el nuevo curso audiovisual: del tard\u00edo arranque del prime time y el nacimiento de La S\u00e9ptima, a la necesaria reforma del Estudio 6 de Mediaset Especial &#8211; De [&hellip;]<\/p>\n","protected":false},"author":1,"featured_media":0,"comment_status":"closed","ping_status":"open","sticky":false,"template":"","format":"standard","meta":{"_et_pb_use_builder":"","_et_pb_old_content":"","_et_gb_content_width":"","footnotes":""},"categories":[6],"tags":[],"class_list":["post-215862","post","type-post","status-publish","format-standard","hentry","category-tv"],"_links":{"self":[{"href":"https:\/\/otraronda.xyz\/rock\/wp-json\/wp\/v2\/posts\/215862","targetHints":{"allow":["GET"]}}],"collection":[{"href":"https:\/\/otraronda.xyz\/rock\/wp-json\/wp\/v2\/posts"}],"about":[{"href":"https:\/\/otraronda.xyz\/rock\/wp-json\/wp\/v2\/types\/post"}],"author":[{"embeddable":true,"href":"https:\/\/otraronda.xyz\/rock\/wp-json\/wp\/v2\/users\/1"}],"replies":[{"embeddable":true,"href":"https:\/\/otraronda.xyz\/rock\/wp-json\/wp\/v2\/comments?post=215862"}],"version-history":[{"count":0,"href":"https:\/\/otraronda.xyz\/rock\/wp-json\/wp\/v2\/posts\/215862\/revisions"}],"wp:attachment":[{"href":"https:\/\/otraronda.xyz\/rock\/wp-json\/wp\/v2\/media?parent=215862"}],"wp:term":[{"taxonomy":"category","embeddable":true,"href":"https:\/\/otraronda.xyz\/rock\/wp-json\/wp\/v2\/categories?post=215862"},{"taxonomy":"post_tag","embeddable":true,"href":"https:\/\/otraronda.xyz\/rock\/wp-json\/wp\/v2\/tags?post=215862"}],"curies":[{"name":"wp","href":"https:\/\/api.w.org\/{rel}","templated":true}]}}