{"id":215819,"date":"2026-08-31T09:42:37","date_gmt":"2026-08-31T07:42:37","guid":{"rendered":"https:\/\/otraronda.xyz\/rock\/alerta-meteorologica-en-espana-cordoba-activa-el-aviso-amarillo-y-rozara-los-40-grados-de-temperatura\/"},"modified":"2026-08-31T09:42:37","modified_gmt":"2026-08-31T07:42:37","slug":"alerta-meteorologica-en-espana-cordoba-activa-el-aviso-amarillo-y-rozara-los-40-grados-de-temperatura","status":"publish","type":"post","link":"https:\/\/otraronda.xyz\/rock\/alerta-meteorologica-en-espana-cordoba-activa-el-aviso-amarillo-y-rozara-los-40-grados-de-temperatura\/","title":{"rendered":"Alerta meteorol\u00f3gica en Espa\u00f1a: C\u00f3rdoba activa el aviso amarillo y rozar\u00e1 los 40 grados de temperatura"},"content":{"rendered":"<div><img decoding=\"async\" loading=\"lazy\" width=\"1600\" height=\"900\" src=\"https:\/\/www.adslzone.net\/app\/uploads-adslzone.net\/2026\/08\/foto-pcpal-az.jpg\"><\/p>\n<p>Si pens\u00e1bamos que el verano ya era cosa del pasado y poco a poco avanz\u00e1bamos hacia temperaturas mucho m\u00e1s normales, los ciudadanos de C\u00f3rdoba todav\u00eda tendr\u00e1n que esperar. As\u00ed lo afirma la <strong>AEMET<\/strong>, despu\u00e9s de pronosticar temperaturas que rozar\u00e1n los <strong>40 grados<\/strong> para estos d\u00edas.<\/p>\n<p>Cuando pens\u00e1bamos que las <a href=\"https:\/\/www.adslzone.net\/noticias\/ciencia\/impacto-ola-calor-placas-solares\/\">olas de calor<\/a> eran cosa del pasado, la AEMET acaba de activar el <strong>aviso amarillo<\/strong> por las temperaturas que se van a vivir en C\u00f3rdoba durante los pr\u00f3ximos d\u00edas. La ciudad vuelve a las temperaturas convencionales de agosto y afronta una subida del mercurio que har\u00e1 que la transici\u00f3n hacia el mes de septiembre est\u00e9 lejos de ser id\u00edlica.<\/p>\n<p>Durante el d\u00eda de hoy, C\u00f3rdoba tendr\u00e1 temperaturas m\u00e1ximas que ascender\u00e1n hasta los 38 grados. Sin duda, un importante cambio de tendencia con respecto a las temperaturas que ten\u00edamos hasta ahora, con varios d\u00edas con temperaturas medias que rozaban los 28 grados durante las horas centrales del d\u00eda. Sin embargo, hoy no ser\u00e1 el peor d\u00eda de la semana, como te vamos a explicar a continuaci\u00f3n.<\/p>\n<figure class=\"post-article__content-img\"><img decoding=\"async\" loading=\"lazy\" width=\"1280\" height=\"720\" src=\"https:\/\/www.adslzone.net\/app\/uploads-adslzone.net\/2026\/08\/ola-calor-cuerpo-1212-az.jpg\" alt=\"Mujer abanic\u00e1ndose al aire libre bajo la luz directa del sol.\"><figcaption>Las altas temperaturas registradas durante una ola de calor obligan a buscar m\u00e9todos tradicionales para refrescarse en el exterior.<\/figcaption><\/figure>\n<h2>Especial precauci\u00f3n en las horas centrales del d\u00eda<\/h2>\n<p>La AEMET confirma que deberemos tener especial precauci\u00f3n en las horas comprendidas entre las <strong>13.00 y las 21.00<\/strong>, puesto que ser\u00e1 cuando la ciudad <a href=\"https:\/\/www.adslzone.net\/noticias\/internet\/samuel-biener-meteorologo-cupula-calor\/\">se acerque a los 40 grados<\/a> de temperatura. Los consejos son los habituales durante esta \u00e9poca del a\u00f1o: evitar salir a la calle en estas horas, no hacer actividad f\u00edsica en espacios abiertos y, sobre todo, estar constantemente hidratado. En este tipo de situaciones, la precauci\u00f3n siempre es la mejor forma de combatir cualquier problema a nivel de salud.<\/p>\n<p>La mala noticia es que la ola de calor no afectar\u00e1 \u00fanicamente a una jornada, sino que se espera que las altas temperaturas se mantengan durante varias jornadas. El martes, la m\u00e1xima se mantendr\u00e1 en torno a los <strong>37 grados<\/strong>, mientras que la m\u00ednima baja hasta <strong>alcanzar los 20 grados.<\/strong> A partir de ah\u00ed, comenzar\u00e1 la particular escalada del mercurio que durar\u00e1 varios d\u00edas y har\u00e1 que la semana sea algo m\u00e1s complicada de la que vivimos durante los \u00faltimos d\u00edas.<\/p>\n<\/div>\n","protected":false},"excerpt":{"rendered":"<p>Si pens\u00e1bamos que el verano ya era cosa del pasado y poco a poco avanz\u00e1bamos hacia temperaturas mucho m\u00e1s normales, los ciudadanos de C\u00f3rdoba todav\u00eda tendr\u00e1n que esperar. As\u00ed lo afirma la AEMET, despu\u00e9s de pronosticar temperaturas que rozar\u00e1n los 40 grados para estos d\u00edas. Cuando pens\u00e1bamos que las olas de calor eran cosa del [&hellip;]<\/p>\n","protected":false},"author":1,"featured_media":0,"comment_status":"closed","ping_status":"closed","sticky":false,"template":"","format":"standard","meta":{"_et_pb_use_builder":"","_et_pb_old_content":"","_et_gb_content_width":"","footnotes":""},"categories":[3],"tags":[],"class_list":["post-215819","post","type-post","status-publish","format-standard","hentry","category-android-ipad"],"_links":{"self":[{"href":"https:\/\/otraronda.xyz\/rock\/wp-json\/wp\/v2\/posts\/215819","targetHints":{"allow":["GET"]}}],"collection":[{"href":"https:\/\/otraronda.xyz\/rock\/wp-json\/wp\/v2\/posts"}],"about":[{"href":"https:\/\/otraronda.xyz\/rock\/wp-json\/wp\/v2\/types\/post"}],"author":[{"embeddable":true,"href":"https:\/\/otraronda.xyz\/rock\/wp-json\/wp\/v2\/users\/1"}],"replies":[{"embeddable":true,"href":"https:\/\/otraronda.xyz\/rock\/wp-json\/wp\/v2\/comments?post=215819"}],"version-history":[{"count":0,"href":"https:\/\/otraronda.xyz\/rock\/wp-json\/wp\/v2\/posts\/215819\/revisions"}],"wp:attachment":[{"href":"https:\/\/otraronda.xyz\/rock\/wp-json\/wp\/v2\/media?parent=215819"}],"wp:term":[{"taxonomy":"category","embeddable":true,"href":"https:\/\/otraronda.xyz\/rock\/wp-json\/wp\/v2\/categories?post=215819"},{"taxonomy":"post_tag","embeddable":true,"href":"https:\/\/otraronda.xyz\/rock\/wp-json\/wp\/v2\/tags?post=215819"}],"curies":[{"name":"wp","href":"https:\/\/api.w.org\/{rel}","templated":true}]}}