{"id":215789,"date":"2026-08-31T03:02:39","date_gmt":"2026-08-31T01:02:39","guid":{"rendered":"https:\/\/otraronda.xyz\/rock\/rocio-delgado-y-la-septima-responden-a-juan-soto-ivars-por-su-comentario-indiscutiblemente-machista-sobre-la-presentadora\/"},"modified":"2026-08-31T03:02:39","modified_gmt":"2026-08-31T01:02:39","slug":"rocio-delgado-y-la-septima-responden-a-juan-soto-ivars-por-su-comentario-indiscutiblemente-machista-sobre-la-presentadora","status":"publish","type":"post","link":"https:\/\/otraronda.xyz\/rock\/rocio-delgado-y-la-septima-responden-a-juan-soto-ivars-por-su-comentario-indiscutiblemente-machista-sobre-la-presentadora\/","title":{"rendered":"Roc\u00edo Delgado y La S\u00e9ptima responden a Juan Soto Ivars por su \u00abcomentario indiscutiblemente machista\u00bb sobre la presentadora"},"content":{"rendered":"<div>\n<p><img loading=\"lazy\" decoding=\"async\" src=\"https:\/\/static.eldiario.es\/clip\/a730ac38-5f25-4e05-b72d-a9fdb372cbad_16-9-discover-aspect-ratio_default_0.jpg\" width=\"1200\" height=\"675\" alt='Roc\u00edo Delgado y La S\u00e9ptima responden a Juan Soto Ivars por su \"comentario indiscutiblemente machista\" sobre la presentadora'><\/p>\n<div class=\"subtitles\">\n<p class=\"subtitle\">El tertuliano de &#8216;Horizonte&#8217; ha puesto el foco en la relaci\u00f3n que Roc\u00edo Delgado tiene o tuvo con el presentador Jes\u00fas Cintora<\/p>\n<p class=\"subtitle\">Mar\u00eda Galiana dice que &#8216;Cu\u00e9ntame c\u00f3mo pas\u00f3&#8217; no fue \u201cuna buena serie\u201d, pero destaca sus \u201cpuntos extraordinarios\u201d<\/p>\n<p class=\"subtitle\">El expresidente de Colombia responde a una tertuliana de RTVE por llamar \u201cnarcorrevolucionario\u201d a su Gobierno: \u201cNo sabe d\u00f3nde est\u00e1 parada\u201d<\/p>\n<\/div>\n<p class=\"article-text\">\n        Tras anunciarse el fichaje de <strong>Roc\u00edo Delgado<\/strong> por<strong> La S\u00e9ptima<\/strong>, algunos periodistas, tertulianos y medios de comunicaci\u00f3n ligados a la derecha o a la cr\u00f3nica rosa han puesto el foco en la relaci\u00f3n que la periodista tiene o tuvo con <strong>Jes\u00fas Cintora<\/strong>.\n    <\/p>\n<p class=\"article-text\">\n        El columnista <strong>Juan Soto Ivars<\/strong>, colaborador habitual de <em>Horizonte <\/em>(Cuatro), lo ha hecho con un breve comentario en las redes sociales <strong>(\u201cFrescura en estado puro\u201d, dice el texto)<\/strong> que va acompa\u00f1ado de dos fotograf\u00edas en las que Delgado y Cintora posan juntos.\n    <\/p>\n<p class=\"article-text\">\n        La aludida prefiere \u201cno entrar en pol\u00e9mica\u201d con Soto Ivars, pero s\u00ed le ha respondido muy escuetamente. <strong>\u201cLo \u00fanico que quiero decir es que tu comentario es indiscutiblemente machista. Y adem\u00e1s, de mala persona\u201d<\/strong>, le ha dicho a trav\u00e9s de la plataforma X. \u201cMejor frescura que olor a cerrado\u201d, a\u00f1aden desde La S\u00e9ptima.\n    <\/p>\n<figure class=\"ni-figure\">\n<picture class=\"news-image\">\n                                    <!--[if IE 9]>\n                <video style=\"display: none;\"><![endif]--><source media=\"(max-width: 576px)\" type=\"image\/webp\" srcset=\"https:\/\/static.eldiario.es\/clip\/14c1f387-38e8-407d-9091-b5589104c74c_source-aspect-ratio_50p_0.webp\"><source media=\"(max-width: 576px)\" type=\"image\/jpg\" srcset=\"https:\/\/static.eldiario.es\/clip\/14c1f387-38e8-407d-9091-b5589104c74c_source-aspect-ratio_50p_0.jpg\"><source media=\"(max-width: 767px)\" type=\"image\/webp\" srcset=\"https:\/\/static.eldiario.es\/clip\/14c1f387-38e8-407d-9091-b5589104c74c_source-aspect-ratio_75p_0.webp\"><source media=\"(max-width: 767px)\" type=\"image\/jpg\" srcset=\"https:\/\/static.eldiario.es\/clip\/14c1f387-38e8-407d-9091-b5589104c74c_source-aspect-ratio_75p_0.jpg\"><source type=\"image\/webp\" srcset=\"https:\/\/static.eldiario.es\/clip\/14c1f387-38e8-407d-9091-b5589104c74c_source-aspect-ratio_default_0.webp\"><source type=\"image\/jpg\" srcset=\"https:\/\/static.eldiario.es\/clip\/14c1f387-38e8-407d-9091-b5589104c74c_source-aspect-ratio_default_0.jpg\"><!--[if IE 9]><\/video><![endif]--><\/p>\n<p>                <img decoding=\"async\" src=\"https:\/\/static.eldiario.es\/clip\/14c1f387-38e8-407d-9091-b5589104c74c_source-aspect-ratio_default_0.jpg\" alt=\"La respuesta de Roc\u00edo Delgado al comentario de Juan Soto Ivars\"><\/p>\n<\/picture><figcaption class=\"image-footer\">\n            <span class=\"title\"><br \/>\n                La respuesta de Roc\u00edo Delgado al comentario de Juan Soto Ivars                            <\/span><br \/>\n                                    <\/figcaption><\/figure>\n<p class=\"article-text\">\n        Tras anunciarse la incorporaci\u00f3n de Javier Ruiz a La S\u00e9ptima, Roc\u00edo Delgado se ha convertido en el segundo fichaje de esta nueva cadena de televisi\u00f3n que, bajo el impulso del productor televisivo Jos\u00e9 Miguel Contreras, <strong>arrancar\u00e1 sus emisiones en toda Espa\u00f1a el 5 de noviembre<\/strong>.\n    <\/p>\n<p class=\"article-text\">\n        Delgado ha trabajado en <em>Antena 3 Noticias<\/em>, ha presentado varios programas de Telemadrid y RTVE, y actualmente est\u00e1 al frente del programa <em>O Term\u00f3metro<\/em> que se emite en la televisi\u00f3n gallega TVG.\n    <\/p>\n<\/div>\n","protected":false},"excerpt":{"rendered":"<p>El tertuliano de &#8216;Horizonte&#8217; ha puesto el foco en la relaci\u00f3n que Roc\u00edo Delgado tiene o tuvo con el presentador Jes\u00fas Cintora Mar\u00eda Galiana dice que &#8216;Cu\u00e9ntame c\u00f3mo pas\u00f3&#8217; no fue \u201cuna buena serie\u201d, pero destaca sus \u201cpuntos extraordinarios\u201d El expresidente de Colombia responde a una tertuliana de RTVE por llamar \u201cnarcorrevolucionario\u201d a su Gobierno: [&hellip;]<\/p>\n","protected":false},"author":1,"featured_media":0,"comment_status":"closed","ping_status":"open","sticky":false,"template":"","format":"standard","meta":{"_et_pb_use_builder":"","_et_pb_old_content":"","_et_gb_content_width":"","footnotes":""},"categories":[6],"tags":[],"class_list":["post-215789","post","type-post","status-publish","format-standard","hentry","category-tv"],"_links":{"self":[{"href":"https:\/\/otraronda.xyz\/rock\/wp-json\/wp\/v2\/posts\/215789","targetHints":{"allow":["GET"]}}],"collection":[{"href":"https:\/\/otraronda.xyz\/rock\/wp-json\/wp\/v2\/posts"}],"about":[{"href":"https:\/\/otraronda.xyz\/rock\/wp-json\/wp\/v2\/types\/post"}],"author":[{"embeddable":true,"href":"https:\/\/otraronda.xyz\/rock\/wp-json\/wp\/v2\/users\/1"}],"replies":[{"embeddable":true,"href":"https:\/\/otraronda.xyz\/rock\/wp-json\/wp\/v2\/comments?post=215789"}],"version-history":[{"count":0,"href":"https:\/\/otraronda.xyz\/rock\/wp-json\/wp\/v2\/posts\/215789\/revisions"}],"wp:attachment":[{"href":"https:\/\/otraronda.xyz\/rock\/wp-json\/wp\/v2\/media?parent=215789"}],"wp:term":[{"taxonomy":"category","embeddable":true,"href":"https:\/\/otraronda.xyz\/rock\/wp-json\/wp\/v2\/categories?post=215789"},{"taxonomy":"post_tag","embeddable":true,"href":"https:\/\/otraronda.xyz\/rock\/wp-json\/wp\/v2\/tags?post=215789"}],"curies":[{"name":"wp","href":"https:\/\/api.w.org\/{rel}","templated":true}]}}