{"id":215701,"date":"2026-08-29T21:51:29","date_gmt":"2026-08-29T19:51:29","guid":{"rendered":"https:\/\/otraronda.xyz\/rock\/por-que-la-nueva-tormenta-tropical-que-se-forma-en-el-atlantico-se-llama-dolly-no-es-por-lo-que-piensas\/"},"modified":"2026-08-29T21:51:29","modified_gmt":"2026-08-29T19:51:29","slug":"por-que-la-nueva-tormenta-tropical-que-se-forma-en-el-atlantico-se-llama-dolly-no-es-por-lo-que-piensas","status":"publish","type":"post","link":"https:\/\/otraronda.xyz\/rock\/por-que-la-nueva-tormenta-tropical-que-se-forma-en-el-atlantico-se-llama-dolly-no-es-por-lo-que-piensas\/","title":{"rendered":"\u00bfPor qu\u00e9 la nueva tormenta tropical que se forma en el Atl\u00e1ntico se llama Dolly? No es por lo que\u00a0piensas"},"content":{"rendered":"<div><!-- do not apply CSS styles to this element! --><\/p>\n<div class=\"pmc-paywall\">\n<p class=\"paragraph larva \/\/ lrv-u-margin-lr-auto  lrv-a-font-body-m   \">\n\tSon muchas las maneras en que la gente est\u00e1 rindiendo homenaje a la leyenda de la m\u00fasica country <a href=\"https:\/\/www.billboard.com\/artist\/dolly-parton\/\">Dolly Parton<\/a> tras su fallecimiento el martes (25 de agosto) a los 80 a\u00f1os. Desde la orden del presidente Trump de izar las banderas nacionales a media asta y el reconocimiento de la Biblioteca del Congreso a su labor ben\u00e9fica, hasta la iniciativa para renombrar el Aeropuerto Internacional de Nashville en su honor, sin olvidar la gran cantidad de artistas honr\u00e1ndola e interpretando sus canciones en conciertos.<\/p>\n<div class=\"injected-related-story \/\/ lrv-u-display-inline-block lrv-u-width-100p lrv-u-margin-t-2 u-margin-t-26@mobile-max u-margin-b-0.875@mobile-max u-margin-b-150@tablet u-border-t-12 lrv-u-padding-t-025 u-padding-b-1.313 lrv-u-padding-b-125@mobile-max lrv-u-border-color-black\">\n<div class=\"\">\n<h3 id=\"title-of-a-story\" class=\"c-title  lrv-a-unstyle-link lrv-u-whitespace-nowrap u-font-weight-700 lrv-u-display-inline-block u-line-height-18px a-font-accent u-letter-spacing-0225 u-font-size-16 lrv-u-color-black lrv-u-text-transform-uppercase u-article-badge-underline a-article-esp u-display-inline-flex lrv-u-margin-b-1@mobile-max u-margin-b-9@tablet\">\n<p>\t\t\t\t\tRelacionadas\t\t<\/p>\n<\/h3><\/div>\n<div class=\"injected-related-story-wrapper lrv-u-flex lrv-u-justify-content-space-between lrv-u-padding-tb-050@desktop a-children-border-vertical a-children-border--grey a-children-border-width-050\">\n<div class=\"o-card \">\n<p>\t\t\t<a tabindex=\"0\" href=\"https:\/\/www.billboard.com\/espanol\/noticias\/juanes-marea-viva-tributo-juan-gabriel-momentos-inspiradores-1236327822\/\" class=\"lrv-u-color-black:hover lrv-u-flex u-flex-direction-column@desktop\"><\/p>\n<div class=\"c-lazy-image  lrv-u-margin-b-075 lrv-u-margin-b-00@mobile-max u-width-130px@mobile-max\">\n<div class=\"a-crop-6x4 a-crop-3x2@mobile-max\">\n<p>\t\t\t\t\t\t<img decoding=\"async\" class=\"c-lazy-image__img lrv-u-background-color-grey-lightest lrv-u-width-100p lrv-u-display-block lrv-u-height-auto\" src=\"https:\/\/www.billboard.com\/espanol\/noticias\/tormenta-tropical-dolly-no-es-homenaje-a-dolly-parton-1236327481\/\" data-lazy-src=\"https:\/\/www.billboard.com\/wp-content\/uploads\/2026\/08\/DJI_20260718073839_0690_D.jpg-e1787937335735.jpeg?w=237&amp;h=147&amp;crop=1\" alt=\"Campa\u00f1a Marea Viva\" data-lazy-srcset=\"\" data-lazy-sizes=\"auto\" height=\"\" width=\"\"><\/p><\/div>\n<\/p><\/div>\n<div class=\"o-card__content \">\n<p><span class=\"c-span  lrv-u-whitespace-nowrap\"><\/p>\n<p><\/span><\/p>\n<div class=\"o_category \">\n\t\t\t\t\t<\/div>\n<div class=\"c_title \">\n<h3 id=\"title-of-a-story\" class=\"c-title  a-font-basic-fancy u-font-size-15 u-font-size-15.5@mobile-max u-line-height-22px u-padding-r-0.188@desktop u-word-spacing-0013 u-line-height-22.5px@mobile-max a-truncate-ellipsis-4line@mobile-max a-truncate-ellipsis-3line\">\n<p>\t\t\t\t\tJuanes y m\u00e1s lanzan Marea Viva para reconstruir el Choc\u00f3 tras terremoto y m\u00e1s momentos inspiradores\t\t<\/p>\n<\/h3><\/div>\n<p><time class=\"c-timestamp  \" datetime=\"00:00-YY-DD-MM\"><\/p>\n<p><\/time><\/p><\/div>\n<p>\t\t<\/a><\/p>\n<\/div>\n<div class=\"o-card \">\n<p>\t\t\t<a tabindex=\"0\" href=\"https:\/\/www.billboard.com\/espanol\/musica\/interpol-nuevo-album-this-mirror-weighs-a-ton-entrevista-1236327915\/\" class=\"lrv-u-color-black:hover lrv-u-flex u-flex-direction-column@desktop\"><\/p>\n<div class=\"c-lazy-image  lrv-u-margin-b-075 lrv-u-margin-b-00@mobile-max u-width-130px@mobile-max\">\n<div class=\"a-crop-6x4 a-crop-3x2@mobile-max\">\n<p>\t\t\t\t\t\t<img decoding=\"async\" class=\"c-lazy-image__img lrv-u-background-color-grey-lightest lrv-u-width-100p lrv-u-display-block lrv-u-height-auto\" src=\"https:\/\/www.billboard.com\/espanol\/noticias\/tormenta-tropical-dolly-no-es-homenaje-a-dolly-parton-1236327481\/\" data-lazy-src=\"https:\/\/www.billboard.com\/wp-content\/uploads\/2026\/08\/Interpol-cr-Elliot-Lee-Hazel-billboard-1800_131926.jpg?w=237&amp;h=147&amp;crop=1\" alt=\"Interpol\" data-lazy-srcset=\"\" data-lazy-sizes=\"auto\" height=\"\" width=\"\"><\/p><\/div>\n<\/p><\/div>\n<div class=\"o-card__content \">\n<p><span class=\"c-span  lrv-u-whitespace-nowrap\"><\/p>\n<p><\/span><\/p>\n<div class=\"o_category \">\n\t\t\t\t\t<\/div>\n<div class=\"c_title \">\n<h3 id=\"title-of-a-story\" class=\"c-title  a-font-basic-fancy u-font-size-15 u-font-size-15.5@mobile-max u-line-height-22px u-padding-r-0.188@desktop u-word-spacing-0013 u-line-height-22.5px@mobile-max a-truncate-ellipsis-4line@mobile-max a-truncate-ellipsis-3line\">\n<p>\t\t\t\t\tInterpol reflexiona sobre &#8216;This Mirror Weighs a Ton&#8217;, un \u00e1lbum &#8216;expansivo y fresco&#8217; junto a nuevos colaboradores\t\t<\/p>\n<\/h3><\/div>\n<p><time class=\"c-timestamp  \" datetime=\"00:00-YY-DD-MM\"><\/p>\n<p><\/time><\/p><\/div>\n<p>\t\t<\/a><\/p>\n<\/div>\n<div class=\"o-card \">\n<p>\t\t\t<a tabindex=\"0\" href=\"https:\/\/www.billboard.com\/espanol\/noticias\/the-warning-hace-historia-kerosene-no-1-mainstream-rock-airplay-1236327837\/\" class=\"lrv-u-color-black:hover lrv-u-flex u-flex-direction-column@desktop\"><\/p>\n<div class=\"c-lazy-image  lrv-u-margin-b-075 lrv-u-margin-b-00@mobile-max u-width-130px@mobile-max\">\n<div class=\"a-crop-6x4 a-crop-3x2@mobile-max\">\n<p>\t\t\t\t\t\t<img decoding=\"async\" class=\"c-lazy-image__img lrv-u-background-color-grey-lightest lrv-u-width-100p lrv-u-display-block lrv-u-height-auto\" src=\"https:\/\/www.billboard.com\/espanol\/noticias\/tormenta-tropical-dolly-no-es-homenaje-a-dolly-parton-1236327481\/\" data-lazy-src=\"https:\/\/www.billboard.com\/wp-content\/uploads\/2026\/06\/The-Warning-press-cr-courtesy-uta-the-warning-billboard-1800.jpg?w=237&amp;h=147&amp;crop=1\" alt=\"The Warning\" data-lazy-srcset=\"\" data-lazy-sizes=\"auto\" height=\"\" width=\"\"><\/p><\/div>\n<\/p><\/div>\n<div class=\"o-card__content \">\n<p><span class=\"c-span  lrv-u-whitespace-nowrap\"><\/p>\n<p><\/span><\/p>\n<div class=\"o_category \">\n\t\t\t\t\t<\/div>\n<div class=\"c_title \">\n<h3 id=\"title-of-a-story\" class=\"c-title  a-font-basic-fancy u-font-size-15 u-font-size-15.5@mobile-max u-line-height-22px u-padding-r-0.188@desktop u-word-spacing-0013 u-line-height-22.5px@mobile-max a-truncate-ellipsis-4line@mobile-max a-truncate-ellipsis-3line\">\n<p>\t\t\t\t\tThe Warning hace historia en Mainstream Rock Airplay con nuevo No. 1, \u00abKerosene\u00bb\t\t<\/p>\n<\/h3><\/div>\n<p><time class=\"c-timestamp  \" datetime=\"00:00-YY-DD-MM\"><\/p>\n<p><\/time><\/p><\/div>\n<p>\t\t<\/a><\/p>\n<\/div><\/div>\n<\/div>\n<p class=\"paragraph larva \/\/ lrv-u-margin-lr-auto  lrv-a-font-body-m   \">\n\tUno de los tributos m\u00e1s extra\u00f1os \u2014 y, resulta, completamente no relacionado \u2014 surgi\u00f3 el jueves (27 de agosto), apenas unos d\u00edas despu\u00e9s de la muerte de Parton, cuando una nueva tormenta tropical comenz\u00f3 a formarse en el Oc\u00e9ano Atl\u00e1ntico. \u00bfEl nombre de esa tormenta? Dolly.<\/p>\n<p class=\"paragraph larva \/\/ lrv-u-margin-lr-auto  lrv-a-font-body-m   \">\n\tSin embargo, seg\u00fan <a rel=\"noreferrer noopener nofollow\" target=\"_blank\" href=\"https:\/\/apnews.com\/article\/dolly-parton-atlantic-tropical-storm-weather-d9ae9ddfe892d154f9c61fb604c0f1e2\">The Associated Press<\/a>, la extra\u00f1a coincidencia no tiene nada que ver con Parton, sino que es simplemente una peculiaridad inesperada del sistema de nomenclatura utilizado por la Organizaci\u00f3n Meteorol\u00f3gica Mundial (WMO, por sus siglas en ingl\u00e9s), que recicla una lista de nombres cada seis a\u00f1os, con los nombres del Atl\u00e1ntico siguiendo un orden alfab\u00e9tico y alternando entre nombres masculinos y femeninos.<\/p>\n<p class=\"paragraph larva \/\/ lrv-u-margin-lr-auto  lrv-a-font-body-m   \">\n\tAs\u00ed que, aunque esta temporada comenz\u00f3 con tormentas llamadas Arthur en junio, seguidas por Bertha en julio y Crist\u00f3bal, que apareci\u00f3 y desapareci\u00f3 r\u00e1pidamente a principios de este mes, la \u00faltima tormenta en formaci\u00f3n ya estaba destinada a llamarse Dolly. Por ahora, no se espera que se convierta en una tormenta importante, pero el Centro Nacional de Huracanes emiti\u00f3 un comunicado explicando la coincidencia por si acaso.<\/p>\n<p class=\"paragraph larva \/\/ lrv-u-margin-lr-auto  lrv-a-font-body-m   \">\n\t\u201cEl momento del uso del nombre Dolly para esta tormenta es puramente coincidental\u201d, dijo la organizaci\u00f3n. \u201cLos nombres de tormentas tropicales y huracanes para la cuenca del Atl\u00e1ntico Norte provienen de seis listas rotativas preestablecidas por el Comit\u00e9 de Huracanes de la Regi\u00f3n IV de la Organizaci\u00f3n Meteorol\u00f3gica Mundial. El nombre Dolly reemplaz\u00f3 a Diana despu\u00e9s de la temporada de huracanes de 1990 y se utiliz\u00f3 por primera vez en 1996\u201d.<\/p>\n<p class=\"paragraph larva \/\/ lrv-u-margin-lr-auto  lrv-a-font-body-m   \">\n\tEl nombre, que fue <a href=\"https:\/\/www.usatoday.com\/story\/news\/weather\/2026\/08\/26\/atlantic-storm-to-be-named-dolly\/91464090007\/\" target=\"_blank\" rel=\"noreferrer noopener nofollow\">elegido hace 30 a\u00f1os<\/a> por la WMO como parte del protocolo de nomenclatura que utiliza el grupo rotativo de nombres de tormentas, no ser\u00e1 cambiado. Despu\u00e9s de cada temporada de tormentas, un comit\u00e9 para la cuenca del Atl\u00e1ntico revisa los nombres y decide si alguno debe retirarse debido a su gravedad y gran p\u00e9rdida de vidas y propiedades; hasta la fecha, alrededor de 100 nombres han sido retirados de la lista del Atl\u00e1ntico. <\/p>\n<p class=\"paragraph larva \/\/ lrv-u-margin-lr-auto  lrv-a-font-body-m   \">\n\tHubo varias tormentas y huracanes llamados \u201cDolly\u201d durante la vida de Parton, incluyendo la tormenta de categor\u00eda 2 en 2008 que golpe\u00f3 el sureste de Texas, otra en 2020 y por primera vez en 1996, para reemplazar \u201cDiana\u201d, una tormenta de categor\u00eda 2 que golpe\u00f3 M\u00e9xico en 1990, causando la muerte de 139 personas.<\/p>\n<p class=\"paragraph larva \/\/ lrv-u-margin-lr-auto  lrv-a-font-body-m   \">\n\tAl momento de la publicaci\u00f3n de este art\u00edculo, la tormenta tropical Dolly contin\u00faa movi\u00e9ndose r\u00e1pidamente hacia el oeste, rumbo a las Islas de Sotavento, con <a rel=\"noreferrer noopener nofollow\" target=\"_blank\" href=\"https:\/\/x.com\/NHC_Atlantic\/status\/2093256821381243342?s=20\">fuertes lluvias pronosticadas<\/a> para el s\u00e1bado por la noche y el domingo en la serie de islas de las Antillas Menores en el Caribe, con posibles impactos adicionales en las Islas V\u00edrgenes, Puerto Rico y La Espa\u00f1ola el domingo y lunes. No estaba claro si la tormenta tocar\u00e1 tierra en Estados Unidos.<\/p>\n<p><a href=\"https:\/\/ubpass.co\/billboard\" target=\"_blank\" rel=\"noopener noreferrer nofollow\"><br \/>\n  <img decoding=\"async\" src=\"https:\/\/i.imgur.com\/2HpFicp.png\" alt=\"Billboard VIP Pass\" style=\"max-width: 100%;height: auto\"><br \/>\n<\/a><\/p>\n<\/div>\n<\/div>\n","protected":false},"excerpt":{"rendered":"<p>Son muchas las maneras en que la gente est\u00e1 rindiendo homenaje a la leyenda de la m\u00fasica country Dolly Parton tras su fallecimiento el martes (25 de agosto) a los 80 a\u00f1os. Desde la orden del presidente Trump de izar las banderas nacionales a media asta y el reconocimiento de la Biblioteca del Congreso a [&hellip;]<\/p>\n","protected":false},"author":6,"featured_media":0,"comment_status":"closed","ping_status":"closed","sticky":false,"template":"","format":"standard","meta":{"_et_pb_use_builder":"","_et_pb_old_content":"","_et_gb_content_width":"","footnotes":""},"categories":[129],"tags":[],"class_list":["post-215701","post","type-post","status-publish","format-standard","hentry","category-pop"],"_links":{"self":[{"href":"https:\/\/otraronda.xyz\/rock\/wp-json\/wp\/v2\/posts\/215701","targetHints":{"allow":["GET"]}}],"collection":[{"href":"https:\/\/otraronda.xyz\/rock\/wp-json\/wp\/v2\/posts"}],"about":[{"href":"https:\/\/otraronda.xyz\/rock\/wp-json\/wp\/v2\/types\/post"}],"author":[{"embeddable":true,"href":"https:\/\/otraronda.xyz\/rock\/wp-json\/wp\/v2\/users\/6"}],"replies":[{"embeddable":true,"href":"https:\/\/otraronda.xyz\/rock\/wp-json\/wp\/v2\/comments?post=215701"}],"version-history":[{"count":0,"href":"https:\/\/otraronda.xyz\/rock\/wp-json\/wp\/v2\/posts\/215701\/revisions"}],"wp:attachment":[{"href":"https:\/\/otraronda.xyz\/rock\/wp-json\/wp\/v2\/media?parent=215701"}],"wp:term":[{"taxonomy":"category","embeddable":true,"href":"https:\/\/otraronda.xyz\/rock\/wp-json\/wp\/v2\/categories?post=215701"},{"taxonomy":"post_tag","embeddable":true,"href":"https:\/\/otraronda.xyz\/rock\/wp-json\/wp\/v2\/tags?post=215701"}],"curies":[{"name":"wp","href":"https:\/\/api.w.org\/{rel}","templated":true}]}}