{"id":215426,"date":"2026-08-26T18:11:37","date_gmt":"2026-08-26T16:11:37","guid":{"rendered":"https:\/\/otraronda.xyz\/rock\/la-version-de-manel-no-es-lo-mejor-de-alba-morena-con-a\/"},"modified":"2026-08-26T18:11:37","modified_gmt":"2026-08-26T16:11:37","slug":"la-version-de-manel-no-es-lo-mejor-de-alba-morena-con-a","status":"publish","type":"post","link":"https:\/\/otraronda.xyz\/rock\/la-version-de-manel-no-es-lo-mejor-de-alba-morena-con-a\/","title":{"rendered":"La versi\u00f3n de Manel no es lo mejor de Alba \u00abMorena con A\u00bb"},"content":{"rendered":"<div>\n<p>Recientemente, <a href=\"https:\/\/jenesaispop.com\/2025\/04\/15\/497079\/alba-morena-me-veo-la-antidiva-pop\/\">Alba Morena<\/a> ha publicado una versi\u00f3n de \u2018Al mar\u2019, uno de los mayores cl\u00e1sicos de Manel y del pop en catal\u00e1n en general, en sinton\u00eda con sus \u00faltimos pasos art\u00edsticos. Y es que su reciente single \u2018Estaba claro que no\u2019 se sub\u00eda a plataformas en una doble versi\u00f3n en catal\u00e1n y castellano.<\/p>\n<p>Pero en realidad la noticia es que los 4 adelantos que conocemos de su pr\u00f3ximo disco est\u00e1n a\u00fan mejor. El \u00e1lbum se llama \u2018Morena con A\u2019 -como para que dejen de confundirla con Alba Moreno-, y saldr\u00e1 el 25 de septiembre. El largo no incluir\u00e1 la versi\u00f3n de \u2018Al mar\u2019, pero s\u00ed la mencionada \u2018Estaba claro que no\u2019, la \u00abtorch song\u00bb al piano y cuerdas \u20182\u00ba1\u00aa\u2019, el pop-rock a lo Fleetwood Mac de \u2018No vuelvas\u2019 y la composici\u00f3n que parece estar llev\u00e1ndose el gato al agua, \u2018Alguien habr\u00e1\u2019. Es nuestra Canci\u00f3n del D\u00eda hoy.<\/p>\n<p>Casi con 100.000 reproducciones en Spotify, apoyada por \u00abradares indies\u00bb y dem\u00e1s, parece que \u2018Alguien habr\u00e1\u2019 va a dejar atr\u00e1s las joyas de pop electr\u00f3nico con que conocimos a esta cantautora catalana (\u2018<a href=\"https:\/\/jenesaispop.com\/2023\/02\/27\/450993\/alba-morena-nadie\/\">Nadie<\/a>\u2018, \u2018<a href=\"https:\/\/jenesaispop.com\/2024\/04\/04\/472976\/alba-morena-quiero-critica\/\">Yo te quiero pero<\/a>\u2018), y tambi\u00e9n la faceta m\u00e1s grunge y guitarrera que escuchamos en <a href=\"https:\/\/jenesaispop.com\/2025\/04\/20\/497139\/alba-morena-tramite\/\">su EP \u2018Tr\u00e1mite\u2019<\/a>.<\/p>\n<p>Sobre una sencilla caja de ritmos, Alba Morena narra las dificultades de su vida emocional. \u00abSolo lloro o me r\u00edo, \u00bfd\u00f3nde est\u00e1 el punto medio?\u00bb, se pregunta, antes de dejar un estribillo mucho m\u00e1s optimista: \u00abCon tanta gente en el mundo, alguien habr\u00e1 que me quiera\u00bb.<\/p>\n<p>Seg\u00fan Universal, la canci\u00f3n surgi\u00f3 hace un a\u00f1o tras \u00abun historial de desenga\u00f1os y baches en el plano emocional; ante un panorama donde el amor parec\u00eda resistirse. Pero Alba decidi\u00f3 aferrarse a una sola idea: la convicci\u00f3n de que existe una persona para cada alma en el mundo y que, por pura inercia del destino, tiene que haber\u00a0alguien\u00a0bueno esperando para quererla bien\u00bb. <\/p>\n<p>Alba Morena presenta su nuevo disco los d\u00edas 16 de octubre en Valencia, el 17 de octubre en Barcelona, y el 22 de octubre en Madrid. M\u00e1s info, en <a href=\"https:\/\/www.instagram.com\/albamorena_\/?hl=es\">su Instagram<\/a>. Tambi\u00e9n es responsable de la plataforma \u00abClub Debut\u00bb, que se define como \u00abun ecosistema sonoro dise\u00f1ado para generar red, seguridad y comunidad entre proyectos musicales\u00a0emergentes\u00bb. La pr\u00f3xima cita es  el pr\u00f3ximo\u00a010 de\u00a0septiembre a las 20:00 h en la Sala Clamores.<br \/>\n<iframe loading=\"lazy\" width=\"560\" height=\"315\" src=\"https:\/\/www.youtube.com\/embed\/MJhtuIt3Ez0?si=_mDBuwlp1ogp4RHp\" title=\"YouTube video player\" frameborder=\"0\" allow=\"accelerometer; autoplay; clipboard-write; encrypted-media; gyroscope; picture-in-picture; web-share\" referrerpolicy=\"strict-origin-when-cross-origin\" allowfullscreen><\/iframe><br \/>\n<iframe loading=\"lazy\" width=\"560\" height=\"315\" src=\"https:\/\/www.youtube.com\/embed\/DIm1FKU4S-U?si=x4cfxGJ8u9s-g0pm\" title=\"YouTube video player\" frameborder=\"0\" allow=\"accelerometer; autoplay; clipboard-write; encrypted-media; gyroscope; picture-in-picture; web-share\" referrerpolicy=\"strict-origin-when-cross-origin\" allowfullscreen><\/iframe><\/p>\n<p>La noticia <a href=\"https:\/\/jenesaispop.com\/2026\/08\/26\/529257\/la-version-de-manel-no-es-lo-mejor-de-alba-morena-con-a\/\">La versi\u00f3n de Manel no es lo mejor de Alba \u00abMorena con A\u00bb<\/a> es de <a href=\"https:\/\/jenesaispop.com\/\">jenesaispop.com<\/a>.<\/p>\n<\/div>\n","protected":false},"excerpt":{"rendered":"<p>Recientemente, Alba Morena ha publicado una versi\u00f3n de \u2018Al mar\u2019, uno de los mayores cl\u00e1sicos de Manel y del pop en catal\u00e1n en general, en sinton\u00eda con sus \u00faltimos pasos art\u00edsticos. Y es que su reciente single \u2018Estaba claro que no\u2019 se sub\u00eda a plataformas en una doble versi\u00f3n en catal\u00e1n y castellano. Pero en [&hellip;]<\/p>\n","protected":false},"author":55,"featured_media":0,"comment_status":"closed","ping_status":"closed","sticky":false,"template":"","format":"standard","meta":{"_et_pb_use_builder":"","_et_pb_old_content":"","_et_gb_content_width":"","footnotes":""},"categories":[129],"tags":[],"class_list":["post-215426","post","type-post","status-publish","format-standard","hentry","category-pop"],"_links":{"self":[{"href":"https:\/\/otraronda.xyz\/rock\/wp-json\/wp\/v2\/posts\/215426","targetHints":{"allow":["GET"]}}],"collection":[{"href":"https:\/\/otraronda.xyz\/rock\/wp-json\/wp\/v2\/posts"}],"about":[{"href":"https:\/\/otraronda.xyz\/rock\/wp-json\/wp\/v2\/types\/post"}],"author":[{"embeddable":true,"href":"https:\/\/otraronda.xyz\/rock\/wp-json\/wp\/v2\/users\/55"}],"replies":[{"embeddable":true,"href":"https:\/\/otraronda.xyz\/rock\/wp-json\/wp\/v2\/comments?post=215426"}],"version-history":[{"count":0,"href":"https:\/\/otraronda.xyz\/rock\/wp-json\/wp\/v2\/posts\/215426\/revisions"}],"wp:attachment":[{"href":"https:\/\/otraronda.xyz\/rock\/wp-json\/wp\/v2\/media?parent=215426"}],"wp:term":[{"taxonomy":"category","embeddable":true,"href":"https:\/\/otraronda.xyz\/rock\/wp-json\/wp\/v2\/categories?post=215426"},{"taxonomy":"post_tag","embeddable":true,"href":"https:\/\/otraronda.xyz\/rock\/wp-json\/wp\/v2\/tags?post=215426"}],"curies":[{"name":"wp","href":"https:\/\/api.w.org\/{rel}","templated":true}]}}