{"id":215424,"date":"2026-08-26T18:11:25","date_gmt":"2026-08-26T16:11:25","guid":{"rendered":"https:\/\/otraronda.xyz\/rock\/nuestros-10-favoritos-de-festival-gigante-2026\/"},"modified":"2026-08-26T18:11:25","modified_gmt":"2026-08-26T16:11:25","slug":"nuestros-10-favoritos-de-festival-gigante-2026","status":"publish","type":"post","link":"https:\/\/otraronda.xyz\/rock\/nuestros-10-favoritos-de-festival-gigante-2026\/","title":{"rendered":"Nuestros 10 favoritos de Festival Gigante 2026"},"content":{"rendered":"<div>\n<p>Desde este jueves 27 de agosto hasta el s\u00e1bado 29 se celebra en Guadalajara una nueva edici\u00f3n de <a href=\"https:\/\/concertados.com\/evento\/festival-gigante-2026\">Festival Gigante<\/a>. La jornada de jueves es de acceso libre, mientras que las entradas de viernes y s\u00e1bado valen tan s\u00f3lo 30 euros, y los abonos, 40 euros. <\/p>\n<p>Acogiendo a lo largo de 3 escenarios proyectos superventas como Ultraligera, y otros peque\u00f1os pero tambi\u00e9n muy interesantes como <a href=\"https:\/\/jenesaispop.com\/2025\/12\/17\/513238\/musgo-grieta\/\">Musg\u00f6<\/a>, Gigante ser\u00e1 un nuevo resumen de la deriva del pop-rock nacional de esp\u00edritu independiente. Desde las indomables Bel\u00e9n Aguilera y Zahara a proyectos tan sui generis como Ortiga. Estos son los 10 favoritos de JENESAISPOP.<\/p>\n<h2>Bel\u00e9n Aguilera<\/h2>\n<p>Cuando todav\u00eda no se ha cumplido un a\u00f1o del lanzamiento de su gran obra de corte l\u00edrico, \u2018<a href=\"https:\/\/jenesaispop.com\/2025\/09\/12\/507072\/belen-aguilera-anela\/\">ANELA<\/a>\u2018, Bel\u00e9n Aguilera nos ha regalado otro EP de ambiente m\u00e1s veraniego. \u2018<a href=\"https:\/\/jenesaispop.com\/2026\/06\/18\/525432\/belen-aguilera-mediterrania\/\">mediterrania<\/a>\u2018 es un regreso al pop en cierta medida, reflejado en \u2018mejores momentos\u2019 u \u2018otra suerte ser\u00eda\u2019, aunque sin descuidar lo experimental. Este mismo verano hemos podido comprobar que sus conciertos en festivales son tremendos \u00abgreatest hits\u00bb. Podremos verlo el s\u00e1bado 29 a las 21.40 horas.<br \/>\n<iframe loading=\"lazy\" width=\"560\" height=\"315\" src=\"https:\/\/www.youtube.com\/embed\/32H4cvpKmbw?si=16vUeNiEXDYFDNF_\" title=\"YouTube video player\" frameborder=\"0\" allow=\"accelerometer; autoplay; clipboard-write; encrypted-media; gyroscope; picture-in-picture; web-share\" referrerpolicy=\"strict-origin-when-cross-origin\" allowfullscreen><\/iframe><\/p>\n<h2>Zahara \u00abRave\u00bb<\/h2>\n<p>Poco despu\u00e9s el mismo s\u00e1bado, a las 0.20 h. (es decir, ya t\u00e9cnicamente en domingo) Zahara presentar\u00e1 su nueva \u00abrave\u00bb. Se trata de un espect\u00e1culo diferente al de hace unos a\u00f1os, m\u00e1s enfocado en la cultura \u00abqueer\u00bb y m\u00e1s bruto en sus reivindicaciones techno. Ya no queda ni rastro de Taylor, ahora el cl\u00edmax de la noche puede ser un gui\u00f1o a The Prodigy. Todo ello sin que dejen de sonar los \u00e9xitos de \u2018PUTA\u2019 o \u2018Lento ternura\u2019.<br \/>\n<iframe loading=\"lazy\" width=\"560\" height=\"315\" src=\"https:\/\/www.youtube.com\/embed\/Vwg2nouvwQ0?si=1Ff0NSQuFKupLuFM\" title=\"YouTube video player\" frameborder=\"0\" allow=\"accelerometer; autoplay; clipboard-write; encrypted-media; gyroscope; picture-in-picture; web-share\" referrerpolicy=\"strict-origin-when-cross-origin\" allowfullscreen><\/iframe><\/p>\n<h2>Chimo Bayo<\/h2>\n<p>La fiesta no se parar\u00e1 despu\u00e9s de la rave, y en la madrugada del s\u00e1bado al domingo ser\u00e1 el momento de que Chimo Bayo realice su sempiterna reivindicaci\u00f3n de la Ruta. No suele faltar ninguno de los hits que public\u00f3 en los a\u00f1os 90, a destacar \u2018As\u00ed me gusta a m\u00ed\u2019 o \u2018La t\u00eda Enriqueta\u2019.<br \/>\n<iframe loading=\"lazy\" width=\"560\" height=\"315\" src=\"https:\/\/www.youtube.com\/embed\/NNoMoiRCJm8?si=ti2f1ykrC_vi8Xr-\" title=\"YouTube video player\" frameborder=\"0\" allow=\"accelerometer; autoplay; clipboard-write; encrypted-media; gyroscope; picture-in-picture; web-share\" referrerpolicy=\"strict-origin-when-cross-origin\" allowfullscreen><\/iframe><\/p>\n<h2>Ginebras<\/h2>\n<p>Ginebras han protagonizado en el \u00faltimo lustro muchos de los momentos m\u00e1s divertidos de los festivales, en concreto gracias a la interpretaci\u00f3n de temas tan buenrolleros como \u2018La t\u00edpica canci\u00f3n\u2019, \u2018Alex Turner\u2019 o \u2018Paco y Carmela\u2019. Este mismo a\u00f1o han publicado un \u00e1lbum llamado \u2018<a href=\"https:\/\/jenesaispop.com\/2026\/04\/14\/521000\/ginebras-disco-critica\/\">Donde nada para es tanto<\/a>\u2018 en el que toman ciertos riesgos en pistas como \u2018Con las chicas en Berl\u00edn\u2019. Seguro que les est\u00e1n dando juego sobre las tablas en su requiebro trance. Les toca el s\u00e1bado a las 23.00.<br \/>\n<iframe loading=\"lazy\" width=\"560\" height=\"315\" src=\"https:\/\/www.youtube.com\/embed\/G6LLsRU18Ak?si=372Pgc8wGPeL3xvo\" title=\"YouTube video player\" frameborder=\"0\" allow=\"accelerometer; autoplay; clipboard-write; encrypted-media; gyroscope; picture-in-picture; web-share\" referrerpolicy=\"strict-origin-when-cross-origin\" allowfullscreen><\/iframe><\/p>\n<h2>Queralt Lahoz<\/h2>\n<p>En el \u00faltimo a\u00f1o, Queralt Lahoz ha llamado la atenci\u00f3n por sus colaboraciones con artistas como Lia Kali, Curro, SALMA o incluso Lola Indigo, pero el grueso de su repertorio lo sigue conformando, por supuesto, su notable disco de 2025, \u2018<a href=\"https:\/\/jenesaispop.com\/2025\/04\/11\/496882\/queralt-lahoz-9-30-pm\/\">9:30 PM<\/a>\u2018, as\u00ed como los temas anteriores que nunca la obligaron a definirse como neo-flamenco, como neo-R&amp;B, ni como nada. La veremos el s\u00e1bado 29 a las 20.20 h.<br \/>\n<iframe loading=\"lazy\" width=\"560\" height=\"315\" src=\"https:\/\/www.youtube.com\/embed\/f7Cve0R4hRs?si=a8IGd5BKOq0oZKji\" title=\"YouTube video player\" frameborder=\"0\" allow=\"accelerometer; autoplay; clipboard-write; encrypted-media; gyroscope; picture-in-picture; web-share\" referrerpolicy=\"strict-origin-when-cross-origin\" allowfullscreen><\/iframe><\/p>\n<h2>Repion vs La M.O.D.A.<\/h2>\n<p>Una de las curiosidades del cartel del viernes 28 de agosto es que act\u00faan en horas sucesivas Repion y La M.O.D.A. Ellas presentan el <a href=\"https:\/\/jenesaispop.com\/2025\/11\/26\/512089\/repion-201\/\">notable \u2018201\u2019<\/a> a las 21.40 h. en el Escenario Vibra Mahou. Ellos, el notable \u2018<a href=\"https:\/\/jenesaispop.com\/2025\/10\/24\/510032\/la-moda-san-felices\/\">San Felices<\/a>\u2018 en el Escenario Gigante a las 23.00 h. \u00bfApostamos a que podr\u00eda haber interpretaci\u00f3n conjunta de \u2018No te necesito para ser feliz\u2019, en concreto en el concierto de La M.O.D.A.?<br \/>\n<iframe loading=\"lazy\" width=\"560\" height=\"315\" src=\"https:\/\/www.youtube.com\/embed\/xQfW3fvxIUs?si=7cfjlThauKZclFGf\" title=\"YouTube video player\" frameborder=\"0\" allow=\"accelerometer; autoplay; clipboard-write; encrypted-media; gyroscope; picture-in-picture; web-share\" referrerpolicy=\"strict-origin-when-cross-origin\" allowfullscreen><\/iframe><\/p>\n<h2>Aiko El Grupo<\/h2>\n<p>\u00ab\u00bfEs que nunca te han dicho que eres asqueroso?\u00bb. Esa sencilla frase de \u2018ke pesao\u2019 es de las que avisan de por d\u00f3nde pueden ir los tiros en un concierto de Aiko El Grupo. Punk pop de car\u00e1cter gamberro y \u00e1cido, tambi\u00e9n materializado en otros temas como \u2018A m\u00ed ya me iba mal de antes\u2019 o recientemente en \u2018Oda a la muerte de nuestro amor\u2019. Podr\u00e9is comprobarlo por vosotrxs mismxs este viernes 28 de septiembre a las 20.20 horas.<br \/>\n<iframe loading=\"lazy\" width=\"560\" height=\"315\" src=\"https:\/\/www.youtube.com\/embed\/Ut-Ed1hv45Y?si=0a2enYuiYsgOb6sf\" title=\"YouTube video player\" frameborder=\"0\" allow=\"accelerometer; autoplay; clipboard-write; encrypted-media; gyroscope; picture-in-picture; web-share\" referrerpolicy=\"strict-origin-when-cross-origin\" allowfullscreen><\/iframe><\/p>\n<h2>Ona Mafalda<\/h2>\n<p>Tras unos inicios m\u00e1s vinculados al pop electr\u00f3nico brit\u00e1nico, el pop-rock post-grungero ha inundado la m\u00fasica de Ona Mafalda. A lo exhibido en su \u00e1lbum del a\u00f1o pasado, \u2018<a href=\"https:\/\/jenesaispop.com\/2026\/02\/01\/515673\/ona-mafalda-reset\/\">Reset<\/a>\u2018, ha ido sumando en los \u00faltimos tiempos singles continuistas como \u2018Nada\u2019, \u2018Otra\u2019 y \u2018Anthem\u2019.<br \/>\n<iframe loading=\"lazy\" width=\"560\" height=\"315\" src=\"https:\/\/www.youtube.com\/embed\/t9HjTZQi-PU?si=zHeaWptz4c8FM9mS\" title=\"YouTube video player\" frameborder=\"0\" allow=\"accelerometer; autoplay; clipboard-write; encrypted-media; gyroscope; picture-in-picture; web-share\" referrerpolicy=\"strict-origin-when-cross-origin\" allowfullscreen><\/iframe><\/p>\n<h2>Ortiga<\/h2>\n<p>La noche del viernes terminar\u00e1 con el inclasificable show verbenero de Ortiga, por el que se puede asomar la cumbia lo mismo que la salsa o el reggaeton, por parte del que se define como \u00abel latin boy de la escena alternativa gallega\u00bb. \u2018As moci\u00f1as\u2019 puede ser la mejor prueba de ello.<br \/>\n<iframe loading=\"lazy\" width=\"560\" height=\"315\" src=\"https:\/\/www.youtube.com\/embed\/hmlNRx_hhco?si=Ix_hUdc-y6rjN_Tk\" title=\"YouTube video player\" frameborder=\"0\" allow=\"accelerometer; autoplay; clipboard-write; encrypted-media; gyroscope; picture-in-picture; web-share\" referrerpolicy=\"strict-origin-when-cross-origin\" allowfullscreen><\/iframe><\/p>\n<h2>Calequi y Las Panteras<\/h2>\n<p>El jueves 27 act\u00faan gratis en Festival Gigante La Cabra Mec\u00e1nica, \u00c1ngel Stanich y \u00c1ngela Gonz\u00e1lez, entre muchos otros. A las 0.50 de la madrugada en el Escenario Vibra Mahou tendr\u00e1 lugar una de las actuaciones m\u00e1s curiosas, la de Calequi y las Panteras. Una atractiva mezcla de ritmos latinos, folcl\u00f3ricos y electr\u00f3nica que este a\u00f1o se materializaba en \u2018TRES\u2019.<br \/>\n<iframe loading=\"lazy\" width=\"560\" height=\"315\" src=\"https:\/\/www.youtube.com\/embed\/eYKISVJu9mc?si=FKceGnH2pO5HjaIe\" title=\"YouTube video player\" frameborder=\"0\" allow=\"accelerometer; autoplay; clipboard-write; encrypted-media; gyroscope; picture-in-picture; web-share\" referrerpolicy=\"strict-origin-when-cross-origin\" allowfullscreen><\/iframe><\/p>\n<p>La noticia <a href=\"https:\/\/jenesaispop.com\/2026\/08\/26\/529246\/festival-gigante-favoritos\/\">Nuestros 10 favoritos de Festival Gigante 2026<\/a> es de <a href=\"https:\/\/jenesaispop.com\/\">jenesaispop.com<\/a>.<\/p>\n<\/div>\n","protected":false},"excerpt":{"rendered":"<p>Desde este jueves 27 de agosto hasta el s\u00e1bado 29 se celebra en Guadalajara una nueva edici\u00f3n de Festival Gigante. La jornada de jueves es de acceso libre, mientras que las entradas de viernes y s\u00e1bado valen tan s\u00f3lo 30 euros, y los abonos, 40 euros. Acogiendo a lo largo de 3 escenarios proyectos superventas [&hellip;]<\/p>\n","protected":false},"author":55,"featured_media":0,"comment_status":"closed","ping_status":"closed","sticky":false,"template":"","format":"standard","meta":{"_et_pb_use_builder":"","_et_pb_old_content":"","_et_gb_content_width":"","footnotes":""},"categories":[129],"tags":[],"class_list":["post-215424","post","type-post","status-publish","format-standard","hentry","category-pop"],"_links":{"self":[{"href":"https:\/\/otraronda.xyz\/rock\/wp-json\/wp\/v2\/posts\/215424","targetHints":{"allow":["GET"]}}],"collection":[{"href":"https:\/\/otraronda.xyz\/rock\/wp-json\/wp\/v2\/posts"}],"about":[{"href":"https:\/\/otraronda.xyz\/rock\/wp-json\/wp\/v2\/types\/post"}],"author":[{"embeddable":true,"href":"https:\/\/otraronda.xyz\/rock\/wp-json\/wp\/v2\/users\/55"}],"replies":[{"embeddable":true,"href":"https:\/\/otraronda.xyz\/rock\/wp-json\/wp\/v2\/comments?post=215424"}],"version-history":[{"count":0,"href":"https:\/\/otraronda.xyz\/rock\/wp-json\/wp\/v2\/posts\/215424\/revisions"}],"wp:attachment":[{"href":"https:\/\/otraronda.xyz\/rock\/wp-json\/wp\/v2\/media?parent=215424"}],"wp:term":[{"taxonomy":"category","embeddable":true,"href":"https:\/\/otraronda.xyz\/rock\/wp-json\/wp\/v2\/categories?post=215424"},{"taxonomy":"post_tag","embeddable":true,"href":"https:\/\/otraronda.xyz\/rock\/wp-json\/wp\/v2\/tags?post=215424"}],"curies":[{"name":"wp","href":"https:\/\/api.w.org\/{rel}","templated":true}]}}