{"id":203391,"date":"2026-05-03T10:29:45","date_gmt":"2026-05-03T08:29:45","guid":{"rendered":"https:\/\/otraronda.xyz\/rock\/got-talent-11-proclama-ganador-al-grupo-de-baile-am-dance-studio-blindado-en-oro-desde-su-llegada-al-programa\/"},"modified":"2026-05-03T10:29:45","modified_gmt":"2026-05-03T08:29:45","slug":"got-talent-11-proclama-ganador-al-grupo-de-baile-am-dance-studio-blindado-en-oro-desde-su-llegada-al-programa","status":"publish","type":"post","link":"https:\/\/otraronda.xyz\/rock\/got-talent-11-proclama-ganador-al-grupo-de-baile-am-dance-studio-blindado-en-oro-desde-su-llegada-al-programa\/","title":{"rendered":"&#8216;Got Talent 11&#8217; proclama ganador al grupo de baile AM Dance Studio, &#8216;blindado&#8217; en oro desde su llegada al programa"},"content":{"rendered":"<div>\n<p><img loading=\"lazy\" decoding=\"async\" src=\"https:\/\/static.eldiario.es\/clip\/b1e412bc-ae1f-417d-9a03-cc7aba8decf0_16-9-discover-aspect-ratio_default_0.jpg\" width=\"1200\" height=\"675\" alt=\"'Got Talent 11' proclama ganador al grupo de baile AM Dance Studio, 'blindado' en oro desde su llegada al programa\"><\/p>\n<div class=\"subtitles\">\n<p class=\"subtitle\">El grupo de baile AM Dance Studio, llegado desde Portugal, se convirti\u00f3 este s\u00e1bado en ganador de la und\u00e9cima edici\u00f3n de &#8216;Got Talent Espa\u00f1a&#8217;<\/p>\n<p class=\"subtitle\">An\u00e1lisis &#8211; &#8216;Got Talent&#8217;, ante su final m\u00e1s amarga: termina una edici\u00f3n marcada por las bajas audiencias y el adi\u00f3s de su gran estrella<\/p>\n<p class=\"subtitle\">La hija de Ver\u00f3nica Forqu\u00e9 relata las consecuencias de &#8216;MasterChef&#8217; y el odio en redes: \u201c\u00bfDeber\u00eda haberle insistido para que no participara?\u201d<\/p>\n<\/div>\n<p class=\"article-text\">\n        Este s\u00e1bado 2 de mayo, despu\u00e9s de casi cuatro meses de ardua competici\u00f3n, el grupo de baile <strong>AM Dance Studio<\/strong> se proclam\u00f3 campe\u00f3n de la und\u00e9cima edici\u00f3n de <em><strong>Got Talent Espa\u00f1a<\/strong><\/em> con el apoyo de quienes asist\u00edan a la grabaci\u00f3n del programa.\n    <\/p>\n<p class=\"article-text\">\n        A la gala final asistieron los <a href=\"https:\/\/www.eldiario.es\/vertele\/noticias\/got-talent-concursantes-finalistas-risto-deja-el-programa_1_13173809.html\" target=\"_blank\" data-mrf-recirculation=\"links-noticia\" class=\"link\">13 concursantes<\/a> que optaban a ganar el premio de <strong>25.000 euros<\/strong> que estaba en liza. <strong>Sebas Guillem, Genevi\u00e8ve C\u00f4t\u00e9, D&#8217;art Espect\u00e1culos, Nacho Samena, D\u00fao O and S, Mateo Jurado, Lydia S\u00e1nchez, Pablo Quevedo, The Young X, Kristy Sellar, Ssaulabi e Immnotycs<\/strong> subieron al escenario una vez m\u00e1s, la \u00faltima, para enfrentarse a su actuaci\u00f3n definitiva, pero ninguno de ellos gust\u00f3 tanto como <strong>AM Dance Studio<\/strong>.\n    <\/p>\n<p class=\"article-text\">\n        Los jovenc\u00edsimos bailarines portugueses conquistaron a los miembros del jurado con su espect\u00e1culo final, sin embargo, el veredicto no estaba en manos de <strong>Risto Mejide, Lorena Castell, Paula Echevarr\u00eda y Carlos Latre<\/strong>. Aunque ellos presenciaron con emoci\u00f3n cada una de las funciones, esta vez era el p\u00fablico quien ostentaba todo el poder.\n    <\/p>\n<p class=\"article-text\">\n        Por detr\u00e1s de <strong>AM Dance Studio<\/strong> quedaron los acr\u00f3batas de <strong>D&#8217;art Espect\u00e1culos<\/strong> y el grupo de taekwondo <strong>Ssaulabi<\/strong>. No hab\u00eda candidatos individuales en el Top-3 de la final; todos los aspirantes eran grupales.\n    <\/p>\n<figure class=\"embed-container embed-container--type-embed ratio ratio__16_9\">\n<p>            <iframe loading=\"lazy\" src=\"https:\/\/www.mitele.es\/video\/video-embed.html?contentId=MDSVOD20260502_10028\" frameborder=\"0\" width=\"600\" height=\"400\"><\/iframe><br \/>\n    <\/figure>\n<h2 class=\"article-text\">Una trayectoria &#8216;blindada&#8217; en oro<\/h2>\n<p class=\"article-text\">\n        En enero, durante su estreno sobre el escenario de <em>Got Talent<\/em>, los bailarines de AM Dance Studio dejaron boquiabiertos a los miembros del jurado. \u201cMe atrevo a decir que esta es la mejor actuaci\u00f3n que yo he visto aqu\u00ed. Lo que me ha pasado hoy no me ha pasado nunca\u201d, reaccion\u00f3 Paula Echevarr\u00eda.\n    <\/p>\n<p class=\"article-text\">\n        Risto, que ha estado m\u00e1s de una d\u00e9cada vinculado al formato, se mostr\u00f3 totalmente de acuerdo con ella. Dijo que hab\u00eda sido \u201cuna de las mejores actuaciones de todos los <em>Got Talent Espa\u00f1a<\/em>\u201d y que, adem\u00e1s, hab\u00eda sido \u201cperpetrada por gente insultantemente joven\u201d, lo que ten\u00eda incluso m\u00e1s m\u00e9rito: <strong>\u201cHa dado mil patadas a muchos grupos profesionales de baile\u201d<\/strong>.\n    <\/p>\n<p class=\"article-text\">\n        Absolutamente impactada por el espect\u00e1culo, Lorena Castell concedi\u00f3 un pase de oro a AM Dance Studio <a href=\"https:\/\/www.eldiario.es\/vertele\/noticias\/lorena-castell-got-talent-pase-oro-actuacion-grupo-baile-am-dance-studio_1_12933985.html\" target=\"_blank\" data-mrf-recirculation=\"links-noticia\" class=\"link\">incluso antes de que terminaran el show<\/a>. Nunca antes se hab\u00eda dado una situaci\u00f3n as\u00ed. En las semifinales, la catalana les otorg\u00f3 un nuevo pase de oro para garantizarles un hueco en la \u00faltima gala de la edici\u00f3n.\n    <\/p>\n<figure class=\"embed-container embed-container--type-embed ratio ratio__16_9\">\n<p>            <iframe loading=\"lazy\" src=\"https:\/\/www.mitele.es\/video\/video-embed.html?contentId=MDSVOD20260123_10127\" frameborder=\"0\" width=\"600\" height=\"400\"><\/iframe><br \/>\n    <\/figure>\n<\/div>\n","protected":false},"excerpt":{"rendered":"<p>El grupo de baile AM Dance Studio, llegado desde Portugal, se convirti\u00f3 este s\u00e1bado en ganador de la und\u00e9cima edici\u00f3n de &#8216;Got Talent Espa\u00f1a&#8217; An\u00e1lisis &#8211; &#8216;Got Talent&#8217;, ante su final m\u00e1s amarga: termina una edici\u00f3n marcada por las bajas audiencias y el adi\u00f3s de su gran estrella La hija de Ver\u00f3nica Forqu\u00e9 relata las [&hellip;]<\/p>\n","protected":false},"author":1,"featured_media":0,"comment_status":"closed","ping_status":"open","sticky":false,"template":"","format":"standard","meta":{"_et_pb_use_builder":"","_et_pb_old_content":"","_et_gb_content_width":"","footnotes":""},"categories":[6],"tags":[],"class_list":["post-203391","post","type-post","status-publish","format-standard","hentry","category-tv"],"_links":{"self":[{"href":"https:\/\/otraronda.xyz\/rock\/wp-json\/wp\/v2\/posts\/203391","targetHints":{"allow":["GET"]}}],"collection":[{"href":"https:\/\/otraronda.xyz\/rock\/wp-json\/wp\/v2\/posts"}],"about":[{"href":"https:\/\/otraronda.xyz\/rock\/wp-json\/wp\/v2\/types\/post"}],"author":[{"embeddable":true,"href":"https:\/\/otraronda.xyz\/rock\/wp-json\/wp\/v2\/users\/1"}],"replies":[{"embeddable":true,"href":"https:\/\/otraronda.xyz\/rock\/wp-json\/wp\/v2\/comments?post=203391"}],"version-history":[{"count":0,"href":"https:\/\/otraronda.xyz\/rock\/wp-json\/wp\/v2\/posts\/203391\/revisions"}],"wp:attachment":[{"href":"https:\/\/otraronda.xyz\/rock\/wp-json\/wp\/v2\/media?parent=203391"}],"wp:term":[{"taxonomy":"category","embeddable":true,"href":"https:\/\/otraronda.xyz\/rock\/wp-json\/wp\/v2\/categories?post=203391"},{"taxonomy":"post_tag","embeddable":true,"href":"https:\/\/otraronda.xyz\/rock\/wp-json\/wp\/v2\/tags?post=203391"}],"curies":[{"name":"wp","href":"https:\/\/api.w.org\/{rel}","templated":true}]}}