{"id":203389,"date":"2026-05-03T12:02:09","date_gmt":"2026-05-03T10:02:09","guid":{"rendered":"https:\/\/otraronda.xyz\/rock\/got-talent-ante-su-final-mas-amarga-termina-una-edicion-marcada-por-las-bajas-audiencias-y-el-adios-de-su-gran-estrella\/"},"modified":"2026-05-03T12:02:09","modified_gmt":"2026-05-03T10:02:09","slug":"got-talent-ante-su-final-mas-amarga-termina-una-edicion-marcada-por-las-bajas-audiencias-y-el-adios-de-su-gran-estrella","status":"publish","type":"post","link":"https:\/\/otraronda.xyz\/rock\/got-talent-ante-su-final-mas-amarga-termina-una-edicion-marcada-por-las-bajas-audiencias-y-el-adios-de-su-gran-estrella\/","title":{"rendered":"&#8216;Got Talent&#8217;, ante su final m\u00e1s amarga: termina una edici\u00f3n marcada por las bajas audiencias y el adi\u00f3s de su gran estrella"},"content":{"rendered":"<div>\n<p><img loading=\"lazy\" decoding=\"async\" src=\"https:\/\/static.eldiario.es\/clip\/d1848c49-810c-41e5-a5dd-4f0492e512a4_16-9-discover-aspect-ratio_default_0.jpg\" width=\"1200\" height=\"675\" alt=\"'Got Talent', ante su final m\u00e1s amarga: termina una edici\u00f3n marcada por las bajas audiencias y el adi\u00f3s de su gran estrella\"><\/p>\n<div class=\"subtitles\">\n<p class=\"subtitle\">&#8216;Got Talent&#8217; cierra este s\u00e1bado una edici\u00f3n marcada por los malos resultados de audiencia y la despedida de Risto Mejide, su juez estrella durante una d\u00e9cada<\/p>\n<p class=\"subtitle\">La hija de Ver\u00f3nica Forqu\u00e9 relata las consecuencias de &#8216;MasterChef&#8217; y el odio en redes: \u201c\u00bfDeber\u00eda haberle insistido para que no participara?\u201d<\/p>\n<p class=\"subtitle\">Lydia, Terelu y Karmele recuerdan sus broncas con Matamoros en &#8216;S\u00e1lvame&#8217;: \u201cLos del &#8216;eje del mal&#8217; nos pon\u00edan el palito\u201d<\/p>\n<\/div>\n<p class=\"article-text\">\n        <strong>Telecinco <\/strong>ofrecer\u00e1 este s\u00e1bado 2 de mayo la gran final de <em><strong>Got Talent 11<\/strong><\/em>. El programa que conduce <strong>Santi Mill\u00e1n<\/strong> se despide del p\u00fablico tras cuatro meses en emisi\u00f3n y concluye su edici\u00f3n m\u00e1s tibia en el siempre disputado terreno de las audiencias.\n    <\/p>\n<p class=\"article-text\">\n        Las 14 galas de su actual temporada han promediado un <strong>9.3% de cuota de pantalla y 834.000 espectadores<\/strong>, lo que representa una p\u00e9rdida de 1.6 puntos y 115.000 seguidores respecto al a\u00f1o pasado. Aunque falta por conocer el dato de la gala final, que suele ser m\u00e1s elevado de lo normal, parece poco probable que pueda cambiar el promedio global.\n    <\/p>\n<p class=\"article-text\">\n        Nunca antes hab\u00eda tenido datos tan bajos. En 2021, cuando comenz\u00f3 su declive, registr\u00f3 un <strong>19.7% de share con 2.735.000 espectadores<\/strong>. Su competitividad se ha reducido a la mitad, y su p\u00fablico es la tercera parte del que fue.\n    <\/p>\n<p class=\"article-text\">\n        <strong>\u00b7 Audiencia media de las ediciones de &#8216;Got Talent&#8217;<\/strong>\n    <\/p>\n<div class=\"list\">\n<ul>\n<li><strong>Primera edici\u00f3n (2016):\u00a0<\/strong>19% y 2.761.000<\/li>\n<li><strong>Segunda edici\u00f3n (2017):<\/strong>\u00a020.4% y 2.742.000<\/li>\n<li><strong>Tercera edici\u00f3n (2018):<\/strong>\u00a017.7% y 2.221.000<\/li>\n<li><strong>Cuarta edici\u00f3n (2019):\u00a0<\/strong>19.8% y 2.246.000<\/li>\n<li><strong>Quinta edici\u00f3n (2019):\u00a0<\/strong>21.7% y 2.345.000<\/li>\n<li><strong>Sexta edici\u00f3n (2021):<\/strong>\u00a019.7% y 2.735.000<\/li>\n<li><strong>S\u00e9ptima edici\u00f3n (2021):\u00a0<\/strong>15.8% y 1.741.000<\/li>\n<li><strong>Octava edici\u00f3n (2022):\u00a0<\/strong>13.9% y 1.222.000<\/li>\n<li><strong>Novena edici\u00f3n (2023):\u00a0<\/strong>12.4% y 1.149.000<\/li>\n<li><strong>D\u00e9cima edici\u00f3n (2024):\u00a0<\/strong>10.9% y 948.000<\/li>\n<li><strong>Und\u00e9cima edici\u00f3n (2026): <\/strong>9.3% y 834.000<\/li>\n<\/ul><\/div>\n<p class=\"article-text\">\n        Durante esta edici\u00f3n solo ha sido l\u00edder de audiencia en una ocasi\u00f3n. <strong>El resto de las veces ha estado por detr\u00e1s de las ofertas de Antena 3<\/strong>. Y siempre bajo el 10% de share, salvo el pasado 25 de abril, cuando la pen\u00faltima gala de la temporada alcanz\u00f3 el doble d\u00edgito.\n    <\/p>\n<p class=\"article-text\">\n        Sorprendentemente, <em>Got Talent<\/em> ha sido, a pesar de todo, <strong>el programa m\u00e1s potente de Telecinco cada s\u00e1bado<\/strong>, otra muestra m\u00e1s de la debilidad que sufre la cadena de Mediaset.\n    <\/p>\n<figure class=\"ni-figure\">\n<picture class=\"news-image\">\n                                    <!--[if IE 9]>\n                <video style=\"display: none;\"><![endif]--><source media=\"(max-width: 576px)\" type=\"image\/webp\" srcset=\"https:\/\/static.eldiario.es\/clip\/0f3d4d1c-b80b-41d1-9437-97047cfa2dc8_16-9-discover-aspect-ratio_50p_0.webp\"><source media=\"(max-width: 576px)\" type=\"image\/jpg\" srcset=\"https:\/\/static.eldiario.es\/clip\/0f3d4d1c-b80b-41d1-9437-97047cfa2dc8_16-9-discover-aspect-ratio_50p_0.jpg\"><source media=\"(max-width: 767px)\" type=\"image\/webp\" srcset=\"https:\/\/static.eldiario.es\/clip\/0f3d4d1c-b80b-41d1-9437-97047cfa2dc8_16-9-discover-aspect-ratio_75p_0.webp\"><source media=\"(max-width: 767px)\" type=\"image\/jpg\" srcset=\"https:\/\/static.eldiario.es\/clip\/0f3d4d1c-b80b-41d1-9437-97047cfa2dc8_16-9-discover-aspect-ratio_75p_0.jpg\"><source type=\"image\/webp\" srcset=\"https:\/\/static.eldiario.es\/clip\/0f3d4d1c-b80b-41d1-9437-97047cfa2dc8_16-9-discover-aspect-ratio_default_0.webp\"><source type=\"image\/jpg\" srcset=\"https:\/\/static.eldiario.es\/clip\/0f3d4d1c-b80b-41d1-9437-97047cfa2dc8_16-9-discover-aspect-ratio_default_0.jpg\"><!--[if IE 9]><\/video><![endif]--><\/p>\n<p>                <img decoding=\"async\" src=\"https:\/\/static.eldiario.es\/clip\/0f3d4d1c-b80b-41d1-9437-97047cfa2dc8_16-9-discover-aspect-ratio_default_0.jpg\" alt=\"Risto Mejide, miembro del jurado en 'Got Talent 11'\"><\/p>\n<\/picture><figcaption class=\"image-footer\">\n            <span class=\"title\"><br \/>\n                Risto Mejide, miembro del jurado en &#8216;Got Talent 11&#8217;                            <\/span><br \/>\n                                    <\/figcaption><\/figure>\n<h2 class=\"article-text\">Una edici\u00f3n marcada por el adi\u00f3s de Risto Mejide<\/h2>\n<p class=\"article-text\">\n        El formato &#8216;cazatalentos&#8217; que produce <strong>Fremantle <\/strong>concluye de este modo una temporada que ha estado marcada por la <a href=\"https:\/\/www.eldiario.es\/vertele\/noticias\/deja-got-talent-tema-pablo-lopez-sorprendente-cambio-guion-lydia-sanchez_1_13010789.html\" target=\"_blank\" data-mrf-recirculation=\"links-noticia\" class=\"link\">anunciada despedida de Risto Mejide<\/a>.\n    <\/p>\n<p class=\"article-text\">\n        Su juez m\u00e1s veterano \u2013en el cargo desde 2017\u2013 abandona <em>Got Talent<\/em> para centrarse en su faceta como productor y presentador de programas de actualidad. Dice que ya no se siente c\u00f3modo juzgando a otras personas, cosa que hace desde que saltara a la fama en 2006 como cr\u00edtico de <em><strong>Operaci\u00f3n Triunfo<\/strong><\/em>.\n    <\/p>\n<p class=\"article-text\">\n        Con la marcha de su juez m\u00e1s pol\u00e9mico, <em>Got Talent<\/em> queda en manos de <strong>Lorena Castell, Paula Echevarr\u00eda y Carlos Latre<\/strong>. La despedida de Risto supone el final de una etapa que ha estado plagada de \u00e9xitos, pero los datos de audiencia actuales, en especial los de est\u00e1 edici\u00f3n, marcan un punto de inflexi\u00f3n.\n    <\/p>\n<\/div>\n","protected":false},"excerpt":{"rendered":"<p>&#8216;Got Talent&#8217; cierra este s\u00e1bado una edici\u00f3n marcada por los malos resultados de audiencia y la despedida de Risto Mejide, su juez estrella durante una d\u00e9cada La hija de Ver\u00f3nica Forqu\u00e9 relata las consecuencias de &#8216;MasterChef&#8217; y el odio en redes: \u201c\u00bfDeber\u00eda haberle insistido para que no participara?\u201d Lydia, Terelu y Karmele recuerdan sus broncas [&hellip;]<\/p>\n","protected":false},"author":1,"featured_media":0,"comment_status":"closed","ping_status":"open","sticky":false,"template":"","format":"standard","meta":{"_et_pb_use_builder":"","_et_pb_old_content":"","_et_gb_content_width":"","footnotes":""},"categories":[6],"tags":[],"class_list":["post-203389","post","type-post","status-publish","format-standard","hentry","category-tv"],"_links":{"self":[{"href":"https:\/\/otraronda.xyz\/rock\/wp-json\/wp\/v2\/posts\/203389","targetHints":{"allow":["GET"]}}],"collection":[{"href":"https:\/\/otraronda.xyz\/rock\/wp-json\/wp\/v2\/posts"}],"about":[{"href":"https:\/\/otraronda.xyz\/rock\/wp-json\/wp\/v2\/types\/post"}],"author":[{"embeddable":true,"href":"https:\/\/otraronda.xyz\/rock\/wp-json\/wp\/v2\/users\/1"}],"replies":[{"embeddable":true,"href":"https:\/\/otraronda.xyz\/rock\/wp-json\/wp\/v2\/comments?post=203389"}],"version-history":[{"count":0,"href":"https:\/\/otraronda.xyz\/rock\/wp-json\/wp\/v2\/posts\/203389\/revisions"}],"wp:attachment":[{"href":"https:\/\/otraronda.xyz\/rock\/wp-json\/wp\/v2\/media?parent=203389"}],"wp:term":[{"taxonomy":"category","embeddable":true,"href":"https:\/\/otraronda.xyz\/rock\/wp-json\/wp\/v2\/categories?post=203389"},{"taxonomy":"post_tag","embeddable":true,"href":"https:\/\/otraronda.xyz\/rock\/wp-json\/wp\/v2\/tags?post=203389"}],"curies":[{"name":"wp","href":"https:\/\/api.w.org\/{rel}","templated":true}]}}