{"id":203387,"date":"2026-05-03T12:02:04","date_gmt":"2026-05-03T10:02:04","guid":{"rendered":"https:\/\/otraronda.xyz\/rock\/la-hija-de-veronica-forque-relata-las-consecuencias-de-masterchef-y-el-odio-en-redes-deberia-haberle-insistido-para-que-no-participara\/"},"modified":"2026-05-03T12:02:04","modified_gmt":"2026-05-03T10:02:04","slug":"la-hija-de-veronica-forque-relata-las-consecuencias-de-masterchef-y-el-odio-en-redes-deberia-haberle-insistido-para-que-no-participara","status":"publish","type":"post","link":"https:\/\/otraronda.xyz\/rock\/la-hija-de-veronica-forque-relata-las-consecuencias-de-masterchef-y-el-odio-en-redes-deberia-haberle-insistido-para-que-no-participara\/","title":{"rendered":"La hija de Ver\u00f3nica Forqu\u00e9 relata las consecuencias de &#8216;MasterChef&#8217; y el odio en redes: \u00ab\u00bfDeber\u00eda haberle insistido para que no participara?\u00bb"},"content":{"rendered":"<div>\n<p><img loading=\"lazy\" decoding=\"async\" src=\"https:\/\/static.eldiario.es\/clip\/45e49d75-52ac-4f99-993c-275a5db4e6bd_16-9-discover-aspect-ratio_default_0.jpg\" width=\"1200\" height=\"675\" alt=\"La hija de Ver\u00f3nica Forqu\u00e9 relata las consecuencias de 'MasterChef' y el odio en redes: &quot;\u00bfDeber\u00eda haberle insistido para que no participara?&quot;\"><\/p>\n<div class=\"subtitles\">\n<p class=\"subtitle\">Mar\u00eda Iborra, hija de Ver\u00f3nica Forqu\u00e9, recuerda en un libro las consecuencias que sufri\u00f3 la actriz tras pasar por las cocinas de &#8216;MasterChef Celebrity&#8217;. Completamente agotada, Forqu\u00e9 abandon\u00f3 la grabaci\u00f3n en julio de 2021. Y meses despu\u00e9s, durante la emisi\u00f3n del programa, se vino abajo al leer las furibundas cr\u00edticas que se lanzaron contra ella desde las redes sociales<\/p>\n<p class=\"subtitle\">La hija de Ver\u00f3nica Forqu\u00e9 relata las consecuencias de &#8216;MasterChef&#8217; y el odio en redes: \u201c\u00bfDeber\u00eda haberle insistido para que no participara?\u201d<\/p>\n<p class=\"subtitle\">&#8216;Got Talent&#8217;, ante su final m\u00e1s amarga: termina una edici\u00f3n marcada por las bajas audiencias y el adi\u00f3s de su gran estrella<\/p>\n<\/div>\n<p class=\"article-text\">\n        Cinco a\u00f1os despu\u00e9s del suicido de <strong>Ver\u00f3nica Forqu\u00e9<\/strong>, la hija de la actriz, <strong>Mar\u00eda Iborra<\/strong>, est\u00e1 a punto de publicar un libro en el que, adem\u00e1s de recordar el legado art\u00edstico y humano de su madre, aporta algunos detalles importantes sobre el tr\u00e1gico desenlace con el que fuso fin a su vida en diciembre de 2021 cuando acababa de cumplir 66 a\u00f1os. Solo un mes antes se hab\u00eda emitido en La 1 su comentada participaci\u00f3n en <em><strong>MasterChef Celebrity<\/strong><\/em>.\n    <\/p>\n<p class=\"article-text\">\n        La experiencia en el exitoso talent show de RTVE <strong>\u201cle result\u00f3 agotadora, pero gratificante\u201d<\/strong>, asegura Iborra en el libro, del que <a href=\"https:\/\/www.abc.es\/xlsemanal\/descenso-infiernos-veronica-forque-contado-hija-20260427084640-nt.html\" target=\"_blank\" data-mrf-recirculation=\"links-noticia\" class=\"link\"><em>ABC<\/em><\/a> publica en exclusiva un extenso avance. \u201cSe llev\u00f3 muy bien con los presentadores, especialmente con Samantha Vallejo-N\u00e1gera y Pepe Rodr\u00edguez, que pr\u00e1cticamente a diario le enviaban mensajes de cari\u00f1o y apoyo, seguramente vi\u00e9ndola tan vulnerable\u201d. La int\u00e9rprete arrastraba problemas de salud mental desde hac\u00eda mucho tiempo.\n    <\/p>\n<p class=\"article-text\">\n        Durante la grabaci\u00f3n del programa que produce <strong>Shine Iberia<\/strong>, que termin\u00f3 en julio de 2021, Ver\u00f3nica Forqu\u00e9 \u201cse sinti\u00f3 querida y respetada por sus compa\u00f1eros\u201d del casting. \u201cSol\u00eda llegar a casa muy contenta y me dec\u00eda que se lo estaba pasando genial. No obstante, los horarios de grabaci\u00f3n eran muy intensos y exigentes. No dorm\u00eda apenas\u201d, recuerda la joven. <strong>\u201cFue, en resumen, una mierda bastante perjudicial para ella\u201d, pero \u201cel drama vino despu\u00e9s, cuando se emiti\u00f3 el programa y se enfrent\u00f3 a los haters\u201d<\/strong>. \u201cEso es algo con lo que mi madre no pudo lidiar\u201d, lamenta.\n    <\/p>\n<p class=\"article-text\">\n        La sexta edici\u00f3n de <em>MasterChef Celebrity<\/em> estuvo en pantalla desde mediados de septiembre hasta finales de noviembre. Fue l\u00edder de audiencia con una media de 2.126.000 espectadores. \u201cDesde la producci\u00f3n de <em>MasterChef <\/em>deb\u00edan de darse cuenta de que mi madre no estaba bien. As\u00ed que tuvieron que decirse: &#8216;Uy, est\u00e1 fatal, est\u00e1 como unas maracas; qu\u00e9 bien, cu\u00e1nta audiencia vamos a tener&#8230;&#8217; (&#8230;) Era una loquita. \u00a1Y una loquita competitiva, o sea, una loquita por partida doble! \u00bfHab\u00eda algo mejor que eso para elevar la audiencia de un programa de televisi\u00f3n?\u201d, sostiene Mar\u00eda.\n    <\/p>\n<figure class=\"embed-container embed-container--type-youtube ratio\">\n<p><script src=\"https:\/\/www.youtube.com\/iframe_api\"><\/script><br \/>\n<script type=\"module\">\n    window.marfeel.cmd.push(['multimedia', function(multimedia) {\n        multimedia.initializeItem('yt-TbNXBPpgbCU-4408', 'youtube', 'TbNXBPpgbCU', document.getElementById('yt-TbNXBPpgbCU-4408'));\n    }]);\n<\/script><\/p>\n<p><iframe id=\"yt-TbNXBPpgbCU-4408\" src=\"https:\/\/www.youtube.com\/embed\/TbNXBPpgbCU?enablejsapi=1\" frameborder=\"0\"><\/iframe><br \/>\n            <\/figure>\n<p class=\"article-text\">\n        Despu\u00e9s de protagonizar algunos rifirrafes con sus compa\u00f1eros y de exhibir un extra\u00f1o comportamiento en determinadas ocasiones <strong>(\u201ccircunstancias que, en cualquier caso, sol\u00edan responder a un guion dise\u00f1ado previamente\u201d, afirma la hija de la actriz)<\/strong>, Forqu\u00e9 anunci\u00f3 su decisi\u00f3n de <a href=\"https:\/\/www.eldiario.es\/vertele\/noticias\/masterchef-celebrity-6-resolvio-juego-hola-adios-veronica-forque_1_8515168.html\" target=\"_blank\" data-mrf-recirculation=\"links-noticia\" class=\"link\">abandonar la competici\u00f3n<\/a>. Alcanz\u00f3 ese punto de fragilidad y malestar durante la grabaci\u00f3n del programa, en pleno verano. Y el golpe definitivo le lleg\u00f3 en septiembre al encender la televisi\u00f3n para ver <em>MasterChef <\/em>como si fuera una simple espectadora m\u00e1s. Al leer las cr\u00edticas que se le lanzaban desde las redes sociales, se vino abajo.\n    <\/p>\n<p class=\"article-text\">\n        \u201cJam\u00e1s hubiera podido imaginar que su persona despertara unas reacciones tan furibundas de odio. Empezaron a prodigarse las cr\u00edticas y a multiplicarse los haters, y ella \u2013que apenas hab\u00eda recibido malas cr\u00edticas por su trabajo y que jam\u00e1s hab\u00eda experimentado el odio, la animadversi\u00f3n y el aborrecimiento del p\u00fablico\u2013 se desestabiliz\u00f3 a\u00fan m\u00e1s\u201d, cuenta su hija. \u201cNo lo aguant\u00f3. Se convirti\u00f3 en una zombi. Ya ni siquiera se levantaba de la cama. \u00bfPara qu\u00e9? Sent\u00eda que lo hab\u00eda echado todo a perder\u201d.\n    <\/p>\n<p class=\"article-text\">\n        Mar\u00eda se atribuye cierta responsabilidad en toda esta situaci\u00f3n. \u201c\u00bfPude hacer algo? \u00bfDeber\u00eda haberle insistido para que no hiciera ese programa? Ella estaba con una ilusi\u00f3n tremenda y, una vez que ella tomaba una decisi\u00f3n, yo la apoyaba completamente. (&#8230;) Obviamente, no pod\u00eda imaginar lo que se nos ven\u00eda encima\u201d, asume la joven con tristeza y resignaci\u00f3n. \u201cYo no me di cuenta de ello y me siento terriblemente culpable de no haberlo previsto\u201d.\n    <\/p>\n<\/div>\n","protected":false},"excerpt":{"rendered":"<p>Mar\u00eda Iborra, hija de Ver\u00f3nica Forqu\u00e9, recuerda en un libro las consecuencias que sufri\u00f3 la actriz tras pasar por las cocinas de &#8216;MasterChef Celebrity&#8217;. Completamente agotada, Forqu\u00e9 abandon\u00f3 la grabaci\u00f3n en julio de 2021. Y meses despu\u00e9s, durante la emisi\u00f3n del programa, se vino abajo al leer las furibundas cr\u00edticas que se lanzaron contra ella [&hellip;]<\/p>\n","protected":false},"author":1,"featured_media":0,"comment_status":"closed","ping_status":"open","sticky":false,"template":"","format":"standard","meta":{"_et_pb_use_builder":"","_et_pb_old_content":"","_et_gb_content_width":"","footnotes":""},"categories":[6],"tags":[],"class_list":["post-203387","post","type-post","status-publish","format-standard","hentry","category-tv"],"_links":{"self":[{"href":"https:\/\/otraronda.xyz\/rock\/wp-json\/wp\/v2\/posts\/203387","targetHints":{"allow":["GET"]}}],"collection":[{"href":"https:\/\/otraronda.xyz\/rock\/wp-json\/wp\/v2\/posts"}],"about":[{"href":"https:\/\/otraronda.xyz\/rock\/wp-json\/wp\/v2\/types\/post"}],"author":[{"embeddable":true,"href":"https:\/\/otraronda.xyz\/rock\/wp-json\/wp\/v2\/users\/1"}],"replies":[{"embeddable":true,"href":"https:\/\/otraronda.xyz\/rock\/wp-json\/wp\/v2\/comments?post=203387"}],"version-history":[{"count":0,"href":"https:\/\/otraronda.xyz\/rock\/wp-json\/wp\/v2\/posts\/203387\/revisions"}],"wp:attachment":[{"href":"https:\/\/otraronda.xyz\/rock\/wp-json\/wp\/v2\/media?parent=203387"}],"wp:term":[{"taxonomy":"category","embeddable":true,"href":"https:\/\/otraronda.xyz\/rock\/wp-json\/wp\/v2\/categories?post=203387"},{"taxonomy":"post_tag","embeddable":true,"href":"https:\/\/otraronda.xyz\/rock\/wp-json\/wp\/v2\/tags?post=203387"}],"curies":[{"name":"wp","href":"https:\/\/api.w.org\/{rel}","templated":true}]}}