{"id":203333,"date":"2026-05-02T12:02:21","date_gmt":"2026-05-02T10:02:21","guid":{"rendered":"https:\/\/otraronda.xyz\/rock\/la-casa-de-los-espiritus-de-isabel-allende-se-hace-serie-en-plena-ola-reaccionaria-nos-estamos-dando-una-hostia-de-realidad\/"},"modified":"2026-05-02T12:02:21","modified_gmt":"2026-05-02T10:02:21","slug":"la-casa-de-los-espiritus-de-isabel-allende-se-hace-serie-en-plena-ola-reaccionaria-nos-estamos-dando-una-hostia-de-realidad","status":"publish","type":"post","link":"https:\/\/otraronda.xyz\/rock\/la-casa-de-los-espiritus-de-isabel-allende-se-hace-serie-en-plena-ola-reaccionaria-nos-estamos-dando-una-hostia-de-realidad\/","title":{"rendered":"&#8216;La casa de los esp\u00edritus&#8217; de Isabel Allende se hace serie en plena ola reaccionaria: \u00abNos estamos dando una hostia de realidad\u00bb"},"content":{"rendered":"<div>\n<p><img loading=\"lazy\" decoding=\"async\" src=\"https:\/\/static.eldiario.es\/clip\/2e170d14-98d3-43ae-adf7-31d3e2b7253c_16-9-discover-aspect-ratio_default_0.jpg\" width=\"1200\" height=\"675\" alt=\"'La casa de los esp\u00edritus' de Isabel Allende se hace serie en plena ola reaccionaria: &quot;Nos estamos dando una hostia de realidad&quot;\"><\/p>\n<div class=\"subtitles\">\n<p class=\"subtitle\">Prime Video estren\u00f3 el pasado 29 de abril &#8216;La casa de los esp\u00edritus&#8217;, la serie basada en la novela hom\u00f3nima de Isabel Allende. Es la segunda adaptaci\u00f3n del libro, esta vez \u00abbendecida\u00bb por la escritora, y viene a corregir los fallos de la pel\u00edcula que se film\u00f3 en 1993 bajo el paraguas de Hollywood. verTele ha hablado con su directora, Francisca Alegr\u00eda, y con los protagonistas de la historia: Alfonso Herrera y Nicole Wallace<\/p>\n<p class=\"subtitle\">Calendario de estrenos &#8211; Las 15 series imprescindibles de mayo, un mes con 4 esperados estrenos espa\u00f1oles y nuevos t\u00edtulos internacionales\n<\/p>\n<p class=\"subtitle\">Adem\u00e1s &#8211; Raquel S\u00e1nchez Silva vuelve a Telecinco 11 a\u00f1os despu\u00e9s como presentadora de su nuevo reality de parejas\n<\/p>\n<\/div>\n<p class=\"article-text\">\n        Casi medio siglo despu\u00e9s de que <strong>Isabel Allende<\/strong> escribiera <em><strong>La casa de los esp\u00edritus<\/strong><\/em>, la plataforma <strong>Prime Video<\/strong> ha estrenado la serie que trocea en ocho cap\u00edtulos la primera y m\u00e1s emblem\u00e1tica novela de la autora chilena, aquella con la que esta pudo trazar una amplia radiograf\u00eda de la pol\u00edtica y la sociedad latinoamericanas del siglo XX.\n    <\/p>\n<p class=\"article-text\">\n        No es la primera vez que se graba una adaptaci\u00f3n del libro, pero nunca antes se hab\u00eda hecho con la sensibilidad que merece. Cuando <em>La casa de los esp\u00edritus<\/em> cay\u00f3 en manos de Hollywood en 1993, la pel\u00edcula resultante, grabada en ingl\u00e9s y protagonizada por <strong>Jeremy Irons<\/strong>, <strong>Winona Ryder<\/strong>, <strong>Glenn Close<\/strong>, <strong>Meryl Streep<\/strong> y <strong>Antonio Banderas<\/strong>, recibi\u00f3 un buen pu\u00f1ado de cr\u00edticas por su falta de identidad latina, cosa que se ha tenido muy presente a la hora de hacer esta nueva versi\u00f3n audiovisual.\n    <\/p>\n<p class=\"article-text\">\n        La serie tiene un planteamiento radicalmente diferente y el deseo de preservar el ADN de la obra original. Se ha grabado en espa\u00f1ol, tiene producci\u00f3n chilena y su equipo humano es mayoritariamente iberoamericano. Son el mexicano <strong>Alfonso Herrera<\/strong> y la madrile\u00f1a <strong>Nicole Wallace<\/strong> quienes interpretan a <strong>Esteban Trueba<\/strong> y <strong>Clara del Valle<\/strong>, la pareja protagonista de este drama rom\u00e1ntico marcado por las tensiones familiares y los conflictos sociales de una \u00e9poca no demasiado lejana.\n    <\/p>\n<p class=\"article-text\">\n        La productora Filmnation <strong>\u201cquer\u00eda una adaptaci\u00f3n mucho m\u00e1s fiel que la pel\u00edcula\u201d<\/strong>, explica a <a href=\"https:\/\/www.eldiario.es\/vertele\/\" target=\"_blank\" data-mrf-recirculation=\"links-noticia\" class=\"link\"><strong>verTele<\/strong><\/a> la directora del proyecto, <strong>Francisca Alegr\u00eda<\/strong>, que destaca la \u201cnecesidad\u201d que existe hoy en d\u00eda de \u201ccontar nuestra historia\u201d con el acento de quienes la vivieron. De hecho, Nicole Wallace cree que esta serie es el \u201cejemplo\u201d de que \u201cse puede hacer una adaptaci\u00f3n que vea mucha gente y que est\u00e9 arraigada a las ra\u00edces latinoamericanas\u201d.\n    <\/p>\n<figure class=\"ni-figure\">\n<picture class=\"news-image\">\n                                    <!--[if IE 9]>\n                <video style=\"display: none;\"><![endif]--><source media=\"(max-width: 576px)\" type=\"image\/webp\" srcset=\"https:\/\/static.eldiario.es\/clip\/01256a58-793e-4975-a0bb-dafaaf0ca320_16-9-discover-aspect-ratio_50p_0.webp\"><source media=\"(max-width: 576px)\" type=\"image\/jpg\" srcset=\"https:\/\/static.eldiario.es\/clip\/01256a58-793e-4975-a0bb-dafaaf0ca320_16-9-discover-aspect-ratio_50p_0.jpg\"><source media=\"(max-width: 767px)\" type=\"image\/webp\" srcset=\"https:\/\/static.eldiario.es\/clip\/01256a58-793e-4975-a0bb-dafaaf0ca320_16-9-discover-aspect-ratio_75p_0.webp\"><source media=\"(max-width: 767px)\" type=\"image\/jpg\" srcset=\"https:\/\/static.eldiario.es\/clip\/01256a58-793e-4975-a0bb-dafaaf0ca320_16-9-discover-aspect-ratio_75p_0.jpg\"><source type=\"image\/webp\" srcset=\"https:\/\/static.eldiario.es\/clip\/01256a58-793e-4975-a0bb-dafaaf0ca320_16-9-discover-aspect-ratio_default_0.webp\"><source type=\"image\/jpg\" srcset=\"https:\/\/static.eldiario.es\/clip\/01256a58-793e-4975-a0bb-dafaaf0ca320_16-9-discover-aspect-ratio_default_0.jpg\"><!--[if IE 9]><\/video><![endif]--><\/p>\n<p>                <img decoding=\"async\" src=\"https:\/\/static.eldiario.es\/clip\/01256a58-793e-4975-a0bb-dafaaf0ca320_16-9-discover-aspect-ratio_default_0.jpg\" alt=\"Imagen epis\u00f3dica de 'La casa de los esp\u00edritus', serie basada en la novela de de Isabel Allende\"><\/p>\n<\/picture><figcaption class=\"image-footer\">\n            <span class=\"title\"><br \/>\n                Imagen epis\u00f3dica de &#8216;La casa de los esp\u00edritus&#8217;, serie basada en la novela de de Isabel Allende                            <\/span><br \/>\n                                    <\/figcaption><\/figure>\n<p class=\"article-text\">\n        Por respeto a la historia se ha preservado su alma latina, y por respeto a los lectores se ha intentado hacer una escrupulosa selecci\u00f3n de las tramas. Con ocho cap\u00edtulos a su disposici\u00f3n, la serie puede incluir muchos m\u00e1s detalles que una simple pel\u00edcula y es capaz de mostrar en toda su extensi\u00f3n el crecimiento de los personajes, pero no siempre se acierta al hacer esa complicada criba. En este caso se han tomado \u201calgunas licencias\u201d creativas, admite Alegr\u00eda, aunque han tratado de ser \u201clo m\u00e1s fieles posible\u201d a la obra original <strong>\u2013tanto en forma como en fondo\u2013<\/strong> para que exista una \u201ccoherencia narrativa\u201d.\n    <\/p>\n<p class=\"article-text\">\n        El equipo se muestra orgulloso del resultado final, de haber sacado adelante una <strong>\u201cadaptaci\u00f3n bendecida por Isabel Allende\u201d<\/strong>, como la describe Francisca Alegr\u00eda, ya que la escritora es productora ejecutiva de la serie junto a Eva Longoria y Courtney Saladino. Parece que los astros se han alineado en esta ocasi\u00f3n para que el bagaje y la esencia de <em>La casa de los esp\u00edritus<\/em> llegue por fin a la peque\u00f1a pantalla.\n    <\/p>\n<p><iframe src=\"https:\/\/geo.dailymotion.com\/player\/x8zbz.html?video=xa7fk6q\" allowfullscreen allow=\"fullscreen; picture-in-picture; web-share\"><\/iframe><\/p>\n<h2 class=\"article-text\">La pol\u00edtica, muy presente en &#8216;La casa de los esp\u00edritus&#8217;: \u201cLos derechos se pueden perder en un solo d\u00eda\u201d<\/h2>\n<p class=\"article-text\">\n        Ni el libro ni la serie son la cl\u00e1sica telenovela que engorda sus tramas con amores t\u00f3xicos y rencillas familiares insustanciales. De todo eso hay bastante, <strong>pero enfocado siempre desde sus connotaciones pol\u00edticas<\/strong>, desde el an\u00e1lisis de una sociedad que evoluciona al ritmo que lo hacen sus protagonistas.\n    <\/p>\n<p class=\"article-text\">\n        <em>La casa de los esp\u00edritus<\/em> comienza a principios del siglo XX y se extiende a lo largo de cuatro generaciones. Esteban Trueba y Clara del Valle son el hilo conductor de la trama. \u00c9l es un machista decidido a triunfar en el mundo de los negocios, y ella una dulce joven acomodada que tiene cierta sensibilidad para comunicarse con lo sobrenatural. Parece que no hay nada que les una. Nada salvo el matrimonio, que no es poco.\n    <\/p>\n<p class=\"article-text\">\n        <strong>\u201cEsteban Trueba representa la pol\u00edtica latinoamericana, la polarizaci\u00f3n que existe en la regi\u00f3n y en el mundo, la injusticia, el desequilibrio y la falta de empat\u00eda\u201d<\/strong>, expone Alfonso Herrera, el actor que le da vida en la nueva serie de Prime Video. \u201cHay que no juzgar al personaje para poder interpretarlo. Hay que entender de d\u00f3nde vienen esas carencias para ver por qu\u00e9 detona de esa forma\u201d, a\u00f1ade durante su charla con <a href=\"https:\/\/www.eldiario.es\/vertele\/\" target=\"_blank\" data-mrf-recirculation=\"links-noticia\" class=\"link\"><strong>verTele<\/strong><\/a>.\n    <\/p>\n<figure class=\"ni-figure\">\n<picture class=\"news-image\">\n                                    <!--[if IE 9]>\n                <video style=\"display: none;\"><![endif]--><source media=\"(max-width: 576px)\" type=\"image\/webp\" srcset=\"https:\/\/static.eldiario.es\/clip\/4ee1acbb-1c67-42f8-a05e-cb628f0598c9_16-9-discover-aspect-ratio_50p_0.webp\"><source media=\"(max-width: 576px)\" type=\"image\/jpg\" srcset=\"https:\/\/static.eldiario.es\/clip\/4ee1acbb-1c67-42f8-a05e-cb628f0598c9_16-9-discover-aspect-ratio_50p_0.jpg\"><source media=\"(max-width: 767px)\" type=\"image\/webp\" srcset=\"https:\/\/static.eldiario.es\/clip\/4ee1acbb-1c67-42f8-a05e-cb628f0598c9_16-9-discover-aspect-ratio_75p_0.webp\"><source media=\"(max-width: 767px)\" type=\"image\/jpg\" srcset=\"https:\/\/static.eldiario.es\/clip\/4ee1acbb-1c67-42f8-a05e-cb628f0598c9_16-9-discover-aspect-ratio_75p_0.jpg\"><source type=\"image\/webp\" srcset=\"https:\/\/static.eldiario.es\/clip\/4ee1acbb-1c67-42f8-a05e-cb628f0598c9_16-9-discover-aspect-ratio_default_0.webp\"><source type=\"image\/jpg\" srcset=\"https:\/\/static.eldiario.es\/clip\/4ee1acbb-1c67-42f8-a05e-cb628f0598c9_16-9-discover-aspect-ratio_default_0.jpg\"><!--[if IE 9]><\/video><![endif]--><\/p>\n<p>                <img decoding=\"async\" src=\"https:\/\/static.eldiario.es\/clip\/4ee1acbb-1c67-42f8-a05e-cb628f0598c9_16-9-discover-aspect-ratio_default_0.jpg\" alt=\"Nicole Wallace y Alfonso Herrera en una imagen de 'La casa de los esp\u00edritus'\"><\/p>\n<\/picture><figcaption class=\"image-footer\">\n            <span class=\"title\"><br \/>\n                Nicole Wallace y Alfonso Herrera en una imagen de &#8216;La casa de los esp\u00edritus&#8217;                            <\/span><br \/>\n                                    <\/figcaption><\/figure>\n<p class=\"article-text\">\n        Son las mujeres quienes aportan el equilibrio necesario en una historia de injusticias y desigualdades. Suya es la mirada sensible que nos hace creer que un mundo mejor es posible. Un mundo sin patriarcado y sin el abuso de los ricos sobre los pobres.\n    <\/p>\n<p class=\"article-text\">\n        <strong>\u201cMi madre siempre me ha dicho que los derechos se consiguen con una lucha generacional y se pueden perder en un solo d\u00eda. Tristemente, ahora nos estamos dando una hostia de realidad\u201d<\/strong>, lamenta Nicole Wallace, que se disculpa por utilizar palabras gruesas para describir la situaci\u00f3n que le rodea: \u201cEn mi generaci\u00f3n hay mucha gente que da por hecho que no hay nada por lo que luchar. Ojal\u00e1 esta serie haga de espejo, de reflexi\u00f3n, porque es una historia que, aun siendo latinoamericana, podr\u00eda pasar en cualquier momento en cualquier pa\u00eds. No estamos tan lejos de ellos\u201d, advierte.\n    <\/p>\n<p class=\"article-text\">\n        Consciente de que la ola reaccionaria sacude al mundo de punta a punta, Wallace, a sus 24 a\u00f1os, cree que es necesario que \u201cnos volvamos un poco m\u00e1s activas y revolucionarias para tomar las riendas otra vez de nuestra historia\u201d. Todo es pol\u00edtica y cada gesto tiene trascendencia. Incluso devolver el acento latino a <em>La casa de los esp\u00edritus<\/em> es un acto de soberan\u00eda, dice Alfonso Herrera: <strong>\u201cMe parece muy loable que una serie de estas caracter\u00edsticas sea hablada en espa\u00f1ol y que en el norte lean subt\u00edtulos. Eso es algo disruptivo y fant\u00e1stico\u201d.<\/strong>\n    <\/p>\n<figure class=\"embed-container embed-container--type-youtube ratio\">\n<p><script src=\"https:\/\/www.youtube.com\/iframe_api\"><\/script><br \/>\n<script type=\"module\">\n    window.marfeel.cmd.push(['multimedia', function(multimedia) {\n        multimedia.initializeItem('yt-B19-RLOL1c4-6443', 'youtube', 'B19-RLOL1c4', document.getElementById('yt-B19-RLOL1c4-6443'));\n    }]);\n<\/script><\/p>\n<p><iframe id=\"yt-B19-RLOL1c4-6443\" src=\"https:\/\/www.youtube.com\/embed\/B19-RLOL1c4?enablejsapi=1\" frameborder=\"0\"><\/iframe><br \/>\n            <\/figure>\n<\/div>\n","protected":false},"excerpt":{"rendered":"<p>Prime Video estren\u00f3 el pasado 29 de abril &#8216;La casa de los esp\u00edritus&#8217;, la serie basada en la novela hom\u00f3nima de Isabel Allende. Es la segunda adaptaci\u00f3n del libro, esta vez \u00abbendecida\u00bb por la escritora, y viene a corregir los fallos de la pel\u00edcula que se film\u00f3 en 1993 bajo el paraguas de Hollywood. verTele [&hellip;]<\/p>\n","protected":false},"author":1,"featured_media":0,"comment_status":"closed","ping_status":"open","sticky":false,"template":"","format":"standard","meta":{"_et_pb_use_builder":"","_et_pb_old_content":"","_et_gb_content_width":"","footnotes":""},"categories":[6],"tags":[],"class_list":["post-203333","post","type-post","status-publish","format-standard","hentry","category-tv"],"_links":{"self":[{"href":"https:\/\/otraronda.xyz\/rock\/wp-json\/wp\/v2\/posts\/203333","targetHints":{"allow":["GET"]}}],"collection":[{"href":"https:\/\/otraronda.xyz\/rock\/wp-json\/wp\/v2\/posts"}],"about":[{"href":"https:\/\/otraronda.xyz\/rock\/wp-json\/wp\/v2\/types\/post"}],"author":[{"embeddable":true,"href":"https:\/\/otraronda.xyz\/rock\/wp-json\/wp\/v2\/users\/1"}],"replies":[{"embeddable":true,"href":"https:\/\/otraronda.xyz\/rock\/wp-json\/wp\/v2\/comments?post=203333"}],"version-history":[{"count":0,"href":"https:\/\/otraronda.xyz\/rock\/wp-json\/wp\/v2\/posts\/203333\/revisions"}],"wp:attachment":[{"href":"https:\/\/otraronda.xyz\/rock\/wp-json\/wp\/v2\/media?parent=203333"}],"wp:term":[{"taxonomy":"category","embeddable":true,"href":"https:\/\/otraronda.xyz\/rock\/wp-json\/wp\/v2\/categories?post=203333"},{"taxonomy":"post_tag","embeddable":true,"href":"https:\/\/otraronda.xyz\/rock\/wp-json\/wp\/v2\/tags?post=203333"}],"curies":[{"name":"wp","href":"https:\/\/api.w.org\/{rel}","templated":true}]}}