{"id":203331,"date":"2026-05-02T12:01:48","date_gmt":"2026-05-02T10:01:48","guid":{"rendered":"https:\/\/otraronda.xyz\/rock\/el-diario-de-jon-y-de-juan-en-el-mono-vk-4\/"},"modified":"2026-05-02T12:01:48","modified_gmt":"2026-05-02T10:01:48","slug":"el-diario-de-jon-y-de-juan-en-el-mono-vk-4","status":"publish","type":"post","link":"https:\/\/otraronda.xyz\/rock\/el-diario-de-jon-y-de-juan-en-el-mono-vk-4\/","title":{"rendered":"\u00abEl diario de Jon\u2026 y de Juan\u00bb en \u2018El Mono VK\u2019 (4)"},"content":{"rendered":"<div>\n<p><img width=\"615\" height=\"364\" src=\"https:\/\/losmejoresrock.com\/wp-content\/uploads\/2026\/05\/eldiariodejonydejuan-elmonovk-4.jpg\" class=\"attachment-post-thumbnail size-post-thumbnail wp-post-image\" alt=\"\" decoding=\"async\" fetchpriority=\"high\" srcset=\"https:\/\/i0.wp.com\/losmejoresrock.com\/wp-content\/uploads\/2026\/05\/eldiariodejonydejuan-elmonovk-4.jpg?w=615&amp;ssl=1 615w, https:\/\/i0.wp.com\/losmejoresrock.com\/wp-content\/uploads\/2026\/05\/eldiariodejonydejuan-elmonovk-4.jpg?resize=300%2C178&amp;ssl=1 300w\" sizes=\"(max-width: 615px) 100vw, 615px\" data-attachment-id=\"51060\" data-permalink=\"https:\/\/losmejoresrock.com\/el-diario-de-jon-y-de-juan-en-el-mono-vk-4\/eldiariodejonydejuan-elmonovk-4\/\" data-orig-file=\"https:\/\/i0.wp.com\/losmejoresrock.com\/wp-content\/uploads\/2026\/05\/eldiariodejonydejuan-elmonovk-4.jpg?fit=615%2C364&amp;ssl=1\" data-orig-size=\"615,364\" data-comments-opened=\"0\" data-image-meta='{\"aperture\":\"0\",\"credit\":\"\",\"camera\":\"\",\"caption\":\"\",\"created_timestamp\":\"0\",\"copyright\":\"\",\"focal_length\":\"0\",\"iso\":\"0\",\"shutter_speed\":\"0\",\"title\":\"\",\"orientation\":\"1\"}' data-image-title=\"eldiariodejonydejuan-elmonovk-4\" data-image-description=\"\" data-image-caption=\"\" data-large-file=\"https:\/\/i0.wp.com\/losmejoresrock.com\/wp-content\/uploads\/2026\/05\/eldiariodejonydejuan-elmonovk-4.jpg?fit=615%2C364&amp;ssl=1\"><\/p>\n<p class=\"has-medium-font-size\">Nueva entrega de la secci\u00f3n <strong>\u00ab<a href=\"https:\/\/losmejoresrock.com\/el-diario-de-jon-el-antecedente\/\" target=\"_blank\" rel=\"noreferrer noopener\">El diario de Jon<\/a>\u00bb <\/strong>que, como ya sab\u00e9is los habituales lectores, ampl\u00eda su nombre y gana en conversaci\u00f3n con <strong><a href=\"https:\/\/www.facebook.com\/ElMonoVK\" target=\"_blank\" rel=\"noreferrer noopener\">Juan Ramallo<\/a><\/strong>, responsable del pub <strong>\u2018El Mono VK\u2019\u00a0<\/strong>(calle Arroyo del Olivar, 52; Madrid), donde grabamos estas piezas visuales.\u00a0<\/p>\n<p class=\"has-medium-font-size\">De vez en cuando nos reunimos para hablar de\u2026 \u00a1lo que nos da la gana!, o sea, recomendamos grupos, contamos noticias, an\u00e9cdotas, cotilleos y otras locuras sin mucho guion. \u00a1Ah!, y est\u00e1is invitados: si eres cliente de\u00a0<a href=\"https:\/\/www.instagram.com\/elmonovk\/\" target=\"_blank\" rel=\"noreferrer noopener\">El Mono VK<\/a>, amigo de Jon (si le queda alguno) o de Juan (que s\u00ed tiene muchos), m\u00fasico, representante, promotor\u2026 \u00a1te esperamos para charlar con nosotros!<\/p>\n<p class=\"has-medium-font-size\">En esta ocasi\u00f3n nos acompa\u00f1aron <strong>Paco Manj\u00f3n<\/strong>, responsable junto a nuestro Leo Cebri\u00e1n del proyecto \u201c<a href=\"https:\/\/www.instagram.com\/sonelectricas\/\" target=\"_blank\" rel=\"noreferrer noopener\">Ellas son el\u00e9ctricas<\/a>\u201d, y <strong>Gerard<\/strong>, amigo y cliente habitual del pub. Dimos noticias comentadas de <strong><a href=\"https:\/\/www.taquilla.com\/entradas\/the-big-4-trib-metallica-slayer-megadeth-anthrax?t10id=1261\" target=\"_blank\" rel=\"noreferrer noopener\">Megadeth<\/a><\/strong> y <strong>The Knack<\/strong>, hablamos del reciente concierto que <strong>Saxon<\/strong> realiz\u00f3 en Madrid, mencionamos y recomendamos a grupos como <strong>4 Bajo Zero, Tab\u00fc, Retador, Ra\u00fal Cabra y la Sukyband, Nurcry, Hitten, Percutor<\/strong>\u2026 \u00a0adem\u00e1s de recordar que en <em>El Mono VK<\/em> se est\u00e1n celebrando <a href=\"https:\/\/losmejoresrock.com\/stand-up-comedy-en-el-mono-vk-todos-los-miercoles\/\" target=\"_blank\" rel=\"noreferrer noopener\">noches de comedia<\/a> (los mi\u00e9rcoles), de\u00a0<a href=\"https:\/\/losmejoresrock.com\/en-el-mono-vk-desde-hoy-proyeccion-de-peliculas-de-serie-b-y-z-todos-los-jueves\/\" target=\"_blank\" rel=\"noreferrer noopener\">cine de serie B y Z<\/a>\u00a0(los jueves) y jornadas de <em><a href=\"https:\/\/losmejoresrock.com\/micro-abierto-todos-los-domingos-en-el-mono-vk\/\" target=\"_blank\" rel=\"noreferrer noopener\">micro abierto<\/a><\/em> (los domingos).<\/p>\n<p class=\"has-medium-font-size\">Disfruta el v\u00eddeo y recuerda que esta secci\u00f3n solemos grabarla los jueves sobre las 17 h. Si quieres participar, est\u00e1s invitado, tan f\u00e1cil como pasarte por la <em>taberna rockera<\/em> de Vallecas en ese momento.<\/p>\n<hr class=\"wp-block-separator has-alpha-channel-opacity\">\n<figure class=\"wp-block-embed is-type-video is-provider-youtube wp-block-embed-youtube wp-embed-aspect-16-9 wp-has-aspect-ratio\">\n<div class=\"wp-block-embed__wrapper\">\n<iframe loading=\"lazy\" class=\"youtube-player\" width=\"1140\" height=\"642\" src=\"https:\/\/www.youtube.com\/embed\/__f2eHSP95c?version=3&amp;rel=1&amp;showsearch=0&amp;showinfo=1&amp;iv_load_policy=1&amp;fs=1&amp;hl=es-ES&amp;autohide=2&amp;wmode=transparent\" allowfullscreen=\"true\" style=\"border:0;\" sandbox=\"allow-scripts allow-same-origin allow-popups allow-presentation allow-popups-to-escape-sandbox\"><\/iframe>\n<\/div>\n<\/figure>\n<hr class=\"wp-block-separator has-alpha-channel-opacity\">\n<\/div>\n","protected":false},"excerpt":{"rendered":"<p>Nueva entrega de la secci\u00f3n \u00abEl diario de Jon\u00bb que, como ya sab\u00e9is los habituales lectores, ampl\u00eda su nombre y gana en conversaci\u00f3n con Juan Ramallo, responsable del pub \u2018El Mono VK\u2019\u00a0(calle Arroyo del Olivar, 52; Madrid), donde grabamos estas piezas visuales.\u00a0 De vez en cuando nos reunimos para hablar de\u2026 \u00a1lo que nos da [&hellip;]<\/p>\n","protected":false},"author":1,"featured_media":0,"comment_status":"closed","ping_status":"open","sticky":false,"template":"","format":"standard","meta":{"_et_pb_use_builder":"","_et_pb_old_content":"","_et_gb_content_width":"","footnotes":""},"categories":[2],"tags":[],"class_list":["post-203331","post","type-post","status-publish","format-standard","hentry","category-musica-noticias"],"_links":{"self":[{"href":"https:\/\/otraronda.xyz\/rock\/wp-json\/wp\/v2\/posts\/203331","targetHints":{"allow":["GET"]}}],"collection":[{"href":"https:\/\/otraronda.xyz\/rock\/wp-json\/wp\/v2\/posts"}],"about":[{"href":"https:\/\/otraronda.xyz\/rock\/wp-json\/wp\/v2\/types\/post"}],"author":[{"embeddable":true,"href":"https:\/\/otraronda.xyz\/rock\/wp-json\/wp\/v2\/users\/1"}],"replies":[{"embeddable":true,"href":"https:\/\/otraronda.xyz\/rock\/wp-json\/wp\/v2\/comments?post=203331"}],"version-history":[{"count":0,"href":"https:\/\/otraronda.xyz\/rock\/wp-json\/wp\/v2\/posts\/203331\/revisions"}],"wp:attachment":[{"href":"https:\/\/otraronda.xyz\/rock\/wp-json\/wp\/v2\/media?parent=203331"}],"wp:term":[{"taxonomy":"category","embeddable":true,"href":"https:\/\/otraronda.xyz\/rock\/wp-json\/wp\/v2\/categories?post=203331"},{"taxonomy":"post_tag","embeddable":true,"href":"https:\/\/otraronda.xyz\/rock\/wp-json\/wp\/v2\/tags?post=203331"}],"curies":[{"name":"wp","href":"https:\/\/api.w.org\/{rel}","templated":true}]}}