{"id":203258,"date":"2026-05-01T06:17:09","date_gmt":"2026-05-01T04:17:09","guid":{"rendered":"https:\/\/otraronda.xyz\/rock\/deberia-darte-verguenza-disney-evangeline-lilly-explota-y-critica-los-despidos-en-marvel-para-ser-sustituidos-por-inteligencia-artificial\/"},"modified":"2026-05-01T06:17:09","modified_gmt":"2026-05-01T04:17:09","slug":"deberia-darte-verguenza-disney-evangeline-lilly-explota-y-critica-los-despidos-en-marvel-para-ser-sustituidos-por-inteligencia-artificial","status":"publish","type":"post","link":"https:\/\/otraronda.xyz\/rock\/deberia-darte-verguenza-disney-evangeline-lilly-explota-y-critica-los-despidos-en-marvel-para-ser-sustituidos-por-inteligencia-artificial\/","title":{"rendered":"\u00abDeber\u00eda darte verg\u00fcenza, Disney\u00bb. Evangeline Lilly explota y critica los despidos en Marvel para ser sustituidos por inteligencia artificial"},"content":{"rendered":"<div>\n<p>\n      <img decoding=\"async\" src=\"https:\/\/i.blogs.es\/edf78a\/evangeline-lilly-explains-ant-ma\/1024_2000.jpeg\" alt='\"Deber\u00eda darte verg\u00fcenza, Disney\". Evangeline Lilly explota y critica los despidos en Marvel para ser sustituidos por inteligencia artificial '>\n    <\/p>\n<p>Disney nos sorprendi\u00f3 al anunciar hace unos d\u00edas <a class=\"text-outboundlink\" href=\"https:\/\/www.vidaextra.com\/cine\/terremoto-ucm-disney-realiza-oleada-masiva-despidos-compania-se-carga-chasquido-al-departamento-desarrollo-visual-marvel-studios\" data-vars-post-title=\"Terremoto en el UCM: Disney realiza una oleada masiva de despidos en la compa\u00f1\u00eda y se carga de un chasquido al departamento de desarrollo visual de Marvel Studios \" data-vars-post-url=\"https:\/\/www.vidaextra.com\/cine\/terremoto-ucm-disney-realiza-oleada-masiva-despidos-compania-se-carga-chasquido-al-departamento-desarrollo-visual-marvel-studios\">una oleada masiva de despidos<\/a> que iba a afectar principalmente al departamento <strong>Marvel Studio<\/strong>s. Ahora la actriz <strong>Evangeline Lilly<\/strong>, que da vida a Avispa <a class=\"text-outboundlink\" href=\"https:\/\/www.espinof.com\/listas\/marvel-que-orden-conviene-ver-todas-peliculas-superheroes-mcu\" data-vars-post-title=\"Cronolog\u00eda Marvel - Orden definitivo para ver las pel\u00edculas y series del Universo Marvel\" data-vars-post-url=\"https:\/\/www.espinof.com\/listas\/marvel-que-orden-conviene-ver-todas-peliculas-superheroes-mcu\">en el UCM<\/a>, ha explotado y ha criticado a Disney por tomar esa decisi\u00f3n con el aparente objetivo de sustituirlos a todos con el uso de la inteligencia artificial.<\/p>\n<p><!-- BREAK 1 --><\/p>\n<p>La int\u00e9rprete se ha pronunciado al respecto a trav\u00e9s de un mensaje <a rel=\"noopener, noreferrer\" href=\"https:\/\/www.instagram.com\/p\/DXuuTDNkld7\/\">en su cuenta de Instagram<\/a>, donde comenta que \u00ab<strong><em>deber\u00eda darte verg\u00fcenza, Disney<\/em><\/strong><em>. Por darle la espalda a las personas que construyeron el poder que ahora est\u00e1s usando para desecharlas<\/em>\u00ab, a\u00f1adiendo que \u00ab<em>a<\/em><em>rtistas que dise\u00f1aron y dieron vida a los d\u00edas de gloria de Marvel&#8230; Os aplaudo. Estuve all\u00ed. S\u00e9 lo que hicisteis. S\u00e9 con qu\u00e9 pasi\u00f3n trabajaron d\u00eda y noche para que la magia sucediera. Vosotros sois los magos, sin importar c\u00f3mo lo presenten los Magos de nuestro nuevo Oz en el futuro. Jam\u00e1s os olvidar\u00e9<\/em>\u00ab.<\/p>\n<p><!-- BREAK 2 --><\/p>\n<h2>\u00abMe parece repugnante y horrible\u00bb<\/h2>\n<div class=\"article-asset-video article-asset-large article-asset-center\">\n<div class=\"asset-content\">\n<div class=\"base-asset-video\">\n<div class=\"js-dailymotion\">\n    <script type=\"application\/json\">\n                          {\"videoId\":\"x9wqb3m\",\"autoplay\":true,\"title\":\"&#039;Vengadores: Doomsday&#039;, nuevo tr\u00e1iler\", \"tag\":\"Vengadores: Doomsday\", \"duration\":\"82\"}\n                  <\/script>\n   <\/div>\n<\/p><\/div>\n<\/p><\/div>\n<\/div>\n<p>Lilly tambi\u00e9n se queja de la situaci\u00f3n actual se\u00f1alando que \u00ab<em>\u00bfd\u00f3nde est\u00e1n las leyes que ELIMINAN todo el arte humano del banco de IA? \u00bfPor qu\u00e9 pueden robar nuestro talento y usarlo para enriquecer a los ejecutivos mientras los artistas responsables de alimentar a sus robots pasan hambre? \u00a1Qu\u00e9 asco!<\/em>\u00ab. Es evidente que no est\u00e1 para nada de acuerdo con <strong>Sandra Bullock<\/strong> <a class=\"text-outboundlink\" href=\"https:\/\/www.espinof.com\/actores-y-actrices\/tenemos-que-usarla-sandra-bullock-se-posiciona-a-favor-utilizar-inteligencia-artificial-cine-television\" data-vars-post-title='\"Tenemos que usarla\". Sandra Bullock se posiciona a favor de utilizar la inteligencia artificial en el cine y la televisi\u00f3n' data-vars-post-url=\"https:\/\/www.espinof.com\/actores-y-actrices\/tenemos-que-usarla-sandra-bullock-se-posiciona-a-favor-utilizar-inteligencia-artificial-cine-television\">sobre la necesidad de usar esta tecnolog\u00eda<\/a>&#8230;<\/p>\n<p><!-- BREAK 3 --><\/p>\n<p>Y es que tras enterarse de que los despidos eran reales, Lilly no tard\u00f3 en posicionarse: \u00ab<strong><em>No puedo creer que Disney haya despedido a los artistas que dieron vida al actual Universo Marvel con su imaginaci\u00f3n y su genialidad<\/em><\/strong><em>. Que las personas que inventaron y dise\u00f1aron estos personajes est\u00e9n siendo reemplazadas por inteligencia artificial. Una IA que tomar\u00e1 sus dise\u00f1os y lo que esos artistas crearon, y lo utilizar\u00e1 para crear nuevas versiones<\/em>\u00ab.<\/p>\n<div class=\"article-asset article-asset-normal article-asset-center\">\n<div class=\"desvio-container\">\n<div class=\"desvio\">\n<div class=\"desvio-figure js-desvio-figure\">\n    <a href=\"https:\/\/www.espinof.com\/proyectos\/ryan-reynolds-da-buenas-malas-noticias-a-fans-deadpool-su-futuro-personaje-secundario\" class=\"pivot-outboundlink\" data-vars-post-title='Adi\u00f3s a Deadpool como protagonista. Ryan Reynolds confirma el regreso del personaje de Marvel pero tiene claro que funciona mejor \"en un grupo\"'><br \/>\n     <img loading=\"lazy\" decoding=\"async\" alt='Adi\u00f3s a Deadpool como protagonista. Ryan Reynolds confirma el regreso del personaje de Marvel pero tiene claro que funciona mejor \"en un grupo\"' width=\"375\" height=\"142\" src=\"https:\/\/i.blogs.es\/e6626f\/dp\/375_142.jpeg\"><br \/>\n    <\/a>\n   <\/div>\n<div class=\"desvio-summary\">\n<div class=\"desvio-taxonomy js-desvio-taxonomy\">\n     <a href=\"https:\/\/www.espinof.com\/proyectos\/ryan-reynolds-da-buenas-malas-noticias-a-fans-deadpool-su-futuro-personaje-secundario\" class=\"desvio-taxonomy-anchor pivot-outboundlink\" data-vars-post-title='Adi\u00f3s a Deadpool como protagonista. Ryan Reynolds confirma el regreso del personaje de Marvel pero tiene claro que funciona mejor \"en un grupo\"'>En Espinof<\/a>\n    <\/div>\n<p>    <a href=\"https:\/\/www.espinof.com\/proyectos\/ryan-reynolds-da-buenas-malas-noticias-a-fans-deadpool-su-futuro-personaje-secundario\" class=\"desvio-title js-desvio-title pivot-outboundlink\" data-vars-post-title='Adi\u00f3s a Deadpool como protagonista. Ryan Reynolds confirma el regreso del personaje de Marvel pero tiene claro que funciona mejor \"en un grupo\"'>Adi\u00f3s a Deadpool como protagonista. Ryan Reynolds confirma el regreso del personaje de Marvel pero tiene claro que funciona mejor \u00aben un grupo\u00bb<\/a>\n   <\/div>\n<\/p><\/div>\n<\/p><\/div>\n<\/div>\n<p>Adem\u00e1s, la actriz a\u00f1ade que al enterarse de la noticia se puso en contacto con <strong>Andy Park<\/strong>, quien cre\u00f3 su traje de Avispa, y tiene un recordatorio especial para \u00e9l: \u00ab<em>Lo siento much\u00edsimo, Andy, y lo siento much\u00edsimo por todos y cada uno de los 1000 artistas que Disney despidi\u00f3, y en particular por todo el equipo de Marvel, que ahora se considera obsoleto despu\u00e9s de haber construido el imperio Marvel<\/em>\u00ab. De hecho, alab\u00f3 su trabajo y se mostr\u00f3 espantada ante lo que se viene: \u00ab<em>son <\/em><em>creaciones humanas, y no deber\u00edan ser robadas por gigantes tecnol\u00f3gicos para que sus robots las repliquen. <\/em><strong><em>Me parece repugnante y horrible<\/em><\/strong><em>, y apoyo a todos los artistas y a Andy<\/em>\u00ab.<\/p>\n<p><!-- BREAK 4 --><\/p>\n<p>Algo me dice que en Disney no van a estar nada contentos con estas declaraciones, por lo que <strong>veremos si afecta de alguna forma a la continuidad de Lilly en el Universo Cinematogr\u00e1fico de Marvel.<\/strong><\/p>\n<p><!-- BREAK 5 --><\/p>\n<p>En Espinof | <a class=\"text-outboundlink\" href=\"https:\/\/www.espinof.com\/listas\/8-peliculas-marvel-aclamadas-critica\" data-vars-post-title=\"Las 8 pel\u00edculas de Marvel m\u00e1s aclamadas por la cr\u00edtica\" data-vars-post-url=\"https:\/\/www.espinof.com\/listas\/8-peliculas-marvel-aclamadas-critica\">Las 8 pel\u00edculas de Marvel m\u00e1s aclamadas por la cr\u00edtica<\/a><\/p>\n<p>En Espinof |<strong> <\/strong><a class=\"text-outboundlink\" href=\"https:\/\/www.espinof.com\/listas\/peliculas-esperadas-2026\" data-vars-post-title=\"Las 44 pel\u00edculas m\u00e1s esperadas de 2026 y los mejores estrenos del a\u00f1o: 'Dune 3', 'Torrente 6', 'Vengadores Doomsday', el regreso de Star Wars, 'La odisea' y muchas m\u00e1s\" data-vars-post-url=\"https:\/\/www.espinof.com\/listas\/peliculas-esperadas-2026\">Las 44 pel\u00edculas m\u00e1s esperadas de 2026 y los mejores estrenos del a\u00f1o: &#8216;Dune 3&#8217;, &#8216;Torrente 6&#8217;, &#8216;Vengadores Doomsday&#8217;, el regreso de Star Wars, &#8216;La odisea&#8217; y muchas m\u00e1s<\/a><\/p>\n<p><!-- BREAK 6 --><\/p>\n<p><\/p>\n<p><script>\n (function() {\n  window._JS_MODULES = window._JS_MODULES || {};\n  var headElement = document.getElementsByTagName('head')[0];\n  if (_JS_MODULES.instagram) {\n   var instagramScript = document.createElement('script');\n   instagramScript.src = 'https:\/\/platform.instagram.com\/en_US\/embeds.js';\n   instagramScript.async = true;\n   instagramScript.defer = true;\n   headElement.appendChild(instagramScript);\n  }\n })();\n<\/script><\/p>\n<p> &#8211; <br \/> La noticia<br \/>\n      <a href=\"https:\/\/www.espinof.com\/actores-y-actrices\/deberia-darte-verguenza-disney-evangeline-lilly-explota-critica-despidos-marvel-para-ser-sustituidos-inteligencia-artificial?utm_source=feedburner&amp;utm_medium=feed&amp;utm_campaign=01_May_2026\"><br \/>\n       <em> \u00abDeber\u00eda darte verg\u00fcenza, Disney\u00bb. Evangeline Lilly explota y critica los despidos en Marvel para ser sustituidos por inteligencia artificial  <\/em><br \/>\n      <\/a><br \/>\n      fue publicada originalmente en<br \/>\n      <a href=\"https:\/\/www.espinof.com\/?utm_source=feedburner&amp;utm_medium=feed&amp;utm_campaign=01_May_2026\"><br \/>\n       <strong> Espinof <\/strong><br \/>\n      <\/a><br \/>\n             por<br \/>\n               <a href=\"https:\/\/www.espinof.com\/autor\/mikel-zorrilla?utm_source=feedburner&amp;utm_medium=feed&amp;utm_campaign=01_May_2026\"><br \/>\n        Mikel Zorrilla<br \/>\n        <\/a><br \/>\n             . <\/p>\n<\/div>\n","protected":false},"excerpt":{"rendered":"<p>Disney nos sorprendi\u00f3 al anunciar hace unos d\u00edas una oleada masiva de despidos que iba a afectar principalmente al departamento Marvel Studios. Ahora la actriz Evangeline Lilly, que da vida a Avispa en el UCM, ha explotado y ha criticado a Disney por tomar esa decisi\u00f3n con el aparente objetivo de sustituirlos a todos con [&hellip;]<\/p>\n","protected":false},"author":1,"featured_media":0,"comment_status":"closed","ping_status":"open","sticky":false,"template":"","format":"standard","meta":{"_et_pb_use_builder":"","_et_pb_old_content":"","_et_gb_content_width":"","footnotes":""},"categories":[6],"tags":[],"class_list":["post-203258","post","type-post","status-publish","format-standard","hentry","category-tv"],"_links":{"self":[{"href":"https:\/\/otraronda.xyz\/rock\/wp-json\/wp\/v2\/posts\/203258","targetHints":{"allow":["GET"]}}],"collection":[{"href":"https:\/\/otraronda.xyz\/rock\/wp-json\/wp\/v2\/posts"}],"about":[{"href":"https:\/\/otraronda.xyz\/rock\/wp-json\/wp\/v2\/types\/post"}],"author":[{"embeddable":true,"href":"https:\/\/otraronda.xyz\/rock\/wp-json\/wp\/v2\/users\/1"}],"replies":[{"embeddable":true,"href":"https:\/\/otraronda.xyz\/rock\/wp-json\/wp\/v2\/comments?post=203258"}],"version-history":[{"count":0,"href":"https:\/\/otraronda.xyz\/rock\/wp-json\/wp\/v2\/posts\/203258\/revisions"}],"wp:attachment":[{"href":"https:\/\/otraronda.xyz\/rock\/wp-json\/wp\/v2\/media?parent=203258"}],"wp:term":[{"taxonomy":"category","embeddable":true,"href":"https:\/\/otraronda.xyz\/rock\/wp-json\/wp\/v2\/categories?post=203258"},{"taxonomy":"post_tag","embeddable":true,"href":"https:\/\/otraronda.xyz\/rock\/wp-json\/wp\/v2\/tags?post=203258"}],"curies":[{"name":"wp","href":"https:\/\/api.w.org\/{rel}","templated":true}]}}