{"id":203131,"date":"2026-04-30T11:48:45","date_gmt":"2026-04-30T09:48:45","guid":{"rendered":"https:\/\/otraronda.xyz\/rock\/radar-madrid-la-industria-musical-busca-en-la-capital-su-propio-circuito-de-f1\/"},"modified":"2026-04-30T11:48:45","modified_gmt":"2026-04-30T09:48:45","slug":"radar-madrid-la-industria-musical-busca-en-la-capital-su-propio-circuito-de-f1","status":"publish","type":"post","link":"https:\/\/otraronda.xyz\/rock\/radar-madrid-la-industria-musical-busca-en-la-capital-su-propio-circuito-de-f1\/","title":{"rendered":"Radar Madrid: la industria musical busca en la capital su propio circuito de F1"},"content":{"rendered":"<div>\n<p><img width=\"500\" height=\"225\" src=\"https:\/\/losmejoresrock.com\/wp-content\/uploads\/2026\/04\/Radar-Madrid.jpg\" class=\"attachment-post-thumbnail size-post-thumbnail wp-post-image\" alt=\"\" decoding=\"async\" fetchpriority=\"high\" srcset=\"https:\/\/i0.wp.com\/losmejoresrock.com\/wp-content\/uploads\/2026\/04\/Radar-Madrid.jpg?w=500&amp;ssl=1 500w, https:\/\/i0.wp.com\/losmejoresrock.com\/wp-content\/uploads\/2026\/04\/Radar-Madrid.jpg?resize=300%2C135&amp;ssl=1 300w, https:\/\/i0.wp.com\/losmejoresrock.com\/wp-content\/uploads\/2026\/04\/Radar-Madrid.jpg?resize=165%2C75&amp;ssl=1 165w\" sizes=\"(max-width: 500px) 100vw, 500px\" data-attachment-id=\"51057\" data-permalink=\"https:\/\/losmejoresrock.com\/radar-madrid-la-industria-musical-busca-en-la-capital-su-propio-circuito-de-f1\/radar-madrid\/\" data-orig-file=\"https:\/\/i0.wp.com\/losmejoresrock.com\/wp-content\/uploads\/2026\/04\/Radar-Madrid.jpg?fit=500%2C225&amp;ssl=1\" data-orig-size=\"500,225\" data-comments-opened=\"0\" data-image-meta='{\"aperture\":\"0\",\"credit\":\"\",\"camera\":\"\",\"caption\":\"\",\"created_timestamp\":\"0\",\"copyright\":\"\",\"focal_length\":\"0\",\"iso\":\"0\",\"shutter_speed\":\"0\",\"title\":\"\",\"orientation\":\"0\"}' data-image-title=\"Radar Madrid\" data-image-description=\"\" data-image-caption=\"\" data-large-file=\"https:\/\/i0.wp.com\/losmejoresrock.com\/wp-content\/uploads\/2026\/04\/Radar-Madrid.jpg?fit=500%2C225&amp;ssl=1\"><\/p>\n<p>El pasado martes 28 de abril tuvo lugar la presentaci\u00f3n de Radar Madrid, una marca que de buenas a primeras se puede confundir con otra muy similar, Radar Joven, que es el ciclo de la Comunidad de Madrid que potencia las actuaciones de los grupos emergentes. Una vez aclarada esta confusi\u00f3n nominal, nos encontramos ante un autodenominado \u201cnuevo mercado musical para internacionalizar el talento espa\u00f1ol\u201d, que trata de aprovechar el buen momento de la m\u00fasica interpretada en castellano -entendido \u00e9sta como Bad Bunny, Rosal\u00eda o Shakira, por poner tres ejemplos-.<\/p>\n<p>El evento tuvo lugar en el UMusic Hotel, que es precisamente uno de los patrocinadores del concepto. Su ubicaci\u00f3n se corresponde con la del antiguo Teatro Alb\u00e9niz, donde actualmente se representa el musical \u201cCabaret\u201d. En la gala hubo una fuerte representaci\u00f3n pol\u00edtica institucional, dado que la iniciativa cuenta con el refrendo de la CAM y se plantea como una potente oportunidad de negocio e inversi\u00f3n con participaci\u00f3n oficial.<\/p>\n<figure class=\"wp-block-embed is-type-video is-provider-youtube wp-block-embed-youtube wp-embed-aspect-16-9 wp-has-aspect-ratio\">\n<div class=\"wp-block-embed__wrapper\">\n<iframe loading=\"lazy\" class=\"youtube-player\" width=\"1140\" height=\"642\" src=\"https:\/\/www.youtube.com\/embed\/SmTPas31dMM?version=3&amp;rel=1&amp;showsearch=0&amp;showinfo=1&amp;iv_load_policy=1&amp;fs=1&amp;hl=es-ES&amp;autohide=2&amp;wmode=transparent\" allowfullscreen=\"true\" style=\"border:0;\" sandbox=\"allow-scripts allow-same-origin allow-popups allow-presentation allow-popups-to-escape-sandbox\"><\/iframe>\n<\/div>\n<\/figure>\n<div style=\"height:30px\" aria-hidden=\"true\" class=\"wp-block-spacer\"><\/div>\n<p>Radar Madrid se celebrar\u00e1 los d\u00edas 19, 20 y 21 de octubre en el Movistar Arena de la capital, que acoger\u00e1 a m\u00e1s de cincuenta profesionales internacionales, con Estados Unidos como pa\u00eds invitado. Habr\u00e1 todo tipo de reuniones y f\u00f3rmulas de encuentro entre los distintos activos profesionales de la industria, adem\u00e1s de una parte puramente art\u00edstica en forma de conciertos ac\u00fasticos en La Sala del propio Movistar.<\/p>\n<p>Desde el punto de vista de un medio especializado como el nuestro -el \u00fanico de car\u00e1cter rockero presente en la convocatoria-, el proyecto entra en competencia directa con el BIME, la gran marca nacional vinculada al desarrollo de la industria musical. A\u00fan est\u00e1 por ver si habr\u00e1 solapamiento o convivencia de intereses, pero tras la pandemia no son pocos los conglomerados p\u00fablicos y privados que quieren entrar o asentarse en el negocio de la m\u00fasica en directo.<\/p>\n<p><em>Leo Cebri\u00e1n Sanz<\/em><\/p>\n<\/div>\n","protected":false},"excerpt":{"rendered":"<p>El pasado martes 28 de abril tuvo lugar la presentaci\u00f3n de Radar Madrid, una marca que de buenas a primeras se puede confundir con otra muy similar, Radar Joven, que es el ciclo de la Comunidad de Madrid que potencia las actuaciones de los grupos emergentes. Una vez aclarada esta confusi\u00f3n nominal, nos encontramos ante [&hellip;]<\/p>\n","protected":false},"author":1,"featured_media":0,"comment_status":"closed","ping_status":"open","sticky":false,"template":"","format":"standard","meta":{"_et_pb_use_builder":"","_et_pb_old_content":"","_et_gb_content_width":"","footnotes":""},"categories":[2],"tags":[],"class_list":["post-203131","post","type-post","status-publish","format-standard","hentry","category-musica-noticias"],"_links":{"self":[{"href":"https:\/\/otraronda.xyz\/rock\/wp-json\/wp\/v2\/posts\/203131","targetHints":{"allow":["GET"]}}],"collection":[{"href":"https:\/\/otraronda.xyz\/rock\/wp-json\/wp\/v2\/posts"}],"about":[{"href":"https:\/\/otraronda.xyz\/rock\/wp-json\/wp\/v2\/types\/post"}],"author":[{"embeddable":true,"href":"https:\/\/otraronda.xyz\/rock\/wp-json\/wp\/v2\/users\/1"}],"replies":[{"embeddable":true,"href":"https:\/\/otraronda.xyz\/rock\/wp-json\/wp\/v2\/comments?post=203131"}],"version-history":[{"count":0,"href":"https:\/\/otraronda.xyz\/rock\/wp-json\/wp\/v2\/posts\/203131\/revisions"}],"wp:attachment":[{"href":"https:\/\/otraronda.xyz\/rock\/wp-json\/wp\/v2\/media?parent=203131"}],"wp:term":[{"taxonomy":"category","embeddable":true,"href":"https:\/\/otraronda.xyz\/rock\/wp-json\/wp\/v2\/categories?post=203131"},{"taxonomy":"post_tag","embeddable":true,"href":"https:\/\/otraronda.xyz\/rock\/wp-json\/wp\/v2\/tags?post=203131"}],"curies":[{"name":"wp","href":"https:\/\/api.w.org\/{rel}","templated":true}]}}