{"id":203127,"date":"2026-04-30T06:01:54","date_gmt":"2026-04-30T04:01:54","guid":{"rendered":"https:\/\/otraronda.xyz\/rock\/la-noche-de-aimar-llego-a-lasexta-con-un-deseo-rompedor-y-una-charla-profunda-con-juan-diego-botto-sobre-las-extremas-derechas\/"},"modified":"2026-04-30T06:01:54","modified_gmt":"2026-04-30T04:01:54","slug":"la-noche-de-aimar-llego-a-lasexta-con-un-deseo-rompedor-y-una-charla-profunda-con-juan-diego-botto-sobre-las-extremas-derechas","status":"publish","type":"post","link":"https:\/\/otraronda.xyz\/rock\/la-noche-de-aimar-llego-a-lasexta-con-un-deseo-rompedor-y-una-charla-profunda-con-juan-diego-botto-sobre-las-extremas-derechas\/","title":{"rendered":"&#8216;La noche de Aimar&#8217; lleg\u00f3 a laSexta con un deseo \u00abrompedor\u00bb y una charla profunda con Juan Diego Botto sobre las extremas derechas"},"content":{"rendered":"<div>\n<p><img loading=\"lazy\" decoding=\"async\" src=\"https:\/\/static.eldiario.es\/clip\/64d650b8-c8e8-4f4c-9c4e-1b83392db710_16-9-discover-aspect-ratio_default_0.jpg\" width=\"1200\" height=\"675\" alt=\"'La noche de Aimar' lleg\u00f3 a laSexta con un deseo &quot;rompedor&quot; y una charla profunda con Juan Diego Botto sobre las extremas derechas\"><\/p>\n<div class=\"subtitles\">\n<p class=\"subtitle\">Atresmedia estren\u00f3 su programa presentado por Aimar Bretos con su declaraci\u00f3n de intenciones, mucha \u00abinspiraci\u00f3n Quintero\u00bb y profesionales expertos con historias \u00abfascinantes\u00bb<\/p>\n<p class=\"subtitle\">Marc Gir\u00f3 se\u00f1al\u00f3 en &#8216;Cara al Show&#8217; la diferencia entre \u201cser de derechas o izquierdas\u201d y Almod\u00f3var revel\u00f3 qu\u00e9 programa de laSexta ve \u201cfielmente\u201d<\/p>\n<p class=\"subtitle\">Antena 3 anuncia los 12 concursantes famosos de &#8216;La Caja Amarilla&#8217;, su nuevo reality de retos, y desvela su presentador<\/p>\n<\/div>\n<p class=\"article-text\">\n        \u201cVenimos a pedirles algo que en el mundo de hoy suena casi rompedor: venimos a escucharnos con calma\u201d eran las primeras palabras con las que <strong>Aimar Bretos <\/strong>arrancaba el estreno de <em><strong>La noche de Aimar<\/strong><\/em> en <strong>laSexta,<\/strong> este mi\u00e9rcoles 29 de abril.\n    <\/p>\n<p class=\"article-text\">\n        La nueva apuesta de <strong>Atresmedia<\/strong>, producida por <strong>Newtral<\/strong>, desembarc\u00f3 con tanta<strong> \u201cinspiraci\u00f3n de Quintero\u201d<\/strong> &#8211; como hab\u00edan <a href=\"https:\/\/www.eldiario.es\/vertele\/noticias\/lasexta-presenta-la-noche-de-aimar-subidon-bretos-aclara-planes-el-objetivo-de-ana-pastor-soldado_1_13174550.html\" target=\"_blank\" data-mrf-recirculation=\"links-noticia\" class=\"link\">adelantado en la presentaci\u00f3n<\/a>&#8211; que su esencia parec\u00eda estar presente en los planos cort\u00edsimos de los invitados, en el p\u00fablico mudo y concentrado, en el plat\u00f3 minimalista con solo<strong> dos figuras iluminadas de forma tenue y acompa\u00f1adas por sus sombras. <\/strong>\n    <\/p>\n<p class=\"article-text\">\n        Eso s\u00ed, los veinte a\u00f1os no han pasado en balde y en esta ocasi\u00f3n no hubo cigarros, ni humo, aunque s\u00ed vasos de agua y, por supuesto, micr\u00f3fonos encima de la mesa.\n    <\/p>\n<p class=\"article-text\">\n        Con toda esa puesta en escena, Bretos &#8211; que confes\u00f3 a verTele! que solo <a href=\"https:\/\/www.eldiario.es\/vertele\/entrevistas\/aimar-bretos-lasexta-la-noche-de-aimar-aislar-ruido-politico-linea-roja-pisotea-derechos_1_13178498.html\" target=\"_blank\" data-mrf-recirculation=\"links-noticia\" class=\"link\">tiene una l\u00ednea roja<\/a>&#8211; hizo su mon\u00f3logo inicial y su declaraci\u00f3n de intenciones televisiva: \u201cVivimos hiper revolucionados, vivimos en una sociedad que nos obliga a reaccionar casi antes de interiorizar lo que hemos escuchado. Nuestra atenci\u00f3n se diluye en conversaciones cada vez m\u00e1s fr\u00e1giles, que adem\u00e1s se interrumpen en cuanto llega el siguiente est\u00edmulo. <strong>Les propongo que nos pongamos juntos el modo avi\u00f3n, a nosotros mismos, que nos relajemos y hagamos militancia de la conversaci\u00f3n calmada y de la escucha de calidad,<\/strong> porque es ah\u00ed donde nacen las ideas interesantes y los momentos m\u00e1gicos\u201d.\n    <\/p>\n<blockquote class=\"twitter-tweet\" data-lang=\"es\"><p><a href=\"https:\/\/twitter.com\/X\/status\/2049596257669132621?ref_src=twsrc%5Etfw\"><\/a><\/p><\/blockquote>\n<p><script async src=\"https:\/\/platform.twitter.com\/widgets.js\" charset=\"utf-8\"><\/script><\/p>\n<h2 class=\"article-text\">Juan Diego Botto: \u201cTenemos a gente alabando la dictadura desde \u00e1mbitos p\u00fablicos\u201d<\/h2>\n<p class=\"article-text\">\n        El presentador recibi\u00f3 como primeros invitados a los actores\u00a0<strong>Jos\u00e9 Sacrist\u00e1n<\/strong>\u00a0y\u00a0<strong>Juan Diego Botto, con quienes mantuvo <\/strong>una charla pausada, distendida y sin interferencias para conocer las <strong>facetas m\u00e1s personales de los entrevistados<\/strong>, poniendo el foco en aspectos clave de su trayectoria, de su carrera o de la vor\u00e1gine de actualidad que vivimos.\n    <\/p>\n<p class=\"article-text\">\n        Mientras Sacrist\u00e1n repas\u00f3 su trayectoria personal y profesional, se\u00f1alando hasta el epitafio que quer\u00eda, <strong>Botto empez\u00f3 su entrevista con un poema de Lorca<\/strong> del final de &#8216;F\u00e1bula y rueda de los tres amigos&#8217;. Precisamente, Aimar le pregunt\u00f3 por esas desapariciones que tiene tan presentes el actor porque le ocurri\u00f3 a su padre en Argentina.\n    <\/p>\n<blockquote class=\"twitter-tweet\" data-lang=\"es\"><p><a href=\"https:\/\/twitter.com\/X\/status\/2049606513371570680?ref_src=twsrc%5Etfw\"><\/a><\/p><\/blockquote>\n<p><script async src=\"https:\/\/platform.twitter.com\/widgets.js\" charset=\"utf-8\"><\/script><\/p>\n<p class=\"article-text\">\n        Botto explic\u00f3 que al haber conocido a su padre solo durante dos a\u00f1os de su vida, y saber que despu\u00e9s <strong>fue secuestrado, torturado y asesinado en un vuelo de la muerte en 1977 durante la dictadura militar de Videla<\/strong>, se ha convertido en una de sus obsesiones. As\u00ed como le queda de \u00e9l \u201cla contribuci\u00f3n por hacer de este mundo algo un poquito m\u00e1s justo y habitable\u201d.\n    <\/p>\n<p class=\"article-text\">\n        Asegur\u00f3 que le da \u201cmucha rabia\u201d el momento por el que pasa <strong>Argentina con Milei<\/strong>: \u201cEs el juego de los trileros una y otra vez. La incompetencia es mucha en todos los aspectos, pero la crueldad de recortar fondos para medicamentos para el c\u00e1ncer, cestas para los m\u00e1s necesitados&#8230;\u201d. Para concluir con que \u201c<strong>en Espa\u00f1a sabemos que las extremas derechas viven de la provocaci\u00f3n\u201d<\/strong>.\n    <\/p>\n<blockquote class=\"twitter-tweet\" data-lang=\"es\"><p><a href=\"https:\/\/twitter.com\/X\/status\/2049609886741283185?ref_src=twsrc%5Etfw\"><\/a><\/p><\/blockquote>\n<p><script async src=\"https:\/\/platform.twitter.com\/widgets.js\" charset=\"utf-8\"><\/script><\/p>\n<p class=\"article-text\">\n        Y aunque Aimar se\u00f1al\u00f3 que en nuestro pa\u00eds no ha llegado a\u00fan la extrema derecha, Botto lo dud\u00f3: \u201cNo hemos llegado, pero m\u00e1s o menos. Tenemos en este pa\u00eds a gente alabando la dictadura desde \u00e1mbitos p\u00fablicos, cargos electos alabando las ventajas de la dictadura. <strong>Ha habido un revisionismo con nuestra dictadura donde no se han hecho los esfuerzos necesarios para explicar c\u00f3mo fueron esos 40 a\u00f1os de represi\u00f3n\u201d<\/strong>, lament\u00f3.\n    <\/p>\n<h2 class=\"article-text\">Una ur\u00f3loga con historias \u201cfascinantes\u201d<\/h2>\n<p class=\"article-text\">\n        Adem\u00e1s, Aimar explic\u00f3 que invitar\u00edan \u201ca personas que conocen y a personas que tienen que conocer porque tienen vidas o profesiones fascinantes\u201d y as\u00ed lo hizo. En la parte final del programa la protagonista fue <strong>Blanca Madurga<\/strong>, una de las ur\u00f3logas m\u00e1s reconocidas del pa\u00eds.\n    <\/p>\n<p class=\"article-text\">\n        Junto a ella se sent\u00f3 el presentador, la periodista\u00a0<strong>Thais Villas<\/strong>, el profesor\u00a0<strong>David Pastor Vico\u00a0<\/strong>y la escritora\u00a0<strong>Elvira Lindo\u00a0<\/strong>para charlar, comentar y profundizar en los interesantes temas que trat\u00f3 la experta. As\u00ed como tambi\u00e9n pusieron toques de humor al tono del estreno y de la conversaci\u00f3n.\n    <\/p>\n<\/div>\n","protected":false},"excerpt":{"rendered":"<p>Atresmedia estren\u00f3 su programa presentado por Aimar Bretos con su declaraci\u00f3n de intenciones, mucha \u00abinspiraci\u00f3n Quintero\u00bb y profesionales expertos con historias \u00abfascinantes\u00bb Marc Gir\u00f3 se\u00f1al\u00f3 en &#8216;Cara al Show&#8217; la diferencia entre \u201cser de derechas o izquierdas\u201d y Almod\u00f3var revel\u00f3 qu\u00e9 programa de laSexta ve \u201cfielmente\u201d Antena 3 anuncia los 12 concursantes famosos de &#8216;La [&hellip;]<\/p>\n","protected":false},"author":1,"featured_media":0,"comment_status":"closed","ping_status":"open","sticky":false,"template":"","format":"standard","meta":{"_et_pb_use_builder":"","_et_pb_old_content":"","_et_gb_content_width":"","footnotes":""},"categories":[6],"tags":[],"class_list":["post-203127","post","type-post","status-publish","format-standard","hentry","category-tv"],"_links":{"self":[{"href":"https:\/\/otraronda.xyz\/rock\/wp-json\/wp\/v2\/posts\/203127","targetHints":{"allow":["GET"]}}],"collection":[{"href":"https:\/\/otraronda.xyz\/rock\/wp-json\/wp\/v2\/posts"}],"about":[{"href":"https:\/\/otraronda.xyz\/rock\/wp-json\/wp\/v2\/types\/post"}],"author":[{"embeddable":true,"href":"https:\/\/otraronda.xyz\/rock\/wp-json\/wp\/v2\/users\/1"}],"replies":[{"embeddable":true,"href":"https:\/\/otraronda.xyz\/rock\/wp-json\/wp\/v2\/comments?post=203127"}],"version-history":[{"count":0,"href":"https:\/\/otraronda.xyz\/rock\/wp-json\/wp\/v2\/posts\/203127\/revisions"}],"wp:attachment":[{"href":"https:\/\/otraronda.xyz\/rock\/wp-json\/wp\/v2\/media?parent=203127"}],"wp:term":[{"taxonomy":"category","embeddable":true,"href":"https:\/\/otraronda.xyz\/rock\/wp-json\/wp\/v2\/categories?post=203127"},{"taxonomy":"post_tag","embeddable":true,"href":"https:\/\/otraronda.xyz\/rock\/wp-json\/wp\/v2\/tags?post=203127"}],"curies":[{"name":"wp","href":"https:\/\/api.w.org\/{rel}","templated":true}]}}