{"id":203012,"date":"2026-04-29T12:01:47","date_gmt":"2026-04-29T10:01:47","guid":{"rendered":"https:\/\/otraronda.xyz\/rock\/otras-musicas-carmen-lancho-voz-piano-y-un-diario-abierto-de-emociones\/"},"modified":"2026-04-29T12:01:47","modified_gmt":"2026-04-29T10:01:47","slug":"otras-musicas-carmen-lancho-voz-piano-y-un-diario-abierto-de-emociones","status":"publish","type":"post","link":"https:\/\/otraronda.xyz\/rock\/otras-musicas-carmen-lancho-voz-piano-y-un-diario-abierto-de-emociones\/","title":{"rendered":"Otras m\u00fasicas: Carmen Lancho. Voz, piano y un diario abierto de emociones"},"content":{"rendered":"<div>\n<p><img width=\"500\" height=\"281\" src=\"https:\/\/losmejoresrock.com\/wp-content\/uploads\/2026\/04\/Carmen-Lancho.jpeg\" class=\"attachment-post-thumbnail size-post-thumbnail wp-post-image\" alt=\"\" decoding=\"async\" fetchpriority=\"high\" srcset=\"https:\/\/i0.wp.com\/losmejoresrock.com\/wp-content\/uploads\/2026\/04\/Carmen-Lancho.jpeg?w=500&amp;ssl=1 500w, https:\/\/i0.wp.com\/losmejoresrock.com\/wp-content\/uploads\/2026\/04\/Carmen-Lancho.jpeg?resize=300%2C169&amp;ssl=1 300w\" sizes=\"(max-width: 500px) 100vw, 500px\" data-attachment-id=\"51043\" data-permalink=\"https:\/\/losmejoresrock.com\/otras-musicas-carmen-lancho-voz-piano-y-un-diario-abierto-de-emociones\/carmen-lancho\/\" data-orig-file=\"https:\/\/i0.wp.com\/losmejoresrock.com\/wp-content\/uploads\/2026\/04\/Carmen-Lancho.jpeg?fit=500%2C281&amp;ssl=1\" data-orig-size=\"500,281\" data-comments-opened=\"0\" data-image-meta='{\"aperture\":\"0\",\"credit\":\"\",\"camera\":\"\",\"caption\":\"\",\"created_timestamp\":\"0\",\"copyright\":\"\",\"focal_length\":\"0\",\"iso\":\"0\",\"shutter_speed\":\"0\",\"title\":\"\",\"orientation\":\"0\"}' data-image-title=\"Carmen-Lancho\" data-image-description=\"\" data-image-caption=\"\" data-large-file=\"https:\/\/i0.wp.com\/losmejoresrock.com\/wp-content\/uploads\/2026\/04\/Carmen-Lancho.jpeg?fit=500%2C281&amp;ssl=1\"><\/p>\n<p>La joven vocalista y compositora Carmen Lancho se postula desde hace poco m\u00e1s de tres a\u00f1os como una de las renovadoras del panorama femenino de la m\u00fasica de autor m\u00e1s abierta a la experimentaci\u00f3n. Viene del Jazz y ha apostado por el Pop, aunque su estilo es perfectamente asumible por cualquier tipo de p\u00fablico que sepa apreciar los giros vocales y la intenci\u00f3n introspectiva de sus letras.<\/p>\n<p>En diciembre de 2024 abri\u00f3 fuego con un expl\u00edcito \u201cHijo de puta\u201d, con el que comenzaba su particular viaje art\u00edstico por las luces y sombras del amor, el tema principal de sus canciones. Esta especie de terapia personal continu\u00f3 un a\u00f1o despu\u00e9s con el <em>single <\/em>\u201cAprender\u00e1s\u201d, que grab\u00f3 junto a la popular Rigoberta Bandini.<\/p>\n<figure class=\"wp-block-embed is-type-video is-provider-youtube wp-block-embed-youtube wp-embed-aspect-4-3 wp-has-aspect-ratio\">\n<div class=\"wp-block-embed__wrapper\">\n<iframe loading=\"lazy\" class=\"youtube-player\" width=\"1140\" height=\"642\" src=\"https:\/\/www.youtube.com\/embed\/7A4s3qr2Ii0?version=3&amp;rel=1&amp;showsearch=0&amp;showinfo=1&amp;iv_load_policy=1&amp;fs=1&amp;hl=es-ES&amp;autohide=2&amp;wmode=transparent\" allowfullscreen=\"true\" style=\"border:0;\" sandbox=\"allow-scripts allow-same-origin allow-popups allow-presentation allow-popups-to-escape-sandbox\"><\/iframe>\n<\/div>\n<\/figure>\n<div style=\"height:30px\" aria-hidden=\"true\" class=\"wp-block-spacer\"><\/div>\n<p>Los temas \u201cSelecci\u00f3n natural\u201d y \u201cM\u00e1quina de psicoanalizar\u201d contaron ya con su propio videoclip, en tanto el pasado 20 de mayo debutaba en directo en el espacio Ambig\u00fa del madrile\u00f1o Teatro Pav\u00f3n. Esta mete\u00f3rica carrera se rubric\u00f3 con el lanzamiento de su primer trabajo, \u201cDramitas\u201d, compuesto por ocho temas a piano y voz desnuda.<\/p>\n<p>El pasado mes de diciembre actu\u00f3 en el festival Monkey Week del gaditano Puerto de Santa Mar\u00eda y la Razzmatazz 2 de Barcelona. Su agenda para 2026 incluye nuevas citas en la capital catalana, la localidad gerundense de Porqueres y dos Sesiones Verm\u00fa en la Comunidad de Madrid.<\/p>\n<p><em>Leo Cebri\u00e1n Sanz<\/em><\/p>\n<\/div>\n","protected":false},"excerpt":{"rendered":"<p>La joven vocalista y compositora Carmen Lancho se postula desde hace poco m\u00e1s de tres a\u00f1os como una de las renovadoras del panorama femenino de la m\u00fasica de autor m\u00e1s abierta a la experimentaci\u00f3n. Viene del Jazz y ha apostado por el Pop, aunque su estilo es perfectamente asumible por cualquier tipo de p\u00fablico que [&hellip;]<\/p>\n","protected":false},"author":1,"featured_media":0,"comment_status":"closed","ping_status":"open","sticky":false,"template":"","format":"standard","meta":{"_et_pb_use_builder":"","_et_pb_old_content":"","_et_gb_content_width":"","footnotes":""},"categories":[2],"tags":[],"class_list":["post-203012","post","type-post","status-publish","format-standard","hentry","category-musica-noticias"],"_links":{"self":[{"href":"https:\/\/otraronda.xyz\/rock\/wp-json\/wp\/v2\/posts\/203012","targetHints":{"allow":["GET"]}}],"collection":[{"href":"https:\/\/otraronda.xyz\/rock\/wp-json\/wp\/v2\/posts"}],"about":[{"href":"https:\/\/otraronda.xyz\/rock\/wp-json\/wp\/v2\/types\/post"}],"author":[{"embeddable":true,"href":"https:\/\/otraronda.xyz\/rock\/wp-json\/wp\/v2\/users\/1"}],"replies":[{"embeddable":true,"href":"https:\/\/otraronda.xyz\/rock\/wp-json\/wp\/v2\/comments?post=203012"}],"version-history":[{"count":0,"href":"https:\/\/otraronda.xyz\/rock\/wp-json\/wp\/v2\/posts\/203012\/revisions"}],"wp:attachment":[{"href":"https:\/\/otraronda.xyz\/rock\/wp-json\/wp\/v2\/media?parent=203012"}],"wp:term":[{"taxonomy":"category","embeddable":true,"href":"https:\/\/otraronda.xyz\/rock\/wp-json\/wp\/v2\/categories?post=203012"},{"taxonomy":"post_tag","embeddable":true,"href":"https:\/\/otraronda.xyz\/rock\/wp-json\/wp\/v2\/tags?post=203012"}],"curies":[{"name":"wp","href":"https:\/\/api.w.org\/{rel}","templated":true}]}}