{"id":202789,"date":"2026-04-27T11:57:20","date_gmt":"2026-04-27T09:57:20","guid":{"rendered":"https:\/\/otraronda.xyz\/rock\/uber-acelera-el-despliegue-de-coches-sin-conductor-en-madrid-hasta-20-vehiculos-antes-de-final-de-ano\/"},"modified":"2026-04-27T11:57:20","modified_gmt":"2026-04-27T09:57:20","slug":"uber-acelera-el-despliegue-de-coches-sin-conductor-en-madrid-hasta-20-vehiculos-antes-de-final-de-ano","status":"publish","type":"post","link":"https:\/\/otraronda.xyz\/rock\/uber-acelera-el-despliegue-de-coches-sin-conductor-en-madrid-hasta-20-vehiculos-antes-de-final-de-ano\/","title":{"rendered":"Uber acelera el despliegue de coches sin conductor en Madrid: hasta 20 veh\u00edculos antes de final de a\u00f1o"},"content":{"rendered":"<div><img decoding=\"async\" loading=\"lazy\" width=\"1600\" height=\"900\" src=\"https:\/\/www.adslzone.net\/app\/uploads-adslzone.net\/2026\/04\/imagen-uber-vehiculos-autonos-az-1212-pcpal.jpg\"><\/p>\n<p>El pasado mes de febrero, supimos que Uber estaba preparando el lanzamiento de <a href=\"https:\/\/www.adslzone.net\/noticias\/internet\/uber-lanzara-robotaxis-madrid\/\">un servicio de veh\u00edculos aut\u00f3nomos<\/a> para la ciudad de Madrid. Ahora, conocemos m\u00e1s detalles: llegar\u00e1n antes de que termine este a\u00f1o y funcionar\u00e1n de forma simult\u00e1nea al servicio que mantiene actualmente.<\/p>\n<p><strong>Madrid<\/strong> se va a convertir en el epicentro de la conducci\u00f3n aut\u00f3noma en Espa\u00f1a antes de<strong> final de a\u00f1o.<\/strong> As\u00ed lo ha comunicado<strong> Anabel D\u00edaz,<\/strong> vicepresidenta de Uber, en una entrevista concedida al diario elEconomista durante el d\u00eda de hoy. La directiva ha abordado diferentes aspectos relacionados con la compa\u00f1\u00eda, siendo uno de los m\u00e1s importantes el proyecto que est\u00e1 desarrollando la empresa y que va a aterrizar en Madrid pr\u00f3ximamente. Se trata de <a href=\"https:\/\/www.adslzone.net\/e-movilidad\/noticias-tecnologia\/pruebas-coches-autonomos-espana-dgt\/\">los coches aut\u00f3nomos<\/a>, que permitir\u00e1n a los usuarios de Uber escoger si quieres reservar un coche <a href=\"https:\/\/www.adslzone.net\/e-movilidad\/noticias-tecnologia\/como-es-nivel-3-conduccion-autonoma-regularizar-espana\/\">con conductor o uno aut\u00f3nomo<\/a> para cubrir sus desplazamientos diarios.<\/p>\n<p>Hasta ahora, todav\u00eda no se hab\u00edan conocido muchos detalles al respecto. Sin embargo, de forma progresiva, han comenzado a desvelarse algunos de ellos. Uno de ellos ha sido la fecha aproiximada en la que podr\u00edan llegar estos coches y, la otra, <strong>el tama\u00f1o de la flota<\/strong> con el que espera aterrizar en una primera fase, como te vamos a contar a continuaci\u00f3n.<\/p>\n<figure class=\"post-article__content-img\"><img decoding=\"async\" loading=\"lazy\" width=\"1280\" height=\"720\" src=\"https:\/\/www.adslzone.net\/app\/uploads-adslzone.net\/2026\/04\/coche-autonomo-cuerpo-1212-az.jpg\" alt=\"Una persona reservando un Uber\"><figcaption>Una persona reservando el Uber \/ Fuente: Freepik<\/figcaption><\/figure>\n<h2>Antes de finales de a\u00f1o<\/h2>\n<p>Uno de los aspectos clave es la fecha en la que Uber quiere que <strong>los veh\u00edculos aut\u00f3nomos<\/strong> lleguen a las calles de Madrid. Pese a que la firma no cuenta con un calendario planificado que permita conocer el mes exacto, s\u00ed que ha afirmado que trabaja para que la primera flota llegue a final de a\u00f1o. Una vez est\u00e9 disponible, los clientes tendr\u00e1n la libertad de escoger si quieren<strong> reservar el trayecto<\/strong> en un coche con conductor o en un coche sin conductor, en funci\u00f3n de sus preferencias.<\/p>\n<p>Uno de los motivos por los que todav\u00eda no puede ofrecer una fecha m\u00e1s exacta es porque se trata de \u201c<em>una operaci\u00f3n muy grande, que hay todav\u00eda que desarrollar<\/em>\u201d. Adem\u00e1s, tambi\u00e9n tiene que coordinarse con todas las autoridades para adaptarse a <strong>las regulaciones existentes,<\/strong> incluyendo el Gobierno central, la Comunidad Aut\u00f3noma y el Ayuntamiento de Madrid.<\/p>\n<p>Adem\u00e1s, la entrevista tambi\u00e9n ha servido para descartar la llegada de este servicio a cualquier otra ciudad de nuestro pa\u00eds. De hecho, es la \u00fanica ciudad en Europa, junto con <strong>M\u00fanich, Londres y Z\u00farich<\/strong> en la que el proyecto se va a llevar a cabo, al menos, en una primera fase.<\/p>\n<\/div>\n","protected":false},"excerpt":{"rendered":"<p>El pasado mes de febrero, supimos que Uber estaba preparando el lanzamiento de un servicio de veh\u00edculos aut\u00f3nomos para la ciudad de Madrid. Ahora, conocemos m\u00e1s detalles: llegar\u00e1n antes de que termine este a\u00f1o y funcionar\u00e1n de forma simult\u00e1nea al servicio que mantiene actualmente. Madrid se va a convertir en el epicentro de la conducci\u00f3n [&hellip;]<\/p>\n","protected":false},"author":1,"featured_media":0,"comment_status":"closed","ping_status":"closed","sticky":false,"template":"","format":"standard","meta":{"_et_pb_use_builder":"","_et_pb_old_content":"","_et_gb_content_width":"","footnotes":""},"categories":[3],"tags":[],"class_list":["post-202789","post","type-post","status-publish","format-standard","hentry","category-android-ipad"],"_links":{"self":[{"href":"https:\/\/otraronda.xyz\/rock\/wp-json\/wp\/v2\/posts\/202789","targetHints":{"allow":["GET"]}}],"collection":[{"href":"https:\/\/otraronda.xyz\/rock\/wp-json\/wp\/v2\/posts"}],"about":[{"href":"https:\/\/otraronda.xyz\/rock\/wp-json\/wp\/v2\/types\/post"}],"author":[{"embeddable":true,"href":"https:\/\/otraronda.xyz\/rock\/wp-json\/wp\/v2\/users\/1"}],"replies":[{"embeddable":true,"href":"https:\/\/otraronda.xyz\/rock\/wp-json\/wp\/v2\/comments?post=202789"}],"version-history":[{"count":0,"href":"https:\/\/otraronda.xyz\/rock\/wp-json\/wp\/v2\/posts\/202789\/revisions"}],"wp:attachment":[{"href":"https:\/\/otraronda.xyz\/rock\/wp-json\/wp\/v2\/media?parent=202789"}],"wp:term":[{"taxonomy":"category","embeddable":true,"href":"https:\/\/otraronda.xyz\/rock\/wp-json\/wp\/v2\/categories?post=202789"},{"taxonomy":"post_tag","embeddable":true,"href":"https:\/\/otraronda.xyz\/rock\/wp-json\/wp\/v2\/tags?post=202789"}],"curies":[{"name":"wp","href":"https:\/\/api.w.org\/{rel}","templated":true}]}}