{"id":202772,"date":"2026-04-27T12:02:00","date_gmt":"2026-04-27T10:02:00","guid":{"rendered":"https:\/\/otraronda.xyz\/rock\/the-boys-se-queda-sin-una-de-sus-piezas-clave-amazon-prime-video-cancela-sin-piedad-su-serie-mas-prometedora-y-deja-a-la-franquicia-con-dudas-sobre-su-futuro\/"},"modified":"2026-04-27T12:02:00","modified_gmt":"2026-04-27T10:02:00","slug":"the-boys-se-queda-sin-una-de-sus-piezas-clave-amazon-prime-video-cancela-sin-piedad-su-serie-mas-prometedora-y-deja-a-la-franquicia-con-dudas-sobre-su-futuro","status":"publish","type":"post","link":"https:\/\/otraronda.xyz\/rock\/the-boys-se-queda-sin-una-de-sus-piezas-clave-amazon-prime-video-cancela-sin-piedad-su-serie-mas-prometedora-y-deja-a-la-franquicia-con-dudas-sobre-su-futuro\/","title":{"rendered":"&#8216;The Boys&#8217; se queda sin una de sus piezas clave. Amazon Prime Video cancela sin piedad su serie m\u00e1s prometedora y deja a la franquicia con dudas sobre su futuro"},"content":{"rendered":"<div>\n<p>\n      <img decoding=\"async\" src=\"https:\/\/i.blogs.es\/3e9a1a\/gen-v\/1024_2000.jpeg\" alt=\"'The Boys' se queda sin una de sus piezas clave. Amazon Prime Video cancela sin piedad su serie m\u00e1s prometedora y deja a la franquicia con dudas sobre su futuro \">\n    <\/p>\n<p>Desde Amazon Prime Video nos han repetido una y otra vez que el hecho de que se acabe <a class=\"text-outboundlink\" href=\"https:\/\/www.espinof.com\/criticas\/temporada-final-the-boys-no-decepciona-estupendo-regreso-mejor-serie-superheroes-prime-video-augura-cierre-apoteosico\" data-vars-post-title=\"La temporada final de 'The Boys' no decepciona. El estupendo regreso de la mejor serie de superh\u00e9roes de Prime Video augura un cierre apote\u00f3sico \" data-vars-post-url=\"https:\/\/www.espinof.com\/criticas\/temporada-final-the-boys-no-decepciona-estupendo-regreso-mejor-serie-superheroes-prime-video-augura-cierre-apoteosico\">&#8216;The Boys&#8217;<\/a> no quiere decir que su mundo vaya a desaparecer as\u00ed como as\u00ed: <strong>una colecci\u00f3n de spin-offs, secuelas y precuelas iba a a ser uno de las nuevas puntas de lanza del streaming<\/strong>. O eso parec\u00eda, porque de manera totalmente inesperada nos hemos quedado sin el m\u00e1s famoso de ellos.<\/p>\n<p><!-- BREAK 1 --><\/p>\n<h2>Super-cancelaci\u00f3n<\/h2>\n<p><a class=\"text-outboundlink\" href=\"https:\/\/www.espinof.com\/criticas\/gen-v-brutal-dosis-sangre-nueva-que-necesitaba-the-boys-antes-su-temporada-4-amazon-prime-video-acierta-este-notable-spin-off\" data-vars-post-title=\"'Gen V' es la brutal dosis de sangre nueva que necesitaba 'The Boys' antes de su temporada 4: Amazon Prime Video acierta con este notable spin-off\" data-vars-post-url=\"https:\/\/www.espinof.com\/criticas\/gen-v-brutal-dosis-sangre-nueva-que-necesitaba-the-boys-antes-su-temporada-4-amazon-prime-video-acierta-este-notable-spin-off\">&#8216;Gen V&#8217;<\/a>, que tuvo dos temporadas interconectadas con &#8216;The Boys&#8217;, no llegar\u00e1 a tener una tercera, tal como informa <a rel=\"noopener, noreferrer\" href=\"https:\/\/variety.com\/2026\/tv\/news\/gen-v-canceled-amazon-the-boys-1236729894\/\">Variety<\/a> para sorpresa de propios y extra\u00f1os, especialmente porque serv\u00eda de complemento perfecto para la serie original y <strong>muchos fans cre\u00edan que la superaba en calidad, atrevi\u00e9ndose a tener otro tono distinto al habitual<\/strong>. Esto no significa que el resto de spin-offs, como &#8216;Vought Rising&#8217; (el \u00fanico anunciado por ahora junto a &#8216;The Boys: Mexico&#8217;), que se estrenar\u00e1 el a\u00f1o que viene, corran la misma suerte, claro. De hecho, todo lo contrario: todo apunta a que van a exprimir &#8216;The Boys&#8217; hasta que no d\u00e9 m\u00e1s de s\u00ed.<\/p>\n<p><!-- BREAK 2 --><\/p>\n<p>Bien es cierto tambi\u00e9n que la temporada 2 fue cayendo en audiencia, y obviamente no ha llegado al est\u00e1ndar impuesto por Amazon Prime Video. <em>\u00abAunque nos gustar\u00eda seguir la fiesta otra temporada en Godolkin, <\/em><strong><em>nos hemos comprometido a seguir las historias de los personajes de &#8216;Gen V&#8217; en la temporada 5 de &#8216;The Boys&#8217;<\/em><\/strong><em> y en otros proyectos del VCU. Les ver\u00e9is de nuevo\u00bb<\/em>, han afirmado Eric Kripke y Adam Goldberg, creadores del universo. A partir del episodio 5 de esta temporada de la serie principal, seg\u00fan se sabe, los personajes del spin-off ir\u00e1n desfilando por sus episodios.<\/p>\n<div class=\"article-asset article-asset-normal article-asset-center\">\n<div class=\"desvio-container\">\n<div class=\"desvio\">\n<div class=\"desvio-figure js-desvio-figure\">\n    <a href=\"https:\/\/www.espinof.com\/criticas\/gen-v-sigue-siendo-sangre-fresca-que-necesita-universo-the-boys-su-temporada-2-tiene-corazon-confirma-que-serie-se-sostiene-sola\" class=\"pivot-outboundlink\" data-vars-post-title=\"'Gen V' sigue siendo la sangre fresca que necesita el universo 'The Boys'. La temporada 2 tiene m\u00e1s coraz\u00f3n y confirma que la serie se sostiene por s\u00ed sola\"><br \/>\n     <img loading=\"lazy\" decoding=\"async\" alt=\"'Gen V' sigue siendo la sangre fresca que necesita el universo 'The Boys'. La temporada 2 tiene m\u00e1s coraz\u00f3n y confirma que la serie se sostiene por s\u00ed sola\" width=\"375\" height=\"142\" src=\"https:\/\/i.blogs.es\/d3da95\/byso_s1_ut_108_220912_palbro_00075rc_f_3000-1-\/375_142.jpeg\"><br \/>\n    <\/a>\n   <\/div>\n<div class=\"desvio-summary\">\n<div class=\"desvio-taxonomy js-desvio-taxonomy\">\n     <a href=\"https:\/\/www.espinof.com\/criticas\/gen-v-sigue-siendo-sangre-fresca-que-necesita-universo-the-boys-su-temporada-2-tiene-corazon-confirma-que-serie-se-sostiene-sola\" class=\"desvio-taxonomy-anchor pivot-outboundlink\" data-vars-post-title=\"'Gen V' sigue siendo la sangre fresca que necesita el universo 'The Boys'. La temporada 2 tiene m\u00e1s coraz\u00f3n y confirma que la serie se sostiene por s\u00ed sola\">En Espinof<\/a>\n    <\/div>\n<p>    <a href=\"https:\/\/www.espinof.com\/criticas\/gen-v-sigue-siendo-sangre-fresca-que-necesita-universo-the-boys-su-temporada-2-tiene-corazon-confirma-que-serie-se-sostiene-sola\" class=\"desvio-title js-desvio-title pivot-outboundlink\" data-vars-post-title=\"'Gen V' sigue siendo la sangre fresca que necesita el universo 'The Boys'. La temporada 2 tiene m\u00e1s coraz\u00f3n y confirma que la serie se sostiene por s\u00ed sola\">&#8216;Gen V&#8217; sigue siendo la sangre fresca que necesita el universo &#8216;The Boys&#8217;. La temporada 2 tiene m\u00e1s coraz\u00f3n y confirma que la serie se sostiene por s\u00ed sola<\/a>\n   <\/div>\n<\/p><\/div>\n<\/p><\/div>\n<\/div>\n<p>Jaz Sinclair, su protagonista, que interpreta a Marie Moreau, ha agradecido su tiempo en la serie desde su <a rel=\"noopener, noreferrer\" href=\"https:\/\/www.instagram.com\/jaz_sinclair\/\">Instagram Stories<\/a>: <em>\u00ab<\/em><strong><em>Hay mucho que quiero decir (y que dir\u00e9), pero por ahora solo quiero dar las gracias<\/em><\/strong><em> desde el fondo de mi coraz\u00f3n. Estoy feliz de que est\u00e9is aqu\u00ed, y doy las gracias por esta experiencia incre\u00edble\u00bb<\/em>. La pregunta est\u00e1 en el aire: \u00bfEs el inicio del fin del universo &#8216;The Boys&#8217; o le queda cuerda para rato?\u00a0<\/p>\n<p><!-- BREAK 3 --><\/p>\n<p>En Espinof |\u00a0<a class=\"text-outboundlink\" href=\"https:\/\/www.espinof.com\/series-de-ficcion\/temporada-5-the-boys-fin-aclara-que-paso-sus-tramas-polemicas-no-me-parece-suficiente-creo-que-intenta-corregirlo-mojarse\" data-vars-post-title=\"La temporada 5 de 'The Boys' por fin aclara lo que pas\u00f3 con una de sus tramas m\u00e1s pol\u00e9micas. Creo que no es suficiente: intenta corregirlo sin mojarse\" data-vars-post-url=\"https:\/\/www.espinof.com\/series-de-ficcion\/temporada-5-the-boys-fin-aclara-que-paso-sus-tramas-polemicas-no-me-parece-suficiente-creo-que-intenta-corregirlo-mojarse\">La temporada 5 de &#8216;The Boys&#8217; por fin aclara lo que pas\u00f3 con una de sus tramas m\u00e1s pol\u00e9micas. Creo que no es suficiente: intenta corregirlo sin mojarse<\/a><\/p>\n<p><!-- BREAK 4 --><\/p>\n<p>En Espinof | <a class=\"text-outboundlink\" href=\"https:\/\/www.espinof.com\/estrenos\/series-esperadas-2026\" data-vars-post-title=\"Las 37 series m\u00e1s esperadas de 2026: la nueva serie de 'Juego de tronos', la secuela de 'El cuento de la criada', el Spider-Man m\u00e1s pulp y m\u00e1s\" data-vars-post-url=\"https:\/\/www.espinof.com\/estrenos\/series-esperadas-2026\">Las series m\u00e1s esperadas de 2026<\/a><\/p>\n<p><script>\n (function() {\n  window._JS_MODULES = window._JS_MODULES || {};\n  var headElement = document.getElementsByTagName('head')[0];\n  if (_JS_MODULES.instagram) {\n   var instagramScript = document.createElement('script');\n   instagramScript.src = 'https:\/\/platform.instagram.com\/en_US\/embeds.js';\n   instagramScript.async = true;\n   instagramScript.defer = true;\n   headElement.appendChild(instagramScript);\n  }\n })();\n<\/script><\/p>\n<p> &#8211; <br \/> La noticia<br \/>\n      <a href=\"https:\/\/www.espinof.com\/amazon-prime-video\/the-boys-se-queda-sus-piezas-clave-amazon-prime-video-cancela-piedad-su-serie-prometedora-deja-a-franquicia-dudas-su-futuro?utm_source=feedburner&amp;utm_medium=feed&amp;utm_campaign=27_Apr_2026\"><br \/>\n       <em> &#8216;The Boys&#8217; se queda sin una de sus piezas clave. Amazon Prime Video cancela sin piedad su serie m\u00e1s prometedora y deja a la franquicia con dudas sobre su futuro  <\/em><br \/>\n      <\/a><br \/>\n      fue publicada originalmente en<br \/>\n      <a href=\"https:\/\/www.espinof.com\/?utm_source=feedburner&amp;utm_medium=feed&amp;utm_campaign=27_Apr_2026\"><br \/>\n       <strong> Espinof <\/strong><br \/>\n      <\/a><br \/>\n             por<br \/>\n               <a href=\"https:\/\/www.espinof.com\/autor\/randy-meeks?utm_source=feedburner&amp;utm_medium=feed&amp;utm_campaign=27_Apr_2026\"><br \/>\n        Randy Meeks<br \/>\n        <\/a><br \/>\n             . <\/p>\n<\/div>\n","protected":false},"excerpt":{"rendered":"<p>Desde Amazon Prime Video nos han repetido una y otra vez que el hecho de que se acabe &#8216;The Boys&#8217; no quiere decir que su mundo vaya a desaparecer as\u00ed como as\u00ed: una colecci\u00f3n de spin-offs, secuelas y precuelas iba a a ser uno de las nuevas puntas de lanza del streaming. O eso parec\u00eda, [&hellip;]<\/p>\n","protected":false},"author":1,"featured_media":0,"comment_status":"closed","ping_status":"open","sticky":false,"template":"","format":"standard","meta":{"_et_pb_use_builder":"","_et_pb_old_content":"","_et_gb_content_width":"","footnotes":""},"categories":[6],"tags":[],"class_list":["post-202772","post","type-post","status-publish","format-standard","hentry","category-tv"],"_links":{"self":[{"href":"https:\/\/otraronda.xyz\/rock\/wp-json\/wp\/v2\/posts\/202772","targetHints":{"allow":["GET"]}}],"collection":[{"href":"https:\/\/otraronda.xyz\/rock\/wp-json\/wp\/v2\/posts"}],"about":[{"href":"https:\/\/otraronda.xyz\/rock\/wp-json\/wp\/v2\/types\/post"}],"author":[{"embeddable":true,"href":"https:\/\/otraronda.xyz\/rock\/wp-json\/wp\/v2\/users\/1"}],"replies":[{"embeddable":true,"href":"https:\/\/otraronda.xyz\/rock\/wp-json\/wp\/v2\/comments?post=202772"}],"version-history":[{"count":0,"href":"https:\/\/otraronda.xyz\/rock\/wp-json\/wp\/v2\/posts\/202772\/revisions"}],"wp:attachment":[{"href":"https:\/\/otraronda.xyz\/rock\/wp-json\/wp\/v2\/media?parent=202772"}],"wp:term":[{"taxonomy":"category","embeddable":true,"href":"https:\/\/otraronda.xyz\/rock\/wp-json\/wp\/v2\/categories?post=202772"},{"taxonomy":"post_tag","embeddable":true,"href":"https:\/\/otraronda.xyz\/rock\/wp-json\/wp\/v2\/tags?post=202772"}],"curies":[{"name":"wp","href":"https:\/\/api.w.org\/{rel}","templated":true}]}}