{"id":202721,"date":"2026-04-26T12:03:19","date_gmt":"2026-04-26T10:03:19","guid":{"rendered":"https:\/\/otraronda.xyz\/rock\/telecinco-altera-su-programacion-este-domingo-con-baja-de-visto-lo-visto-para-dejar-hueco-a-motogp\/"},"modified":"2026-04-26T12:03:19","modified_gmt":"2026-04-26T10:03:19","slug":"telecinco-altera-su-programacion-este-domingo-con-baja-de-visto-lo-visto-para-dejar-hueco-a-motogp","status":"publish","type":"post","link":"https:\/\/otraronda.xyz\/rock\/telecinco-altera-su-programacion-este-domingo-con-baja-de-visto-lo-visto-para-dejar-hueco-a-motogp\/","title":{"rendered":"Telecinco altera su programaci\u00f3n este domingo, con baja de &#8216;Visto lo visto&#8217; para dejar hueco a MotoGP"},"content":{"rendered":"<div>\n<p><img loading=\"lazy\" decoding=\"async\" src=\"https:\/\/static.eldiario.es\/clip\/b40d26c2-0b2b-4e95-99e8-5aab21c629c9_16-9-discover-aspect-ratio_default_0.jpg\" width=\"1200\" height=\"675\" alt=\"Telecinco altera su programaci\u00f3n este domingo, con baja de 'Visto lo visto' para dejar hueco a MotoGP\"><\/p>\n<div class=\"subtitles\">\n<p class=\"subtitle\">&#8216;Visto lo visto&#8217;, el programa de v\u00eddeos virales que presenta Ver\u00f3nica Dulanto, causa baja en la programaci\u00f3n de Telecinco este domingo ante el despliegue por el Gran Premio de Espa\u00f1a de MotoGP. Tambi\u00e9n habr\u00e1 una entrevista a Marc Marquez, quien busca en Jerez su victoria n\u00famero 100<\/p>\n<p class=\"subtitle\">Adem\u00e1s &#8211; La Justicia obliga a RTVE y su presidente a rectificar un r\u00f3tulo de &#8216;Ma\u00f1aneros&#8217; sobre el Gobierno de Ayuso<\/p>\n<p class=\"subtitle\">Comunicado &#8211; Eslovenia rechaza emitir Eurovisi\u00f3n 2026 por Israel y anuncia una programaci\u00f3n dedicada a Palestina<\/p>\n<\/div>\n<p class=\"article-text\">\n        La <strong>programaci\u00f3n <\/strong>de <strong>Telecinco <\/strong>sufrir\u00e1 cambios este <strong>domingo, 26 de abril<\/strong>, para albergar la emisi\u00f3n del <strong>Gran Premio de Espa\u00f1a<\/strong> de <strong>MotoGP<\/strong> y una entrevista a <strong>Marc M\u00e1rquez<\/strong>. Con sus efectivos desplegados en el Circuito de Jerez \u00c1ngel Nieto, la principal cadena de Mediaset lo apostar\u00e1 todo a la competici\u00f3n de motociclismo. La apuesta se traduce en la <strong>retirada obligada<\/strong> tanto de las repeticiones de <em><strong>El precio justo<\/strong><\/em> como de <em><strong>Visto lo visto<\/strong><\/em>, el <a href=\"https:\/\/www.eldiario.es\/vertele\/noticias\/vistolovisto-estreno-telecinco-imagenes-insolitas-impactantes-espectaculares-presentadores_1_13135711.html\" target=\"_blank\" data-mrf-recirculation=\"links-noticia\" class=\"link\">programa de v\u00eddeos virales<\/a> que presenta <strong>Ver\u00f3nica Dulanto<\/strong>: causar\u00e1n baja por un d\u00eda, retomando sus emisiones la pr\u00f3xima semana.\n    <\/p>\n<p class=\"article-text\">\n        Despu\u00e9s de la habitual reposici\u00f3n de <em>Got Talent<\/em>, la <strong>retransmisi\u00f3n deportiva <\/strong>arrancar\u00e1 en la cadena a las <strong>10:45 horas<\/strong> con los siguientes perfiles especializados <strong>Sergio Romero<\/strong>, periodista y piloto; <strong>\u00c1lex Crivill\u00e9<\/strong>, primer campe\u00f3n espa\u00f1ol de MotoGP; <strong>Judit Florensa<\/strong>, tambi\u00e9n periodista y piloto; y <strong>Mela Ch\u00e9rcoles<\/strong>. Los minutos de previa dar\u00e1n paso a la carrera de <strong>Moto3<\/strong>, que har\u00e1 las veces de telonera con <strong>Moto2 <\/strong>y la posterior entrevista a Marc M\u00e1rquez, quien buscar\u00e1 en Jerez de la Frontera (C\u00e1diz) su victoria n\u00famero 100.\n    <\/p>\n<p class=\"article-text\">\n        La <strong>categor\u00eda reina<\/strong> se convertir\u00e1 en protagonista a partir de las<strong> 14:00 horas<\/strong>, ocupando el hueco donde habitualmente se emite<em> Visto lo visto<\/em>. Conviene destacar que el Gran Premio de Espa\u00f1a tambi\u00e9n provocar\u00e1 un <strong>retraso <\/strong>horario en el arranque de <strong>Informativos Telecinco<\/strong>: el espacio de noticias encabezado normalmente por Mar\u00eda Casado <strong>comenzar\u00e1 40 minutos despu\u00e9s<\/strong>, salvo cambios de \u00faltima hora. A su fin, el programa <em><strong>Fiesta <\/strong><\/em>amenizar\u00e1 las tardes del canal con Emma Garc\u00eda al frente.\n    <\/p>\n<p class=\"article-text\">\n        <strong>As\u00ed queda la programaci\u00f3n matinal de Telecinco para este domingo<\/strong>:\n    <\/p>\n<div class=\"list\">\n<ul>\n<li>08:00 horas \u2014 &#8216;Got Talent&#8217; (reposici\u00f3n)<\/li>\n<li>10:45 horas \u2014 MotoGP: Gran Premio de Espa\u00f1a 2026<\/li>\n<li>11:00 horas \u2014 Moto3<\/li>\n<li>12:15 horas \u2014 Moto2<\/li>\n<li>14:00 horas \u2014 MotoGP<\/li>\n<li>15:40 horas \u2014 Informativos Telecinco<\/li>\n<\/ul><\/div>\n<p class=\"article-text\">\n        Los motores tambi\u00e9n rodar\u00e1n este <strong>s\u00e1bado, 25 de abril<\/strong>, con la emisi\u00f3n de la <strong>Sprint Race de MotoGP<\/strong> a partir de las <strong>15:00 horas<\/strong>. Se trata de una prueba explosiva en la que los pilotos compiten a mitad de vueltas y por la mitad de puntos. Este formato obliga a los equipos a replantear por completo la estrategia habitual de carrera, tal y como destaca el grupo audiovisual en un comunicado de prensa.\n    <\/p>\n<blockquote class=\"twitter-tweet\" data-lang=\"es\"><p><a href=\"https:\/\/twitter.com\/X\/status\/2046882711122461106?ref_src=twsrc%5Etfw\"><\/a><\/p><\/blockquote>\n<p><script async src=\"https:\/\/platform.twitter.com\/widgets.js\" charset=\"utf-8\"><\/script><\/p>\n<h2 class=\"article-text\">La apuesta de Mediaset por MotoGP<\/h2>\n<p class=\"article-text\">\n        Asimismo, la apuesta de <strong>Mediaset <\/strong>por el <strong>motociclismo <\/strong>no se limita a la retransmisi\u00f3n que nos ocupa. Tambi\u00e9n ofrecer\u00e1 en abierto el <strong>Gran Premio de Catalunya<\/strong>, cuya celebraci\u00f3n est\u00e1 programada entre el viernes 15 y el domingo 17 de mayo; adem\u00e1s del<strong> Gran Premio de la Comunitat Valenciana<\/strong>, que podr\u00e1 verse entre el viernes 20 y el domingo 22 de noviembre. El canal <strong>Be Mad <\/strong>emite durante toda la temporada un <strong>resumen <\/strong>con lo mejor de cada cita del Mundial, presentado por<strong> Pachi Ros\u00e9s<\/strong> y <strong>Sergio Romero<\/strong>.\n    <\/p>\n<\/div>\n","protected":false},"excerpt":{"rendered":"<p>&#8216;Visto lo visto&#8217;, el programa de v\u00eddeos virales que presenta Ver\u00f3nica Dulanto, causa baja en la programaci\u00f3n de Telecinco este domingo ante el despliegue por el Gran Premio de Espa\u00f1a de MotoGP. Tambi\u00e9n habr\u00e1 una entrevista a Marc Marquez, quien busca en Jerez su victoria n\u00famero 100 Adem\u00e1s &#8211; La Justicia obliga a RTVE y [&hellip;]<\/p>\n","protected":false},"author":1,"featured_media":0,"comment_status":"closed","ping_status":"open","sticky":false,"template":"","format":"standard","meta":{"_et_pb_use_builder":"","_et_pb_old_content":"","_et_gb_content_width":"","footnotes":""},"categories":[6],"tags":[],"class_list":["post-202721","post","type-post","status-publish","format-standard","hentry","category-tv"],"_links":{"self":[{"href":"https:\/\/otraronda.xyz\/rock\/wp-json\/wp\/v2\/posts\/202721","targetHints":{"allow":["GET"]}}],"collection":[{"href":"https:\/\/otraronda.xyz\/rock\/wp-json\/wp\/v2\/posts"}],"about":[{"href":"https:\/\/otraronda.xyz\/rock\/wp-json\/wp\/v2\/types\/post"}],"author":[{"embeddable":true,"href":"https:\/\/otraronda.xyz\/rock\/wp-json\/wp\/v2\/users\/1"}],"replies":[{"embeddable":true,"href":"https:\/\/otraronda.xyz\/rock\/wp-json\/wp\/v2\/comments?post=202721"}],"version-history":[{"count":0,"href":"https:\/\/otraronda.xyz\/rock\/wp-json\/wp\/v2\/posts\/202721\/revisions"}],"wp:attachment":[{"href":"https:\/\/otraronda.xyz\/rock\/wp-json\/wp\/v2\/media?parent=202721"}],"wp:term":[{"taxonomy":"category","embeddable":true,"href":"https:\/\/otraronda.xyz\/rock\/wp-json\/wp\/v2\/categories?post=202721"},{"taxonomy":"post_tag","embeddable":true,"href":"https:\/\/otraronda.xyz\/rock\/wp-json\/wp\/v2\/tags?post=202721"}],"curies":[{"name":"wp","href":"https:\/\/api.w.org\/{rel}","templated":true}]}}