{"id":202720,"date":"2026-04-26T12:03:18","date_gmt":"2026-04-26T10:03:18","guid":{"rendered":"https:\/\/otraronda.xyz\/rock\/visto-lo-visto-se-estreno-en-telecinco-con-sus-cartas-al-descubierto-imagenes-insolitas-impactantes-y-espectaculares\/"},"modified":"2026-04-26T12:03:18","modified_gmt":"2026-04-26T10:03:18","slug":"visto-lo-visto-se-estreno-en-telecinco-con-sus-cartas-al-descubierto-imagenes-insolitas-impactantes-y-espectaculares","status":"publish","type":"post","link":"https:\/\/otraronda.xyz\/rock\/visto-lo-visto-se-estreno-en-telecinco-con-sus-cartas-al-descubierto-imagenes-insolitas-impactantes-y-espectaculares\/","title":{"rendered":"&#8216;Visto lo visto&#8217; se estren\u00f3 en Telecinco con sus cartas al descubierto: \u00abIm\u00e1genes ins\u00f3litas, impactantes y espectaculares\u00bb"},"content":{"rendered":"<div>\n<p><img loading=\"lazy\" decoding=\"async\" src=\"https:\/\/static.eldiario.es\/clip\/ead62443-0cc0-4e9b-a2e5-e958603ce97a_16-9-discover-aspect-ratio_default_0.jpg\" width=\"1200\" height=\"675\" alt=\"'Visto lo visto' se estren\u00f3 en Telecinco con sus cartas al descubierto: &quot;Im\u00e1genes ins\u00f3litas, impactantes y espectaculares&quot;\"><\/p>\n<div class=\"subtitles\">\n<p class=\"subtitle\">La cadena de Mediaset ha estrenado este s\u00e1bado su nuevo magac\u00edn matinal con Ver\u00f3nica Dulanto. El programa es una sucesi\u00f3n de v\u00eddeos espectaculares y temas de actualidad<\/p>\n<p class=\"subtitle\">Primeras audiencias &#8211; &#8216;Visto lo visto&#8217; llega a Telecinco con datos de audiencia menos espectaculares que su contenido<\/p>\n<p class=\"subtitle\">La emoci\u00f3n de Lorenzo Mil\u00e1 en RTVE tras el apag\u00f3n cr\u00edtico de la misi\u00f3n Artemisa II: \u201cMadre m\u00eda qu\u00e9 momento\u201d<\/p>\n<\/div>\n<p class=\"article-text\">\n        <strong>Telecinco <\/strong>ha estrenado este s\u00e1bado 11 de abril <em><strong>Visto lo visto<\/strong><\/em>, su nuevo magac\u00edn para las ma\u00f1anas de s\u00e1bados y domingos. Tras haberlo intentado sin \u00e9xito con la cr\u00f3nica rosa (<em><strong>Socialit\u00e9 <\/strong><\/em>y <em><strong>Vaya fama<\/strong><\/em> no alcanzaron los datos de audiencia esperados), la cadena de Mediaset apuesta ahora por un programa de actualidad que trae a la peque\u00f1a pantalla las noticias m\u00e1s llamativas y los v\u00eddeos m\u00e1s espectaculares.\n    <\/p>\n<p class=\"article-text\">\n        <strong>\u201c\u00c1gil, visual, impactante y conectado con los temas que interesan\u201d<\/strong>. Con estos adjetivos se anunciaba hace solo unos d\u00edas la nueva apuesta matinal de Telecinco. Es un buen resumen de lo que ha sido esta primera entrega del formato, al frente del cual est\u00e1 la periodista <strong>Ver\u00f3nica Dulanto<\/strong>.\n    <\/p>\n<p class=\"article-text\">\n        <em>Visto lo visto<\/em> ha iniciado su emisi\u00f3n con la impactante imagen de un paracaidista a punto de estrellarse contra el suelo. <strong>Es as\u00ed como se ha intentado retener a los espectadores, con este angustioso v\u00eddeo cuyo final se desvelar\u00eda m\u00e1s tarde<\/strong>. A continuaci\u00f3n, Dulanto saludaba al p\u00fablico desde el plat\u00f3 con otra imagen menos espectacular, pero m\u00e1s trascendental: la de la c\u00e1psula Ori\u00f3n amenizando sobre el Pac\u00edfico y trayendo de vuelta a la Tierra a los cuatro astronautas de la misi\u00f3n Artemisa II. \u201cEs la imagen del a\u00f1o, la imagen del triunfo que sin duda pasar\u00e1 a la historia\u201d, explicaba la presentadora. Segundos despu\u00e9s, su compa\u00f1ero <strong>Jos\u00e9 Luis Vidal<\/strong> cambiaba de tema y soltaba otro llamativo titular en un giro de guion que parec\u00eda imposible: \u201cDe la cara del \u00e9xito, a la cara m\u00e1s terrible del ser humano\u201d. Se estaba refiriendo al ladr\u00f3n de Torrevieja que ha sido grabado mientras robaba a los pacientes de un hospital. A continuaci\u00f3n, m\u00e1s \u201cim\u00e1genes espeluznantes\u201d.\n    <\/p>\n<blockquote class=\"twitter-tweet\" data-lang=\"es\"><p><a href=\"https:\/\/twitter.com\/X\/status\/2042935713432309855?ref_src=twsrc%5Etfw\"><\/a><\/p><\/blockquote>\n<p><script async src=\"https:\/\/platform.twitter.com\/widgets.js\" charset=\"utf-8\"><\/script><\/p>\n<p class=\"article-text\">\n        A lo largo de una hora, el nuevo programa de Telecinco, que est\u00e1 producido por Cuarzo, <strong>ha emitido una buena selecci\u00f3n de los v\u00eddeos m\u00e1s \u201cins\u00f3litos, impactantes y espectaculares\u201d<\/strong>. V\u00eddeos que posiblemente se hayan visto en las redes sociales antes que en la peque\u00f1a pantalla.\n    <\/p>\n<p class=\"article-text\">\n        El magac\u00edn ha tratado otros temas menos escabrosos \u2013pero llamativos tambi\u00e9n\u2013 y ha conectado en directo con algunos de sus reporteros. Una de las periodistas del programa ha acabado esquilando a una oveja.\n    <\/p>\n<p class=\"article-text\">\n        De principio a fin sonaba la t\u00edpica sinton\u00eda apocal\u00edptica que a\u00f1ade incluso m\u00e1s dramatismo a escenas que, por s\u00ed solas, \u201cponen los pelos de punta\u201d. Y justo antes de acabar esta primera entrega de <em>Visto lo visto<\/em>, Ver\u00f3nica Dulanto ha desvelado que el paracaidista que protagoniz\u00f3 el primero de los v\u00eddeos (cuyo desenlace se hab\u00eda ocultado inicialmente) est\u00e1 \u201csano y salvo\u201d. <strong>El paraca\u00eddas se abri\u00f3 en el \u00faltimo momento<\/strong>.\n    <\/p>\n<p class=\"article-text\">\n        Curiosamente, y para no perder por el camino ni un solo espectador, Dulanto ha dado paso de inmediato, y sin publicidad de por medio, a <strong>Mar\u00eda Casado<\/strong>, que esperaba su turno en el plat\u00f3 de <em><strong>Informativos Telecinco<\/strong><\/em>.\n    <\/p>\n<\/div>\n","protected":false},"excerpt":{"rendered":"<p>La cadena de Mediaset ha estrenado este s\u00e1bado su nuevo magac\u00edn matinal con Ver\u00f3nica Dulanto. El programa es una sucesi\u00f3n de v\u00eddeos espectaculares y temas de actualidad Primeras audiencias &#8211; &#8216;Visto lo visto&#8217; llega a Telecinco con datos de audiencia menos espectaculares que su contenido La emoci\u00f3n de Lorenzo Mil\u00e1 en RTVE tras el apag\u00f3n [&hellip;]<\/p>\n","protected":false},"author":1,"featured_media":0,"comment_status":"closed","ping_status":"open","sticky":false,"template":"","format":"standard","meta":{"_et_pb_use_builder":"","_et_pb_old_content":"","_et_gb_content_width":"","footnotes":""},"categories":[6],"tags":[],"class_list":["post-202720","post","type-post","status-publish","format-standard","hentry","category-tv"],"_links":{"self":[{"href":"https:\/\/otraronda.xyz\/rock\/wp-json\/wp\/v2\/posts\/202720","targetHints":{"allow":["GET"]}}],"collection":[{"href":"https:\/\/otraronda.xyz\/rock\/wp-json\/wp\/v2\/posts"}],"about":[{"href":"https:\/\/otraronda.xyz\/rock\/wp-json\/wp\/v2\/types\/post"}],"author":[{"embeddable":true,"href":"https:\/\/otraronda.xyz\/rock\/wp-json\/wp\/v2\/users\/1"}],"replies":[{"embeddable":true,"href":"https:\/\/otraronda.xyz\/rock\/wp-json\/wp\/v2\/comments?post=202720"}],"version-history":[{"count":0,"href":"https:\/\/otraronda.xyz\/rock\/wp-json\/wp\/v2\/posts\/202720\/revisions"}],"wp:attachment":[{"href":"https:\/\/otraronda.xyz\/rock\/wp-json\/wp\/v2\/media?parent=202720"}],"wp:term":[{"taxonomy":"category","embeddable":true,"href":"https:\/\/otraronda.xyz\/rock\/wp-json\/wp\/v2\/categories?post=202720"},{"taxonomy":"post_tag","embeddable":true,"href":"https:\/\/otraronda.xyz\/rock\/wp-json\/wp\/v2\/tags?post=202720"}],"curies":[{"name":"wp","href":"https:\/\/api.w.org\/{rel}","templated":true}]}}