{"id":202719,"date":"2026-04-26T10:37:11","date_gmt":"2026-04-26T08:37:11","guid":{"rendered":"https:\/\/otraronda.xyz\/rock\/malas-lenguas-salto-al-prime-time-de-rtve-con-el-abandono-de-ernesto-ekaizer-me-has-ignorado-todo-el-programa\/"},"modified":"2026-04-26T10:37:11","modified_gmt":"2026-04-26T08:37:11","slug":"malas-lenguas-salto-al-prime-time-de-rtve-con-el-abandono-de-ernesto-ekaizer-me-has-ignorado-todo-el-programa","status":"publish","type":"post","link":"https:\/\/otraronda.xyz\/rock\/malas-lenguas-salto-al-prime-time-de-rtve-con-el-abandono-de-ernesto-ekaizer-me-has-ignorado-todo-el-programa\/","title":{"rendered":"&#8216;Malas lenguas&#8217; salt\u00f3 al prime time de RTVE con el abandono de Ernesto Ekaizer: \u00abMe has ignorado todo el programa\u00bb"},"content":{"rendered":"<div>\n<p><img loading=\"lazy\" decoding=\"async\" src=\"https:\/\/static.eldiario.es\/clip\/cf06dba7-ee66-45bb-a561-f21896dce009_16-9-discover-aspect-ratio_default_0.jpg\" width=\"1200\" height=\"675\" alt=\"'Malas lenguas' salt\u00f3 al prime time de RTVE con el abandono de Ernesto Ekaizer: &quot;Me has ignorado todo el programa&quot;\"><\/p>\n<div class=\"subtitles\">\n<p class=\"subtitle\">El programa de Jes\u00fas Cintora debut\u00f3 ayer en la noche del s\u00e1bado con una amplia tertulia de casi cuatro horas de duraci\u00f3n y con un momento de tensi\u00f3n entre el presentador y Ernesto Ekaizer<\/p>\n<p class=\"subtitle\">Entrevista &#8211; Ver\u00f3nica Dulanto, ante el reto de &#8216;Visto lo visto&#8217;: \u201cEs dif\u00edcil dar la vuelta a esos h\u00e1bitos, que la gente pase por Telecinco\u201d<\/p>\n<\/div>\n<p class=\"article-text\">\n        <strong>La 2<\/strong> estren\u00f3 este s\u00e1bado 25 de abril <em><strong>Malas lenguas noche<\/strong><\/em>, la versi\u00f3n nocturna del programa de actualidad que presenta <strong>Jes\u00fas Cintora<\/strong> en las tardes de lunes a viernes.\n    <\/p>\n<p class=\"article-text\">\n        Para esta primera entrega de prime time, la tertulia de <strong>RTVE <\/strong>sent\u00f3 en su mesa a una veintena de analistas repartidos en varias tandas: <strong>Javier Aroca, Ant\u00f3n Losada, Paloma Esteban, Jes\u00fas Mara\u00f1a, Manuel Gazapo, Fernando Cocho, Pilar Cebri\u00e1n, Sarah Santaolalla, Fernando Garea, Miquel Ramos, Jos\u00e9 Luis P\u00e9rez, Jos\u00e9 Trigueros, Gloria Marcos, Esther Palomera, Gonzalo Mir\u00f3n, Francisco Sim\u00f3n, Marta G\u00f3mez Montero, Jos\u00e9 Apezarena, Ana Cabanillas y Ernesto Ekaizer<\/strong>. Este \u00faltimo, cuando el programa llevaba una hora en emisi\u00f3n, abandon\u00f3 el plat\u00f3 por sus discrepancias con el presentador.\n    <\/p>\n<p class=\"article-text\">\n        La situaci\u00f3n entre ellos se observ\u00f3 tensa desde el primer instante. Cuando Cintora present\u00f3 a sus contertulios, cada uno de ellos le devolvi\u00f3 el saludo. Todos salvo Ekaizer, que solo intervino cuando se le dio el turno de palabra. Lo hizo, adem\u00e1s, con cierta incomodidad y con menos tiempo del que le habr\u00eda gustado tener. <strong>\u201c\u00bfQu\u00e9 quieres que te diga?\u201d<\/strong>, pregunt\u00f3 al presentador cuando este le pidi\u00f3 una valoraci\u00f3n sobre el auge del fascismo en Espa\u00f1a. \u201c<strong>Lo que opinas, para eso est\u00e1s aqu\u00ed\u201d<\/strong>, le record\u00f3 Cintora r\u00e1pidamente.\n    <\/p>\n<p class=\"article-text\">\n        Tras este primer momento de tensi\u00f3n que no fue m\u00e1s all\u00e1 de ese peque\u00f1o tira y afloja, el presentador de <em>Malas lenguas noche<\/em> cambi\u00f3 de tema y puso sobre la mesa el juicio por la <em>Operaci\u00f3n Kitchen<\/em>. Y a Ernesto Ekaizer, que es uno de los periodistas que m\u00e1s ha escrito sobre esta cuesti\u00f3n, le molest\u00f3 que Cintora solo le pidiera un par de valoraciones al respecto.\n    <\/p>\n<p class=\"article-text\">\n        <strong>\u201cMe has ignorado todo el programa\u201d<\/strong>, se quej\u00f3 el argentino cuando su compa\u00f1ero le dio paso. \u201cHe escrito tres libros y no s\u00e9 decirte nada sobre esto. Resp\u00f3ndete t\u00fa\u201d, a\u00f1adi\u00f3 con una mezcla de sarcasmo e indignaci\u00f3n. Acto seguido, el tertuliano abandon\u00f3 el programa:<strong> \u201cFrancamente, deber\u00eda irme. Y creo me voy a ir\u201d<\/strong>, dijo mientras se levantaba de su silla para salir del estudio, cosa que hizo tras disculparse con los presentes: <strong>\u201cLo siento mucho. No es por vosotros cinco, es por el presentador\u201d<\/strong>, les aclar\u00f3.\n    <\/p>\n<figure class=\"embed-container embed-container--type-embed \">\n<blockquote class=\"twitter-tweet\" data-media-max-width=\"560\">\n<p lang=\"es\" dir=\"ltr\">Ernesto Ekaizer, maneja mucha y buena informaci\u00f3n de tribunales, ha escrito varios libros, pero tambi\u00e9n hay que decir, que su comportamiento en plat\u00f3 deja mucho que desear. <a href=\"https:\/\/twitter.com\/hashtag\/MalasLenguasN?src=hash&amp;ref_src=twsrc%5Etfw\">#MalasLenguasN<\/a> <a href=\"https:\/\/t.co\/o3Gk51UQVQ\">pic.twitter.com\/o3Gk51UQVQ<\/a><\/p>\n<p>\u2014 Juan Aparicio (@_Juan__A) <a href=\"https:\/\/twitter.com\/_Juan__A\/status\/2048159124186181984?ref_src=twsrc%5Etfw\">April 25, 2026<\/a><\/p><\/blockquote>\n<p> <script async src=\"https:\/\/platform.twitter.com\/widgets.js\" charset=\"utf-8\"><\/script><br \/>\n    <\/figure>\n<p class=\"article-text\">\n        Cintora no trat\u00f3 de evitar la salida del colaborador. \u201cBuenas noches, Ernesto. Gracias\u201d, reaccion\u00f3 el soriano. <strong>\u201cAqu\u00ed cada uno es libre de hacer lo que considere. Hay voz para todos\u201d<\/strong>, indic\u00f3 por \u00faltimo. Segundos despu\u00e9s, con Ekaizer fuera del plat\u00f3, el programa continu\u00f3 con normalidad.\n    <\/p>\n<p class=\"article-text\">\n        Lo cierto es que no es la primera vez que saltan chispas entre ellos. A lo largo de 2025, Ekaizer manifest\u00f3 <a href=\"https:\/\/www.eldiario.es\/vertele\/noticias\/ernesto-ekaizer-vuelve-protestar-malas-lenguas-rtve-interrupcion-no-intervenir_1_12876734.html\" target=\"_blank\" data-mrf-recirculation=\"links-noticia\" class=\"link\">en dos ocasiones<\/a> su desacuerdo con el tono de Malas lenguas y con el manejo de los tiempos que hace Cintora.\n    <\/p>\n<\/div>\n","protected":false},"excerpt":{"rendered":"<p>El programa de Jes\u00fas Cintora debut\u00f3 ayer en la noche del s\u00e1bado con una amplia tertulia de casi cuatro horas de duraci\u00f3n y con un momento de tensi\u00f3n entre el presentador y Ernesto Ekaizer Entrevista &#8211; Ver\u00f3nica Dulanto, ante el reto de &#8216;Visto lo visto&#8217;: \u201cEs dif\u00edcil dar la vuelta a esos h\u00e1bitos, que la [&hellip;]<\/p>\n","protected":false},"author":1,"featured_media":0,"comment_status":"closed","ping_status":"open","sticky":false,"template":"","format":"standard","meta":{"_et_pb_use_builder":"","_et_pb_old_content":"","_et_gb_content_width":"","footnotes":""},"categories":[6],"tags":[],"class_list":["post-202719","post","type-post","status-publish","format-standard","hentry","category-tv"],"_links":{"self":[{"href":"https:\/\/otraronda.xyz\/rock\/wp-json\/wp\/v2\/posts\/202719","targetHints":{"allow":["GET"]}}],"collection":[{"href":"https:\/\/otraronda.xyz\/rock\/wp-json\/wp\/v2\/posts"}],"about":[{"href":"https:\/\/otraronda.xyz\/rock\/wp-json\/wp\/v2\/types\/post"}],"author":[{"embeddable":true,"href":"https:\/\/otraronda.xyz\/rock\/wp-json\/wp\/v2\/users\/1"}],"replies":[{"embeddable":true,"href":"https:\/\/otraronda.xyz\/rock\/wp-json\/wp\/v2\/comments?post=202719"}],"version-history":[{"count":0,"href":"https:\/\/otraronda.xyz\/rock\/wp-json\/wp\/v2\/posts\/202719\/revisions"}],"wp:attachment":[{"href":"https:\/\/otraronda.xyz\/rock\/wp-json\/wp\/v2\/media?parent=202719"}],"wp:term":[{"taxonomy":"category","embeddable":true,"href":"https:\/\/otraronda.xyz\/rock\/wp-json\/wp\/v2\/categories?post=202719"},{"taxonomy":"post_tag","embeddable":true,"href":"https:\/\/otraronda.xyz\/rock\/wp-json\/wp\/v2\/tags?post=202719"}],"curies":[{"name":"wp","href":"https:\/\/api.w.org\/{rel}","templated":true}]}}