{"id":202682,"date":"2026-04-25T18:03:24","date_gmt":"2026-04-25T16:03:24","guid":{"rendered":"https:\/\/otraronda.xyz\/rock\/angel-llacer-estrena-su-cluedo-vip-en-antena-3-siendo-fiel-a-tu-cara-me-suena-no-tengo-ambicion-de-hacerme-una-carrera\/"},"modified":"2026-04-25T18:03:24","modified_gmt":"2026-04-25T16:03:24","slug":"angel-llacer-estrena-su-cluedo-vip-en-antena-3-siendo-fiel-a-tu-cara-me-suena-no-tengo-ambicion-de-hacerme-una-carrera","status":"publish","type":"post","link":"https:\/\/otraronda.xyz\/rock\/angel-llacer-estrena-su-cluedo-vip-en-antena-3-siendo-fiel-a-tu-cara-me-suena-no-tengo-ambicion-de-hacerme-una-carrera\/","title":{"rendered":"\u00c0ngel Ll\u00e0cer estrena su Cluedo VIP en Antena 3 siendo fiel a &#8216;Tu cara me suena&#8217;: \u00abNo tengo ambici\u00f3n de hacerme una carrera\u00bb"},"content":{"rendered":"<div>\n<p><img loading=\"lazy\" decoding=\"async\" src=\"https:\/\/static.eldiario.es\/clip\/27fe64d8-efa6-4775-a8d2-d5de3d9db2b4_16-9-discover-aspect-ratio_default_0.jpg\" width=\"1200\" height=\"675\" alt=\"\u00c0ngel Ll\u00e0cer\"><\/p>\n<div class=\"subtitles\">\n<p class=\"subtitle\">Hablamos con \u00c0ngel Ll\u00e0cer ante el estreno este s\u00e1bado de &#8216;Una fiesta de muerte&#8217;, nuevo programa especial de Antena 3 que pondr\u00e1 a un grupo de famosos a investigar un &#8216;asesinato&#8217;. El catal\u00e1n, que combina este formato con &#8216;Tu cara me suena&#8217;, resta importancia a su faceta como presentador: \u00abLa tele ha hecho m\u00e1s por m\u00ed que yo por ella\u00bb, reflexiona a la hora de definir sus aspiraciones en el medio <\/p>\n<p class=\"subtitle\">An\u00e1lisis &#8211; &#8216;Se nos ha ido de las manos&#8217; el retraso del prime time: un estreno a medianoche que lleva al extremo una deriva preocupante\n<\/p>\n<p class=\"subtitle\">Cr\u00edtica &#8211; Prime Video rompe moldes con &#8216;Cochinas&#8217;, una provocativa comedia sobre liberaci\u00f3n sexual femenina\n<\/p>\n<\/div>\n<p class=\"article-text\">\n        <strong>\u00c0ngel Ll\u00e0cer<\/strong> vive un momento especialmente dulce en la televisi\u00f3n. El catal\u00e1n, que sigue siendo el \u00fanico juez de <em><strong>Tu cara me suena<\/strong><\/em> que permanece en el programa desde su primera edici\u00f3n, recupera este s\u00e1bado su faceta como presentador al frente de<em><strong> Una fiesta de muerte<\/strong><\/em>, <a href=\"https:\/\/www.eldiario.es\/vertele\/noticias\/una-fiesta-de-muerte-antena-3-anuncia-7-primeros-concursantes-famosos-nuevo-programa-tipo-cluedo-angel-llacer_1_13071721.html\" target=\"_blank\" data-mrf-recirculation=\"links-noticia\" class=\"link\">un nuevo formato<\/a> que llega a <strong>Antena 3<\/strong> -de momento como <strong>programa evento<\/strong>&#8211; y que pondr\u00e1 a <strong>un grupo de famosos<\/strong> a intentar descubrir al art\u00edfice (tambi\u00e9n VIP) de un ficticio asesinato.\n    <\/p>\n<p class=\"article-text\">\n        <strong>Marta S\u00e1nchez, Bert\u00edn Osborne, Antonio Resines, Gl\u00f2ria Serra, Ana Peleteiro, Alberto Chicote<\/strong> y <strong>Esperansa Grasia <\/strong>son los siete concursantes de esta primera entrega de un programa que a muchos ha recordado a <em>Traitors<\/em>, algo que Ll\u00e0cer desmiente: \u201cNo tienen nada que ver. Entiendo que si no saben de qu\u00e9 va lo piensen. Pero en realidad <strong>es m\u00e1s como el <\/strong><em><strong>Cluedo<\/strong><\/em><strong>, no es tan <\/strong><em><strong>Traitors<\/strong><\/em>\u201d, avanza el maestro de ceremonias de esta alocada &#8216;fiesta&#8217; que tendr\u00e1 misterio y comedia a partes iguales.\n    <\/p>\n<p class=\"article-text\">\n        Ll\u00e0cer explica que \u00e9l ser\u00e1 el encargado de proponer a los participantes una serie de juegos y retos a trav\u00e9s de los cuales podr\u00e1n obtener pistas sobre un asesino que puede ser <strong>\u201cun famoso de todo el mundo\u201d<\/strong>. Una descripci\u00f3n que, en realidad, aproxima m\u00e1s este formato a la mec\u00e1nica de <em>Mask Singer<\/em>: \u201cExacto, es un poco eso\u201d, confirma el televisivo, que avisa de que <strong>la identidad del &#8216;homicida&#8217; \u201ces flipante\u201d<\/strong>.<strong> <\/strong>\u201cNo te lo puedes imaginar. Adem\u00e1s, como t\u00fa tienes todo un abanico de posibilidades de famosos mundiales, vas pensando en uno y en otro. Y la implicaci\u00f3n de los detectives tambi\u00e9n lo hace superdivertido\u201d, afirma.\n    <\/p>\n<p class=\"article-text\">\n        Haciendo balance de su larga trayectoria en la peque\u00f1a pantalla, Ll\u00e0cer niega que este proyecto sea un intento por afianzarse como presentador: \u201c<strong>Yo no tengo ambici\u00f3n de hacerme una carrera de nada<\/strong>.<strong> <\/strong>De hecho, no la he tenido nunca. La televisi\u00f3n es un ente que a m\u00ed me ha querido, y ha hecho m\u00e1s la televisi\u00f3n por m\u00ed que yo por la televisi\u00f3n. Nunca he hecho nada como para estar en la televisi\u00f3n, la televisi\u00f3n me ha querido y punto pelota\u201d, reflexiona el tambi\u00e9n actor y productor, que asegura que su energ\u00eda y su motivaci\u00f3n siempre ha estado puesta en el teatro.\n    <\/p>\n<p class=\"article-text\">\n        Mientras tanto, Ll\u00e0cer acumula tres lustros como juez de <em>Tu cara me suena<\/em>, talent del que asegura que no se cansa porque forma ya parte de su vida: \u201cLlevo tantos a\u00f1os porque <strong>ni yo me he aburrido del programa ni el programa se ha aburrido de m\u00ed<\/strong>. Y eso yo creo que es porque siempre es aut\u00e9ntico\u201d, valora \u00c0ngel, que s\u00ed ve m\u00e1s alejada la posibilidad de volver a retomar alg\u00fan d\u00eda el rol de profesor de <em>OT <\/em>que hace ahora 25 a\u00f1os lo catapult\u00f3 a la fama:  \u201cSer profesor de <em>Operaci\u00f3n Triunfo<\/em> pide mucha implicaci\u00f3n y yo tengo muchas cosas que hacer\u201d.\n    <\/p>\n<figure class=\"ni-figure\">\n<picture class=\"news-image\">\n                                    <!--[if IE 9]>\n                <video style=\"display: none;\"><![endif]--><source media=\"(max-width: 576px)\" type=\"image\/webp\" srcset=\"https:\/\/static.eldiario.es\/clip\/3ca09e9d-b4ed-40e9-bbec-3901cb5328d4_16-9-discover-aspect-ratio_50p_0.webp\"><source media=\"(max-width: 576px)\" type=\"image\/jpg\" srcset=\"https:\/\/static.eldiario.es\/clip\/3ca09e9d-b4ed-40e9-bbec-3901cb5328d4_16-9-discover-aspect-ratio_50p_0.jpg\"><source media=\"(max-width: 767px)\" type=\"image\/webp\" srcset=\"https:\/\/static.eldiario.es\/clip\/3ca09e9d-b4ed-40e9-bbec-3901cb5328d4_16-9-discover-aspect-ratio_75p_0.webp\"><source media=\"(max-width: 767px)\" type=\"image\/jpg\" srcset=\"https:\/\/static.eldiario.es\/clip\/3ca09e9d-b4ed-40e9-bbec-3901cb5328d4_16-9-discover-aspect-ratio_75p_0.jpg\"><source type=\"image\/webp\" srcset=\"https:\/\/static.eldiario.es\/clip\/3ca09e9d-b4ed-40e9-bbec-3901cb5328d4_16-9-discover-aspect-ratio_default_0.webp\"><source type=\"image\/jpg\" srcset=\"https:\/\/static.eldiario.es\/clip\/3ca09e9d-b4ed-40e9-bbec-3901cb5328d4_16-9-discover-aspect-ratio_default_0.jpg\"><!--[if IE 9]><\/video><![endif]--><\/p>\n<p>                <img decoding=\"async\" src=\"https:\/\/static.eldiario.es\/clip\/3ca09e9d-b4ed-40e9-bbec-3901cb5328d4_16-9-discover-aspect-ratio_default_0.jpg\" alt=\"Los detectives famosos de 'Una fiesta de muerte'\"><\/p>\n<\/picture><figcaption class=\"image-footer\">\n            <span class=\"title\"><br \/>\n                Los detectives famosos de &#8216;Una fiesta de muerte&#8217;                            <\/span><br \/>\n                                    <\/figcaption><\/figure>\n<p class=\"article-text\">\n        <strong>\u00bfC\u00f3mo ha surgido este salto a presentador de Antena 3? \u00bfPor qu\u00e9 pensaron en ti para este proyecto? <\/strong>\n    <\/p>\n<p class=\"article-text\">\n        Me dijeron: \u201cTenemos un programa especial y necesitamos a alguien como t\u00fa, divertido, con tu energ\u00eda\u201d. El programa es una fiesta, una fiesta de muerte, y necesitaban a alguien con esa energ\u00eda de anfitri\u00f3n, con cierta iron\u00eda y divertido. El programa te pide muchas dotes actorales, tienes que ser bueno, tienes que ser malo, tienes que ser intrigante, generoso, divertido&#8230; Muchas cosas. Al final, pues yo soy actor y me paso m\u00e1s tiempo encima de un escenario que en la televisi\u00f3n.\n    <\/p>\n<p class=\"article-text\">\n        <strong>\u00bfTendr\u00e1 mucho peso la comedia en el formato entre tanto misterio? <\/strong>\n    <\/p>\n<p class=\"article-text\">\n        S\u00ed, claro, hay de todo. El formato te da miedo, te da intriga, te hace re\u00edr&#8230; Es supercompleto. Adem\u00e1s, como es un programa evento, eso le a\u00f1adir\u00e1 una energ\u00eda mucho m\u00e1s especial que har\u00e1 que a la gente le guste mucho m\u00e1s. Y la gente jugar\u00e1 desde casa, que eso tambi\u00e9n es superimportante porque pueden ganar 3.000 euros. Ir\u00e1n descubriendo las pistas a la vez que los detectives.\n    <\/p>\n<p class=\"article-text\">\n        <strong>Esta ha sido una nueva oportunidad para ti de presentar en la televisi\u00f3n nacional. \u00bfTe apetec\u00eda afianzar esa faceta tuya como presentador?<\/strong>\n    <\/p>\n<p class=\"article-text\">\n        No, es que yo no lo veo como una oportunidad. Oportunidades, yo ya&#8230; No s\u00e9. Yo estoy en una \u00e9poca en la que digo que s\u00ed a las cosas que me apetecen y que no a las cosas que no me apetecen. Tampoco tengo una ambici\u00f3n de hacerme una carrera de nada. De hecho, no la he tenido nunca. La televisi\u00f3n es un ente que a m\u00ed me ha querido, y ha hecho m\u00e1s la televisi\u00f3n por m\u00ed que yo por la televisi\u00f3n. Nunca he hecho nada como para estar en la televisi\u00f3n, la televisi\u00f3n me ha querido y punto pelota. Yo lo que s\u00ed que he hecho es dedicarme al teatro, ah\u00ed es donde pongo mi energ\u00eda y mi esfuerzo para conseguir cosas. Pero yo siempre me he dejado querer por la televisi\u00f3n, me ha querido y yo la he querido much\u00edsimo. Y la verdad es que tenemos una relaci\u00f3n longeva, porque al final ya hace veintipico de a\u00f1os que salgo en la tele.\n    <\/p>\n<blockquote class=\"quote\">\n<div class=\"quote-wrapper\">\n<div class=\"first-quote\"><\/div>\n<p class=\"quote-text\">Ha hecho m\u00e1s la televisi\u00f3n por m\u00ed que yo por la televisi\u00f3n<\/p>\n<div class=\"quote-author\">\n                        <span class=\"name\">\u00c0ngel Ll\u00e0cer<\/span>\n                                  <\/div>\n<\/p><\/div>\n<\/blockquote>\n<p class=\"article-text\">\n        <strong>\u00bfEn qu\u00e9 se va a diferenciar este formato de <\/strong><em><strong>Traitors<\/strong><\/em><strong>? <\/strong>\n    <\/p>\n<p class=\"article-text\">\n        No tienen nada que ver. Entiendo que si no saben de qu\u00e9 va lo piensen. Pero en realidad es m\u00e1s como el <em>Cluedo<\/em>, no es tan <em>Traitors<\/em>. Aqu\u00ed no hay nadie que traicione a nadie y ellos no son los asesinos. Uno de ellos va a morir y los supervivientes tendr\u00e1n que descubrir qui\u00e9n es el asesino. El asesino es un famoso del mundo, puede ser cualquiera. Yo les ir\u00e9 dando pistas, les ir\u00e9 proponiendo juegos para que consigan pruebas y pistas y, al final, para que descubran qui\u00e9n se esconde detr\u00e1s del asesino. El asesino es un famoso de todo el mundo que no es ninguno de ellos. Por lo tanto, aqu\u00ed no hay traici\u00f3n. Y luego, se ha tratado mucho el formato como una serie, como una pel\u00edculas de estas de Agatha Christie. A nivel de realizaci\u00f3n es muy bonito y  los planos est\u00e1n muy bien cuidados. Es m\u00e1s una ficci\u00f3n que un programa.\n    <\/p>\n<p class=\"article-text\">\n        <strong>\u00bfSorprender\u00e1 la identidad del famoso o de los famosos que actuar\u00e1n como asesinos VIP? \u00bfVa a ser un aliciente para el espectador como ocurre en <\/strong><em><strong>Mask Singer<\/strong><\/em><strong>? <\/strong>\n    <\/p>\n<p class=\"article-text\">\n        Exacto, es un poco eso. Es flipante. Yo tampoco lo sab\u00eda, porque no lo pod\u00eda saber, y es muy sorprendente. No te lo puedes imaginar. Adem\u00e1s, como t\u00fa tienes todo un abanico de posibilidades de famosos mundiales, vas pensando en uno y en otro. Y la implicaci\u00f3n de los detectives tambi\u00e9n lo hace superdivertido, porque de golpe se pican, se al\u00edan, se enfadan, se r\u00eden&#8230; Y como han vivido ah\u00ed tres d\u00edas metidos, la implicaci\u00f3n es superguay.\n    <\/p>\n<p class=\"article-text\">\n        <strong>Este es un nuevo formato con famosos m\u00e1s en la televisi\u00f3n. \u00bfCrees que hay una saturaci\u00f3n de VIPs en los programas? \u00bfCrees que los an\u00f3nimos ya no dan tantas garant\u00edas?<\/strong>\n    <\/p>\n<p class=\"article-text\">\n        Mira, aqu\u00ed lo de los famosos tiene importancia porque el p\u00f3ster es chulo y porque los ves a ellos jugar, pero es que en el minuto uno se olvidan de qui\u00e9nes son. Se convierten en investigadores. Hay muchos formatos que sacan jugo del hecho de que son famosos, o del conflicto que tenga con alguien o con su vida, aqu\u00ed no, aqu\u00ed da igual. Aqu\u00ed da igual que seas cantante, que seas periodista, que seas actor, que seas deportista&#8230; Da igual, aqu\u00ed lo importante es jugar. Y yo les hago jugar y apelo a la autenticidad de cada uno.\n    <\/p>\n<p class=\"article-text\">\n        <strong>\u00bfA cu\u00e1l de los detectives famosos hay que prestar m\u00e1s atenci\u00f3n? \u00bfHay alguno que sorprendiera especialmente por sus dotes investigadoras? Ah\u00ed igual Gl\u00f2ria Serra va con ventaja&#8230;<\/strong>\n    <\/p>\n<p class=\"article-text\">\n        \u00a1A todos! Aqu\u00ed no te despistes&#8230; No puedo decir nada, pero todos est\u00e1n muy implicados y todos usan todas sus artes, buenas y malas, para esconder o no pistas a los dem\u00e1s y ser ellos los \u00fanicos que descubran al asesino. Compiten entre ellos.\n    <\/p>\n<figure class=\"ni-figure\">\n<picture class=\"news-image\">\n                                    <!--[if IE 9]>\n                <video style=\"display: none;\"><![endif]--><source media=\"(max-width: 576px)\" type=\"image\/webp\" srcset=\"https:\/\/static.eldiario.es\/clip\/7696caa6-5ea8-412e-9d42-369f427c07d3_16-9-discover-aspect-ratio_50p_0.webp\"><source media=\"(max-width: 576px)\" type=\"image\/jpg\" srcset=\"https:\/\/static.eldiario.es\/clip\/7696caa6-5ea8-412e-9d42-369f427c07d3_16-9-discover-aspect-ratio_50p_0.jpg\"><source media=\"(max-width: 767px)\" type=\"image\/webp\" srcset=\"https:\/\/static.eldiario.es\/clip\/7696caa6-5ea8-412e-9d42-369f427c07d3_16-9-discover-aspect-ratio_75p_0.webp\"><source media=\"(max-width: 767px)\" type=\"image\/jpg\" srcset=\"https:\/\/static.eldiario.es\/clip\/7696caa6-5ea8-412e-9d42-369f427c07d3_16-9-discover-aspect-ratio_75p_0.jpg\"><source type=\"image\/webp\" srcset=\"https:\/\/static.eldiario.es\/clip\/7696caa6-5ea8-412e-9d42-369f427c07d3_16-9-discover-aspect-ratio_default_0.webp\"><source type=\"image\/jpg\" srcset=\"https:\/\/static.eldiario.es\/clip\/7696caa6-5ea8-412e-9d42-369f427c07d3_16-9-discover-aspect-ratio_default_0.jpg\"><!--[if IE 9]><\/video><![endif]--><\/p>\n<p>                <img decoding=\"async\" src=\"https:\/\/static.eldiario.es\/clip\/7696caa6-5ea8-412e-9d42-369f427c07d3_16-9-discover-aspect-ratio_default_0.jpg\" alt=\"\u00c0ngel Ll\u00e0cer, en una foto promocional de 'Una fiesta de muerte'\"><\/p>\n<\/picture><figcaption class=\"image-footer\">\n            <span class=\"title\"><br \/>\n                \u00c0ngel Ll\u00e0cer, en una foto promocional de &#8216;Una fiesta de muerte&#8217;                            <\/span><br \/>\n                                    <\/figcaption><\/figure>\n<p class=\"article-text\">\n        <strong>\u00bfQu\u00e9 opinas del retraso que ha vivido el prime time en los \u00faltimos tiempos? Mucha gente no entiende que programas que realmente les gustar\u00eda ver empiecen tan tarde. \u00bfCrees que se deber\u00eda reflexionar sobre esto?<\/strong>\n    <\/p>\n<p class=\"article-text\">\n        \u00bfSabes qu\u00e9 pasa? Si yo fuera un directivo de una cadena, pues me lo plantear\u00eda. [Risas] Pero al final yo estas cosas, la verdad, no me las planteo.\n    <\/p>\n<p class=\"article-text\">\n        <strong>\u00bfNi siquiera te lo planteas como espectador, de cuando est\u00e1s en casa por la noche y te pones a ver la tele? <\/strong>\n    <\/p>\n<p class=\"article-text\">\n        Es que ahora t\u00fa puedes consumir la televisi\u00f3n cuando quieres y como quieras. Tambi\u00e9n piensa que en la Pen\u00ednsula Ib\u00e9rica siempre vamos un poco tarde, cenamos tarde y todo lo hacemos tarde. Somos europeos en muchas cosas pero muy ib\u00e9ricos en otras, as\u00ed que no s\u00e9&#8230; Pero es eso, hoy en d\u00eda ya puedes ver el programa cuando t\u00fa quieras, le das al bot\u00f3n amarillo ese para ver desde el principio y hay muchas posibilidades de verlo cuando t\u00fa quieras.\n    <\/p>\n<blockquote class=\"quote\">\n<div class=\"quote-wrapper\">\n<div class=\"first-quote\"><\/div>\n<p class=\"quote-text\">Ser profesor de &#8216;Operaci\u00f3n Triunfo&#8217; pide mucha implicaci\u00f3n y yo tengo muchas cosas que hacer<\/p>\n<div class=\"quote-author\">\n                        <span class=\"name\">\u00c0ngel Ll\u00e0cer <\/span>\n                                  <\/div>\n<\/p><\/div>\n<\/blockquote>\n<p class=\"article-text\">\n        <strong>Eres el \u00fanico juez que se mantiene en <\/strong><em><strong>Tu cara me suena<\/strong><\/em><strong> desde su primera edici\u00f3n. \u00bfEs el programa de tu vida? \u00bfTe ves ah\u00ed muchos a\u00f1os o alguna vez has tenido alguna duda sobre si seguir o no? <\/strong>\n    <\/p>\n<p class=\"article-text\">\n        Pues para m\u00ed cada d\u00eda es un d\u00eda nuevo. Para m\u00ed cada d\u00eda es una sorpresa. Llevo tantos a\u00f1os porque ni yo me he aburrido del programa, ni el programa se ha aburrido de m\u00ed. Y eso yo creo que es porque siempre es aut\u00e9ntico. Hay una autenticidad, hay una verdad en las cosas que pasan&#8230; Es como la vida en realidad. \u00bfEst\u00e1s cansado de la vida? Pues no. \u00bfEst\u00e1s cansado de<em> Tu cara me suena<\/em>? No. Forma parte de mi vida, este programa hace 15 a\u00f1os que lo hago, empec\u00e9 con 38 y ahora tengo 52, as\u00ed que imag\u00ednate.\n    <\/p>\n<p class=\"article-text\">\n        <strong>Hace poco estuviste en la Academia de<\/strong><em><strong> OT<\/strong><\/em><strong> en una visita muy aplaudida por los fans del programa. \u00bfTe pic\u00f3 el gusanillo de volver como profesor alg\u00fan d\u00eda o es algo que ya no contemplas? <\/strong>\n    <\/p>\n<p class=\"article-text\">\n        Es que ser profesor de <em>Operaci\u00f3n Triunfo<\/em> pide mucha implicaci\u00f3n y yo tengo tantas cosas que hacer&#8230; Tengo proyectos, tengo teatro, tengo producciones, tengo televisi\u00f3n, muchas cosas que eso implicar\u00eda much\u00edsimo. Pero otro profesor no lo s\u00e9&#8230;\n    <\/p>\n<p class=\"article-text\">\n        <strong>\u00bfM\u00e1s de ir de forma ocasional y dar alguna masterclass?<\/strong>\n    <\/p>\n<p class=\"article-text\">\n        S\u00ed, eso ya lo hago. Piensa que todos los programas en los que he participado, todos todos tienen una vinculaci\u00f3n con el arte y con el talento. Eso s\u00ed es una cosa que me gusta.\n    <\/p>\n<p class=\"article-text\">\n        .\n    <\/p>\n<\/div>\n","protected":false},"excerpt":{"rendered":"<p>Hablamos con \u00c0ngel Ll\u00e0cer ante el estreno este s\u00e1bado de &#8216;Una fiesta de muerte&#8217;, nuevo programa especial de Antena 3 que pondr\u00e1 a un grupo de famosos a investigar un &#8216;asesinato&#8217;. El catal\u00e1n, que combina este formato con &#8216;Tu cara me suena&#8217;, resta importancia a su faceta como presentador: \u00abLa tele ha hecho m\u00e1s por [&hellip;]<\/p>\n","protected":false},"author":1,"featured_media":0,"comment_status":"closed","ping_status":"open","sticky":false,"template":"","format":"standard","meta":{"_et_pb_use_builder":"","_et_pb_old_content":"","_et_gb_content_width":"","footnotes":""},"categories":[6],"tags":[],"class_list":["post-202682","post","type-post","status-publish","format-standard","hentry","category-tv"],"_links":{"self":[{"href":"https:\/\/otraronda.xyz\/rock\/wp-json\/wp\/v2\/posts\/202682","targetHints":{"allow":["GET"]}}],"collection":[{"href":"https:\/\/otraronda.xyz\/rock\/wp-json\/wp\/v2\/posts"}],"about":[{"href":"https:\/\/otraronda.xyz\/rock\/wp-json\/wp\/v2\/types\/post"}],"author":[{"embeddable":true,"href":"https:\/\/otraronda.xyz\/rock\/wp-json\/wp\/v2\/users\/1"}],"replies":[{"embeddable":true,"href":"https:\/\/otraronda.xyz\/rock\/wp-json\/wp\/v2\/comments?post=202682"}],"version-history":[{"count":0,"href":"https:\/\/otraronda.xyz\/rock\/wp-json\/wp\/v2\/posts\/202682\/revisions"}],"wp:attachment":[{"href":"https:\/\/otraronda.xyz\/rock\/wp-json\/wp\/v2\/media?parent=202682"}],"wp:term":[{"taxonomy":"category","embeddable":true,"href":"https:\/\/otraronda.xyz\/rock\/wp-json\/wp\/v2\/categories?post=202682"},{"taxonomy":"post_tag","embeddable":true,"href":"https:\/\/otraronda.xyz\/rock\/wp-json\/wp\/v2\/tags?post=202682"}],"curies":[{"name":"wp","href":"https:\/\/api.w.org\/{rel}","templated":true}]}}