{"id":202679,"date":"2026-04-25T18:02:50","date_gmt":"2026-04-25T16:02:50","guid":{"rendered":"https:\/\/otraronda.xyz\/rock\/tabu-la-llama-del-hard-rock-ochentero-sigue-viva-y-radiante\/"},"modified":"2026-04-25T18:02:50","modified_gmt":"2026-04-25T16:02:50","slug":"tabu-la-llama-del-hard-rock-ochentero-sigue-viva-y-radiante","status":"publish","type":"post","link":"https:\/\/otraronda.xyz\/rock\/tabu-la-llama-del-hard-rock-ochentero-sigue-viva-y-radiante\/","title":{"rendered":"Tab\u00fc: La llama del Hard Rock \u2018ochentero\u2019 sigue viva y radiante"},"content":{"rendered":"<div>\n<p><img width=\"645\" height=\"380\" src=\"https:\/\/losmejoresrock.com\/wp-content\/uploads\/2026\/04\/tabu-2026-2504.jpg\" class=\"attachment-post-thumbnail size-post-thumbnail wp-post-image\" alt=\"\" decoding=\"async\" fetchpriority=\"high\" srcset=\"https:\/\/i0.wp.com\/losmejoresrock.com\/wp-content\/uploads\/2026\/04\/tabu-2026-2504.jpg?w=645&amp;ssl=1 645w, https:\/\/i0.wp.com\/losmejoresrock.com\/wp-content\/uploads\/2026\/04\/tabu-2026-2504.jpg?resize=300%2C177&amp;ssl=1 300w\" sizes=\"(max-width: 645px) 100vw, 645px\" data-attachment-id=\"50989\" data-permalink=\"https:\/\/losmejoresrock.com\/tabu-la-llama-del-hard-rock-ochentero-sigue-viva-y-radiante\/tabu-2026-2504\/\" data-orig-file=\"https:\/\/i0.wp.com\/losmejoresrock.com\/wp-content\/uploads\/2026\/04\/tabu-2026-2504.jpg?fit=645%2C380&amp;ssl=1\" data-orig-size=\"645,380\" data-comments-opened=\"0\" data-image-meta='{\"aperture\":\"0\",\"credit\":\"\",\"camera\":\"\",\"caption\":\"\",\"created_timestamp\":\"0\",\"copyright\":\"\",\"focal_length\":\"0\",\"iso\":\"0\",\"shutter_speed\":\"0\",\"title\":\"\",\"orientation\":\"1\"}' data-image-title=\"tabu-2026-2504\" data-image-description=\"\" data-image-caption=\"\" data-medium-file=\"https:\/\/i0.wp.com\/losmejoresrock.com\/wp-content\/uploads\/2026\/04\/tabu-2026-2504.jpg?fit=300%2C177&amp;ssl=1\" data-large-file=\"https:\/\/i0.wp.com\/losmejoresrock.com\/wp-content\/uploads\/2026\/04\/tabu-2026-2504.jpg?fit=645%2C380&amp;ssl=1\"><\/p>\n<p>En el a\u00f1o 2006 Jos\u00e9 \u00c1ngel S\u00e1nchez (baterista) y David Garc\u00eda (cantante) deciden formar una banda al m\u00e1s puro estilo <em>hard rock<\/em> con unas ideas firmes en cuanto a sonido, imagen y seriedad. En 2007 graban su primer trabajo discogr\u00e1fico, \u201c<strong>Ven a m\u00ed<\/strong>\u201d, en los estudios Sonido XXI de Navarra, a manos de los hermanos San Mart\u00edn como productores. Este disco llam\u00f3 la atenci\u00f3n por su propuesta <em>ochentera<\/em>, muy comercial y exquisita que record\u00f3 bastante al estilo musical de bandas como Sangre azul, Bon Jovi o White Lion. El LP conten\u00eda destacables temas como \u00abGrita\u00bb, \u00abTentaci\u00f3n\u00bb, \u00abVen a m\u00ed\u00bb o \u00abMaldito dolor\u00bb.<\/p>\n<p>En 2010 Tab\u00fc lanz\u00f3 su segundo disco, \u201c<strong>Romper con todo<\/strong>\u201d. Aqu\u00ed encontramos m\u00e1s madurez, como es l\u00f3gico, y su contenido segu\u00eda demostrando el amor de los m\u00fasicos por el <em>hard rock<\/em> de los ochenta con estribillos alegres y pegadizos. Fue grabado de nuevo en los estudios Sonido XXI con Javier San Mart\u00edn.<\/p>\n<p>\u201d<strong>Destino<\/strong>\u201d fue el tercer LP de la banda barcelonesa y sali\u00f3 en 2014. Once temas con sonidos frescos y renovados que miraron un poco m\u00e1s al AOR (<em>Adult Oriented Rock<\/em>) sin perder la contundencia. \u00a0La banda siempre ha destacado dos \u2018piezas estrella\u2019 en este redondo: \u00abEsclavo\u00bb, por su tinte gamberro y juguet\u00f3n gracias al espl\u00e9ndido papel de la guitarra, y \u00abSoy yo\u00bb, un tema que te posee con sus <em>riffs<\/em> contagiosos y su melanc\u00f3lica letra. En la balada ac\u00fastica \u00abJunto a ti\u201d contaron con la colaboraci\u00f3n instrumental de David Palau. Esta tercera obra fue grabada, producida y <em>masterizada<\/em> por Palau en Divertimento Studio (Barcelona).<\/p>\n<figure class=\"wp-block-embed is-type-video is-provider-youtube wp-block-embed-youtube wp-embed-aspect-16-9 wp-has-aspect-ratio\">\n<div class=\"wp-block-embed__wrapper\">\n<iframe loading=\"lazy\" title=\"Tab\u00fc - 'Sue\u00f1os' - Video oficial\" width=\"1140\" height=\"641\" src=\"https:\/\/www.youtube.com\/embed\/mi2giz2CYg4?feature=oembed\" frameborder=\"0\" allow=\"accelerometer; autoplay; clipboard-write; encrypted-media; gyroscope; picture-in-picture; web-share\" referrerpolicy=\"strict-origin-when-cross-origin\" allowfullscreen><\/iframe>\n<\/div>\n<\/figure>\n<hr class=\"wp-block-separator has-alpha-channel-opacity is-style-dots\">\n<p>Hubo entonces que esperar diez a\u00f1os, hasta 2024, para disfrutar de un nuevo redondo de <strong><a href=\"https:\/\/www.rocktabu.com\/\" target=\"_blank\" rel=\"noreferrer noopener\">Tab\u00fc<\/a><\/strong>: \u201c<strong>Talism\u00e1n<\/strong>\u201d. Tambi\u00e9n se grab\u00f3 bajo los mandos de David Palau. Pero antes, en 2023, la banda hab\u00eda presentado su nueva formaci\u00f3n en directo en la sala Salamandra de su tierra, Barcelona, donde se comprob\u00f3 el entusiasmo con que todav\u00eda su p\u00fablico la recib\u00eda. Los actuales miembros son: David Garc\u00eda \u2013cantante-, Pablo Nogueira y Felip Sanangust\u00edn \u2013guitarras-, \u00a0George Stewart \u2013bajo- y Jose \u00c1ngel S\u00e1nchez \u2013bater\u00eda-.<\/p>\n<p>En \u201c<a href=\"https:\/\/music.apple.com\/ec\/album\/talism%C3%A1n\/1756735516\" target=\"_blank\" rel=\"noreferrer noopener\">Talism\u00e1n<\/a>\u201d, adem\u00e1s de grandes composiciones como \u201cIgual que ayer\u201d, \u201cAbismo\u201d o \u201cLl\u00e9vame\u201d, hay una versi\u00f3n de <a href=\"https:\/\/losmejoresrock.com\/gotthard-nuevo-disco-en-enero\/\" target=\"_blank\" rel=\"noreferrer noopener\">Gotthard<\/a> con la letra pasada al castellano, \u201cTraidor\u201d.<\/p>\n<p><strong>E<\/strong>l grupo desde entonces se ha dedicado, sobre todo, a demostrar en directo su val\u00eda, poder\u00edo y arte para entretener y agradar con su <em>rock<\/em> pleno de melod\u00edas y estribillos con gancho. El pr\u00f3ximo concierto ser\u00e1 en Barcelona, en la <a href=\"https:\/\/mutick.com\/e\/entradas-tabu-en-barcelona\" target=\"_blank\" rel=\"noreferrer noopener\">sala Razzmatazz 2<\/a> (calle Pamplona, 88), el s\u00e1bado 23 de mayo. Preceder\u00e1 a su actuaci\u00f3n la de la banda valenciana <a href=\"https:\/\/losmejoresrock.com\/4-bajo-zero-el-fuego-del-hard-rock-clasico-en-valencia\/\" target=\"_blank\" rel=\"noreferrer noopener\">4 Bajo Zero<\/a>. <strong>Tab\u00fc <\/strong>grabar\u00e1 este concierto para luego lanzar un disco en directo con motivo de su vig\u00e9simo aniversario. Las entradas tienen ahora un precio promocional de 15 euros y las puedes <a href=\"https:\/\/mutick.com\/e\/entradas-tabu-en-barcelona\" target=\"_blank\" rel=\"noreferrer noopener\">comprar aqu\u00ed<\/a>. \u00a0<\/p>\n<figure class=\"wp-block-embed is-type-video is-provider-youtube wp-block-embed-youtube wp-embed-aspect-16-9 wp-has-aspect-ratio\">\n<div class=\"wp-block-embed__wrapper\">\n<iframe loading=\"lazy\" title=\"Tab\u00fc - 'Igual que ayer' - Videoclip oficial\" width=\"1140\" height=\"641\" src=\"https:\/\/www.youtube.com\/embed\/-vSm4kE1TTU?feature=oembed\" frameborder=\"0\" allow=\"accelerometer; autoplay; clipboard-write; encrypted-media; gyroscope; picture-in-picture; web-share\" referrerpolicy=\"strict-origin-when-cross-origin\" allowfullscreen><\/iframe>\n<\/div>\n<\/figure>\n<\/div>\n","protected":false},"excerpt":{"rendered":"<p>En el a\u00f1o 2006 Jos\u00e9 \u00c1ngel S\u00e1nchez (baterista) y David Garc\u00eda (cantante) deciden formar una banda al m\u00e1s puro estilo hard rock con unas ideas firmes en cuanto a sonido, imagen y seriedad. En 2007 graban su primer trabajo discogr\u00e1fico, \u201cVen a m\u00ed\u201d, en los estudios Sonido XXI de Navarra, a manos de los hermanos [&hellip;]<\/p>\n","protected":false},"author":1,"featured_media":0,"comment_status":"closed","ping_status":"open","sticky":false,"template":"","format":"standard","meta":{"_et_pb_use_builder":"","_et_pb_old_content":"","_et_gb_content_width":"","footnotes":""},"categories":[2],"tags":[],"class_list":["post-202679","post","type-post","status-publish","format-standard","hentry","category-musica-noticias"],"_links":{"self":[{"href":"https:\/\/otraronda.xyz\/rock\/wp-json\/wp\/v2\/posts\/202679","targetHints":{"allow":["GET"]}}],"collection":[{"href":"https:\/\/otraronda.xyz\/rock\/wp-json\/wp\/v2\/posts"}],"about":[{"href":"https:\/\/otraronda.xyz\/rock\/wp-json\/wp\/v2\/types\/post"}],"author":[{"embeddable":true,"href":"https:\/\/otraronda.xyz\/rock\/wp-json\/wp\/v2\/users\/1"}],"replies":[{"embeddable":true,"href":"https:\/\/otraronda.xyz\/rock\/wp-json\/wp\/v2\/comments?post=202679"}],"version-history":[{"count":0,"href":"https:\/\/otraronda.xyz\/rock\/wp-json\/wp\/v2\/posts\/202679\/revisions"}],"wp:attachment":[{"href":"https:\/\/otraronda.xyz\/rock\/wp-json\/wp\/v2\/media?parent=202679"}],"wp:term":[{"taxonomy":"category","embeddable":true,"href":"https:\/\/otraronda.xyz\/rock\/wp-json\/wp\/v2\/categories?post=202679"},{"taxonomy":"post_tag","embeddable":true,"href":"https:\/\/otraronda.xyz\/rock\/wp-json\/wp\/v2\/tags?post=202679"}],"curies":[{"name":"wp","href":"https:\/\/api.w.org\/{rel}","templated":true}]}}