{"id":202637,"date":"2026-04-24T20:31:52","date_gmt":"2026-04-24T18:31:52","guid":{"rendered":"https:\/\/otraronda.xyz\/rock\/james-gunn-ubica-clayface-dentro-de-la-linea-temporal-del-dcu-y-asegura-que-estara-muy-conectada-con-el-resto-de-historias-del-universo-compartido\/"},"modified":"2026-04-24T20:31:52","modified_gmt":"2026-04-24T18:31:52","slug":"james-gunn-ubica-clayface-dentro-de-la-linea-temporal-del-dcu-y-asegura-que-estara-muy-conectada-con-el-resto-de-historias-del-universo-compartido","status":"publish","type":"post","link":"https:\/\/otraronda.xyz\/rock\/james-gunn-ubica-clayface-dentro-de-la-linea-temporal-del-dcu-y-asegura-que-estara-muy-conectada-con-el-resto-de-historias-del-universo-compartido\/","title":{"rendered":"James Gunn ubica &#8216;Clayface&#8217; dentro de la l\u00ednea temporal del DCU, y asegura que estar\u00e1 \u00abmuy conectada\u00bb con el resto de historias del universo compartido"},"content":{"rendered":"<div>\n<p>\n      <img decoding=\"async\" src=\"https:\/\/i.blogs.es\/055d2a\/mv5bnthlzgnhndmtnjvioc00ognjlthjzgmtndnjnwywndrhnwjmxkeyxkfqcgc-._v1_\/1024_2000.jpeg\" alt=\"James Gunn ubica 'Clayface' dentro de la l\u00ednea temporal del DCU, y asegura que estar\u00e1 &quot;muy conectada&quot; con el resto de historias del universo compartido \">\n    <\/p>\n<p>Ver el tr\u00e1iler de <strong>&#8216;Clayface&#8217;, la nueva pel\u00edcula de DC Studios<\/strong> gestada bajo la capitan\u00eda de James Gunn y Peter Safran, me ha generado muchas sensaciones, y todas de ellas extremadamente positivas; siendo la primera de ellas la peculiar similitud entre la imagen principal del avance, en la que el personaje titular aparece vendado y en un estado bastante deteriorado, y Curly, uno de los personajes de esa desquiciada genialidad que es <a rel=\"noopener, noreferrer\" href=\"https:\/\/store.steampowered.com\/app\/2475490\/Mouthwashing\/\">el videojuego &#8216;Mouthwashing&#8217;<\/a> \u2014tremend\u00edsima experiencia, por cierto\u2014.<\/p>\n<p><!-- BREAK 1 --><\/p>\n<h2>Empezar por el principio<\/h2>\n<div class=\"article-asset-video article-asset-normal\">\n<div class=\"asset-content\">\n<div class=\"base-asset-video\">\n<div class=\"js-dailymotion\">\n    <script type=\"application\/json\">\n                          {\"videoId\":\"xa6ivxi\",\"autoplay\":true,\"title\":\"Clayface - Trailer\", \"tag\":\"clayface\", \"duration\":\"61\"}\n                  <\/script>\n   <\/div>\n<\/p><\/div>\n<\/p><\/div>\n<\/div>\n<p>M\u00e1s all\u00e1 de esto, me alegra profundamente que un universo compartido superher\u00f3ico como el DCU vaya a apostar por una producci\u00f3n con lo que parece ser una personalidad tan marcada, en la que <strong>el terror m\u00e1s puro y el body horror prometen ser los dos grandes pilares<\/strong> de su tono y su narrativa. Pero, con todo esto sobre la mesa, a\u00fan quedan unas cuantas inc\u00f3gnitas que desvelar sobre el largometraje protagonizado por Tom Rhys Harries.\u00a0<\/p>\n<p><!-- BREAK 2 --><\/p>\n<p>Por suerte, James Gunn es una persona tremendamente activa en redes sociales, y no duda en responder \u2014haciendo siempre el necesario filtro\u2014 las preguntas de un fandom \u00e1vido de conocimiento. En esta ocasi\u00f3n, una de las principales cuestiones sobre &#8216;Clayface&#8217; radica en <strong>s<\/strong><strong>u<\/strong><strong> ubicaci\u00f3n dentro de la l\u00ednea temporal del Universo DC vigente<\/strong>, en la que el villano de Batman ya ha hecho acto de presencia durante la primera temporada de <a class=\"text-outboundlink\" href=\"https:\/\/www.espinof.com\/criticas\/sangre-humor-lagrimas-james-gunn-deja-claro-que-nuevo-universo-dc-esta-muy-buenas-manos-esta-fantastica-nueva-serie\" data-vars-post-title=\"Sangre, humor y l\u00e1grimas. James Gunn deja claro que el nuevo Universo DC est\u00e1 en buenas manos con una fant\u00e1stica serie, 'Creature Commandos'\" data-vars-post-url=\"https:\/\/www.espinof.com\/criticas\/sangre-humor-lagrimas-james-gunn-deja-claro-que-nuevo-universo-dc-esta-muy-buenas-manos-esta-fantastica-nueva-serie\">&#8216;Creature Commandos&#8217;<\/a>.<\/p>\n<p><!-- BREAK 3 --><\/p>\n<div class=\"article-asset article-asset-normal article-asset-center\">\n<div class=\"desvio-container\">\n<div class=\"desvio\">\n<div class=\"desvio-figure js-desvio-figure\">\n    <a href=\"https:\/\/www.espinof.com\/divulgacion\/creo-que-james-gunn-universo-dc-tienen-problema-gravisimo-manos-batman\" class=\"pivot-outboundlink\" data-vars-post-title=\"Creo que James Gunn y el Universo DC tienen un problema grav\u00edsimo entre manos: Batman \"><br \/>\n     <img loading=\"lazy\" decoding=\"async\" alt=\"Creo que James Gunn y el Universo DC tienen un problema grav\u00edsimo entre manos: Batman \" width=\"375\" height=\"142\" src=\"https:\/\/i.blogs.es\/043cc7\/batman\/375_142.jpeg\"><br \/>\n    <\/a>\n   <\/div>\n<div class=\"desvio-summary\">\n<div class=\"desvio-taxonomy js-desvio-taxonomy\">\n     <a href=\"https:\/\/www.espinof.com\/divulgacion\/creo-que-james-gunn-universo-dc-tienen-problema-gravisimo-manos-batman\" class=\"desvio-taxonomy-anchor pivot-outboundlink\" data-vars-post-title=\"Creo que James Gunn y el Universo DC tienen un problema grav\u00edsimo entre manos: Batman \">En Espinof<\/a>\n    <\/div>\n<p>    <a href=\"https:\/\/www.espinof.com\/divulgacion\/creo-que-james-gunn-universo-dc-tienen-problema-gravisimo-manos-batman\" class=\"desvio-title js-desvio-title pivot-outboundlink\" data-vars-post-title=\"Creo que James Gunn y el Universo DC tienen un problema grav\u00edsimo entre manos: Batman \">Creo que James Gunn y el Universo DC tienen un problema grav\u00edsimo entre manos: Batman <\/a>\n   <\/div>\n<\/p><\/div>\n<\/p><\/div>\n<\/div>\n<p>En un post de <a rel=\"noopener, noreferrer\" href=\"https:\/\/www.threads.com\/@jamesgunn\/post\/DXeVt0DEZu0\">Threads<\/a>, el realizador ha confirmado que la pel\u00edcula se ambienta antes del resto de todas las series y pel\u00edculas del DCU estrenadas hasta la fecha, incluyendo <a class=\"text-outboundlink\" href=\"https:\/\/www.espinof.com\/criticas\/superman-james-gunn-extraordinaria-gran-motivo-al-igual-que-comics-refugio-cuando-todo-se-desmorona-a-nuestro-alrededor\" data-vars-post-title=\"La 'Superman' de James Gunn es extraordinaria por un gran motivo: al igual que los c\u00f3mics, es un refugio cuando todo se desmorona a nuestro alrededor \" data-vars-post-url=\"https:\/\/www.espinof.com\/criticas\/superman-james-gunn-extraordinaria-gran-motivo-al-igual-que-comics-refugio-cuando-todo-se-desmorona-a-nuestro-alrededor\">&#8216;Superman&#8217;<\/a>, subrayando que <strong>\u00abes la primera pel\u00edcula del DCU en orden cronol\u00f3gico\u00bb<\/strong>. Adem\u00e1s de esto, ha hecho hincapi\u00e9 en que est\u00e1 \u00abmuy conectada\u00bb con las otras historias del universo compartido, pero que \u00abcomo siempre, la historia individual es lo m\u00e1s importante\u00bb.\u00a0<\/p>\n<p><!-- BREAK 4 --><\/p>\n<p>&#8216;Clayface&#8217;, dirigida por James Watkins y protagonizada por el mecionado Rhys Harries, Naomi Ackie y David Dencik, ha sido definida por Gunn como una \u00abpel\u00edcula de terror\u00bb, y no como una cinta de crossovers entre superh\u00e9roes \u2014lo cual es muy de agradecer\u2014. Para poder verla, tendremos que <strong>esperar al 23 de octubre de este mismo 2026<\/strong>.<\/p>\n<p><!-- BREAK 5 --><\/p>\n<p><em>Si quieres una raci\u00f3n semanal de informaci\u00f3n y otras cosas relacionadas con el mundo del cine, date una vuelta por nuestra Newsletter,<\/em><em>\u00a0<\/em><a class=\"text-outboundlink\" href=\"https:\/\/www.espinof.com\/espinof\/llega-espinofrenia-newsletter-gratuita-espinof-opiniones-tapujos-mejor-semana-horribles-juegos-palabras-marca-casa\" data-vars-post-title=\"\u00a1Llega Espinofrenia! La newsletter gratuita de Espinof con opiniones sin tapujos, lo mejor de la semana y horribles juegos de palabras marca de la casa \" data-vars-post-url=\"https:\/\/www.espinof.com\/espinof\/llega-espinofrenia-newsletter-gratuita-espinof-opiniones-tapujos-mejor-semana-horribles-juegos-palabras-marca-casa\"><em>Espinofrenia<\/em><\/a><em>.<\/em><\/p>\n<p>En Espinof |\u00a0<a class=\"text-outboundlink\" href=\"https:\/\/www.espinof.com\/listas\/mejores-peliculas-2026\" data-vars-post-title=\"Las 10 mejores pel\u00edculas de 2026\u2026 por ahora\" data-vars-post-url=\"https:\/\/www.espinof.com\/listas\/mejores-peliculas-2026\">Las mejores pel\u00edculas de 2026<\/a><\/p>\n<p>En Espinof |\u00a0<a class=\"text-outboundlink\" href=\"https:\/\/www.espinof.com\/listas\/mejores-series-2026\" data-vars-post-title=\"Las 9 mejores series de 2026... por ahora\" data-vars-post-url=\"https:\/\/www.espinof.com\/listas\/mejores-series-2026\">Las mejores series de 2026<\/a><\/p>\n<p><script>\n (function() {\n  window._JS_MODULES = window._JS_MODULES || {};\n  var headElement = document.getElementsByTagName('head')[0];\n  if (_JS_MODULES.instagram) {\n   var instagramScript = document.createElement('script');\n   instagramScript.src = 'https:\/\/platform.instagram.com\/en_US\/embeds.js';\n   instagramScript.async = true;\n   instagramScript.defer = true;\n   headElement.appendChild(instagramScript);\n  }\n })();\n<\/script><\/p>\n<p> &#8211; <br \/> La noticia<br \/>\n      <a href=\"https:\/\/www.espinof.com\/directores-y-guionistas\/james-gunn-ubica-clayface-dentro-linea-temporal-dcu-asegura-que-estara-muy-conectada-resto-historias-universo-compartido?utm_source=feedburner&amp;utm_medium=feed&amp;utm_campaign=24_Apr_2026\"><br \/>\n       <em> James Gunn ubica &#8216;Clayface&#8217; dentro de la l\u00ednea temporal del DCU, y asegura que estar\u00e1 \u00abmuy conectada\u00bb con el resto de historias del universo compartido  <\/em><br \/>\n      <\/a><br \/>\n      fue publicada originalmente en<br \/>\n      <a href=\"https:\/\/www.espinof.com\/?utm_source=feedburner&amp;utm_medium=feed&amp;utm_campaign=24_Apr_2026\"><br \/>\n       <strong> Espinof <\/strong><br \/>\n      <\/a><br \/>\n             por<br \/>\n               <a href=\"https:\/\/www.espinof.com\/autor\/victor-lopez?utm_source=feedburner&amp;utm_medium=feed&amp;utm_campaign=24_Apr_2026\"><br \/>\n        V\u00edctor L\u00f3pez G.<br \/>\n        <\/a><br \/>\n             . <\/p>\n<\/div>\n","protected":false},"excerpt":{"rendered":"<p>Ver el tr\u00e1iler de &#8216;Clayface&#8217;, la nueva pel\u00edcula de DC Studios gestada bajo la capitan\u00eda de James Gunn y Peter Safran, me ha generado muchas sensaciones, y todas de ellas extremadamente positivas; siendo la primera de ellas la peculiar similitud entre la imagen principal del avance, en la que el personaje titular aparece vendado y [&hellip;]<\/p>\n","protected":false},"author":1,"featured_media":0,"comment_status":"closed","ping_status":"open","sticky":false,"template":"","format":"standard","meta":{"_et_pb_use_builder":"","_et_pb_old_content":"","_et_gb_content_width":"","footnotes":""},"categories":[6],"tags":[],"class_list":["post-202637","post","type-post","status-publish","format-standard","hentry","category-tv"],"_links":{"self":[{"href":"https:\/\/otraronda.xyz\/rock\/wp-json\/wp\/v2\/posts\/202637","targetHints":{"allow":["GET"]}}],"collection":[{"href":"https:\/\/otraronda.xyz\/rock\/wp-json\/wp\/v2\/posts"}],"about":[{"href":"https:\/\/otraronda.xyz\/rock\/wp-json\/wp\/v2\/types\/post"}],"author":[{"embeddable":true,"href":"https:\/\/otraronda.xyz\/rock\/wp-json\/wp\/v2\/users\/1"}],"replies":[{"embeddable":true,"href":"https:\/\/otraronda.xyz\/rock\/wp-json\/wp\/v2\/comments?post=202637"}],"version-history":[{"count":0,"href":"https:\/\/otraronda.xyz\/rock\/wp-json\/wp\/v2\/posts\/202637\/revisions"}],"wp:attachment":[{"href":"https:\/\/otraronda.xyz\/rock\/wp-json\/wp\/v2\/media?parent=202637"}],"wp:term":[{"taxonomy":"category","embeddable":true,"href":"https:\/\/otraronda.xyz\/rock\/wp-json\/wp\/v2\/categories?post=202637"},{"taxonomy":"post_tag","embeddable":true,"href":"https:\/\/otraronda.xyz\/rock\/wp-json\/wp\/v2\/tags?post=202637"}],"curies":[{"name":"wp","href":"https:\/\/api.w.org\/{rel}","templated":true}]}}