{"id":202629,"date":"2026-04-24T21:04:01","date_gmt":"2026-04-24T19:04:01","guid":{"rendered":"https:\/\/otraronda.xyz\/rock\/no-pidas-glovo-hoy-manana-y-pasado-a-estas-horas-hay-huelga-y-no-se-repartiran-pedidos\/"},"modified":"2026-04-24T21:04:01","modified_gmt":"2026-04-24T19:04:01","slug":"no-pidas-glovo-hoy-manana-y-pasado-a-estas-horas-hay-huelga-y-no-se-repartiran-pedidos","status":"publish","type":"post","link":"https:\/\/otraronda.xyz\/rock\/no-pidas-glovo-hoy-manana-y-pasado-a-estas-horas-hay-huelga-y-no-se-repartiran-pedidos\/","title":{"rendered":"No pidas Glovo hoy, ma\u00f1ana y pasado: a estas horas hay huelga y no se repartir\u00e1n pedidos"},"content":{"rendered":"<div><img decoding=\"async\" loading=\"lazy\" width=\"1600\" height=\"900\" src=\"https:\/\/www.adslzone.net\/app\/uploads-adslzone.net\/2026\/04\/Repartidores-Glovo-bicicleta-calle.jpg\"><\/p>\n<p>La huelga est\u00e1 confirmada. Los repartidores de Glovo est\u00e1n en <strong>huelga durante el fin de semana<\/strong> y eso significa que no se montar\u00e1n en sus bicicletas para entregar pedidos. Se trata de una huelga hist\u00f3rica, dado que es la primera vez que se lleva a cabo de manera nacional e internacional.<\/p>\n<p>En Glovo han anunciado <strong>recientemente que habr\u00e1 750 despidos<\/strong>, lo que ha generado una onda expansiva en el entorno de la empresa. Sus trabajadores no solo luchan para que no se produzcan los despidos, sino tambi\u00e9n para conseguir que las condiciones de trabajo mejoren. No obstante, el primer efecto que se va a notar va a ser la huelga, la cual comienza hoy mismo.<\/p>\n<h2>Una situaci\u00f3n complicada<\/h2>\n<p>El ERE con 750 despidos que se extienden <strong>a trav\u00e9s de 60 ciudades espa\u00f1olas<\/strong>, fue anunciado a inicios del mes de marzo. En respuesta a ello, desde CCOO manifestaron su cr\u00edtica hacia la medida y tambi\u00e9n se puso sobre la mesa la situaci\u00f3n de los \u00faltimos meses con Glovo. Seg\u00fan explicaron, se hizo referencia a que se hab\u00edan producido despidos en lo que se hab\u00eda denominado como un ERE encubierto.<\/p>\n<figure class=\"post-article__content-img\"><img decoding=\"async\" loading=\"lazy\" width=\"1280\" height=\"720\" src=\"https:\/\/www.adslzone.net\/app\/uploads-adslzone.net\/2026\/04\/Repartidor-entregando-paquete-Glovo-puerta.jpg\" alt=\"Repartidor de Glovo entregando paquete\"><figcaption>Glovo tendr\u00e1 huelga desde hoy. \/ Foto: MART PRODUCTION (licencia de Pexels)<\/figcaption><\/figure>\n<p>La situaci\u00f3n comenz\u00f3 a complicarse cuando fue aprobada la Ley Rider y el proceso de laboralizaci\u00f3n que hizo que cambiara la empresa. Tras todo lo ocurrido, adem\u00e1s de poner fin a los despidos y conseguir que la situaci\u00f3n mejore, con la huelga se est\u00e1 buscando <strong>conseguir un convenio colectivo propio<\/strong>. Asimismo, tambi\u00e9n indican que solicitan que se ponga final \u201ca la persecuci\u00f3n sindical\u201d.<\/p>\n<p>Algunas de las <strong>regiones donde se van a producir despidos<\/strong> incluyen Alicante, Tarragona, Barcelona, C\u00e1diz, Ceuta, Melilla, C\u00e1ceres, Ciudad Real, Sevilla o Guadalajara, entre otros lugares. A diferencia del ERE que tambi\u00e9n ha gestionado Just Eat recientemente, el de Glovo es m\u00e1s voluminoso y, adem\u00e1s, afecta directamente a los riders, trabajadores que llevan a\u00f1os sufriendo una situaci\u00f3n laboral complicada.<\/p>\n<h2>\u00bfEn qu\u00e9 horarios har\u00e1n huelga?<\/h2>\n<p>M\u00e1s all\u00e1 de la situaci\u00f3n y de lo que est\u00e1 motivando la huelga, lo m\u00e1s importante para los usuarios es saber en <strong>qu\u00e9 periodos del fin de semana<\/strong> habr\u00e1 paros. Como te indicamos, los paros comienzan hoy mismo d\u00eda 25 de abril y se extender\u00e1n hasta el domingo de la siguiente manera:<\/p>\n<ul>\n<li>Hoy <strong>viernes 24 de abril<\/strong> los paros de repartidores de Glovo dar\u00e1n inicio a las 20:00 horas. Se extender\u00e1n hasta la medianoche.<\/li>\n<li>Ma\u00f1ana <strong>s\u00e1bado 25 de abril<\/strong> habr\u00e1 parada generalizada de los repartidores de Glovo durante todo el d\u00eda.<\/li>\n<li>El <strong>domingo 26 de abril<\/strong> los paros de Glovo comenzar\u00e1n a las 12:00 horas del mediod\u00eda y estar\u00e1n activos hasta las 16:00 horas.<\/li>\n<\/ul>\n<h2>\u00bfEn qu\u00e9 ciudades habr\u00e1 huelga?<\/h2>\n<p>Seg\u00fan la informaci\u00f3n proporcionada por CCOO, los <strong>lugares donde se llevar\u00e1 a cabo la huelga<\/strong> incluyen las siguientes zonas:<\/p>\n<\/div>\n","protected":false},"excerpt":{"rendered":"<p>La huelga est\u00e1 confirmada. Los repartidores de Glovo est\u00e1n en huelga durante el fin de semana y eso significa que no se montar\u00e1n en sus bicicletas para entregar pedidos. Se trata de una huelga hist\u00f3rica, dado que es la primera vez que se lleva a cabo de manera nacional e internacional. En Glovo han anunciado [&hellip;]<\/p>\n","protected":false},"author":1,"featured_media":0,"comment_status":"closed","ping_status":"closed","sticky":false,"template":"","format":"standard","meta":{"_et_pb_use_builder":"","_et_pb_old_content":"","_et_gb_content_width":"","footnotes":""},"categories":[3],"tags":[],"class_list":["post-202629","post","type-post","status-publish","format-standard","hentry","category-android-ipad"],"_links":{"self":[{"href":"https:\/\/otraronda.xyz\/rock\/wp-json\/wp\/v2\/posts\/202629","targetHints":{"allow":["GET"]}}],"collection":[{"href":"https:\/\/otraronda.xyz\/rock\/wp-json\/wp\/v2\/posts"}],"about":[{"href":"https:\/\/otraronda.xyz\/rock\/wp-json\/wp\/v2\/types\/post"}],"author":[{"embeddable":true,"href":"https:\/\/otraronda.xyz\/rock\/wp-json\/wp\/v2\/users\/1"}],"replies":[{"embeddable":true,"href":"https:\/\/otraronda.xyz\/rock\/wp-json\/wp\/v2\/comments?post=202629"}],"version-history":[{"count":0,"href":"https:\/\/otraronda.xyz\/rock\/wp-json\/wp\/v2\/posts\/202629\/revisions"}],"wp:attachment":[{"href":"https:\/\/otraronda.xyz\/rock\/wp-json\/wp\/v2\/media?parent=202629"}],"wp:term":[{"taxonomy":"category","embeddable":true,"href":"https:\/\/otraronda.xyz\/rock\/wp-json\/wp\/v2\/categories?post=202629"},{"taxonomy":"post_tag","embeddable":true,"href":"https:\/\/otraronda.xyz\/rock\/wp-json\/wp\/v2\/tags?post=202629"}],"curies":[{"name":"wp","href":"https:\/\/api.w.org\/{rel}","templated":true}]}}