{"id":202581,"date":"2026-04-24T15:03:58","date_gmt":"2026-04-24T13:03:58","guid":{"rendered":"https:\/\/otraronda.xyz\/rock\/movistar-y-o2-no-funcionan-problemas-para-hacer-y-recibir-llamadas\/"},"modified":"2026-04-24T15:03:58","modified_gmt":"2026-04-24T13:03:58","slug":"movistar-y-o2-no-funcionan-problemas-para-hacer-y-recibir-llamadas","status":"publish","type":"post","link":"https:\/\/otraronda.xyz\/rock\/movistar-y-o2-no-funcionan-problemas-para-hacer-y-recibir-llamadas\/","title":{"rendered":"Movistar y O2 no funcionan: problemas para hacer y recibir llamadas"},"content":{"rendered":"<div><img decoding=\"async\" loading=\"lazy\" width=\"1600\" height=\"900\" src=\"https:\/\/www.adslzone.net\/app\/uploads-adslzone.net\/2026\/04\/imagen-movistar-multiplus-az-1212-pcpal.jpg\"><\/p>\n<p>Si en los \u00faltimos minutos has intentado contactar con alguien y la llamada se corta antes de empezar, o si directamente ves que tu cobertura m\u00f3vil no funciona como deber\u00eda, no reinicies el tel\u00e9fono ni hagas cosas raras. Estamos ante un problema de red que est\u00e1 escalando a una<strong> velocidad inusual<\/strong> y que ya ha puesto en alerta a los principales servicios de monitorizaci\u00f3n.<\/p>\n<p>Seg\u00fan los datos que estamos analizando en tiempo real a trav\u00e9s de la plataforma <b>Downdetector<\/b>, los reportes de aver\u00edas se est\u00e1n multiplicando por momentos. En cuesti\u00f3n de apenas media hora, la curva de incidencias ha pasado de la normalidad absoluta a rozar los mil informes, una cifra que suele indicar un fallo cr\u00edtico en el n\u00facleo de red o en los sistemas de gesti\u00f3n de llamadas VoLTE.<\/p>\n<h2>\u00bfQu\u00e9 est\u00e1 fallando?<\/h2>\n<p>La ca\u00edda no parece ser uniforme, pero s\u00ed persistente. El grueso de las quejas de los usuarios se centra en la <b>imposibilidad de realizar o recibir llamadas <\/b>de voz, tanto desde l\u00edneas m\u00f3viles como, en menor medida, desde tel\u00e9fonos fijos. Pero los problemas no terminan ah\u00ed, ya que, seg\u00fan Downdetector, donde los usuarios est\u00e1n informando del estado de sus l\u00edneas, tambi\u00e9n hay fallos en:<\/p>\n<ul>\n<li><b>P\u00e9rdida de se\u00f1al m\u00f3vil<\/b>. Son los principales fallos, seg\u00fan hemos podido leer en X.<\/li>\n<li><b>Internet de banda ancha:<\/b> Aunque en una proporci\u00f3n mucho menor, algunos usuarios de fibra \u00f3ptica tambi\u00e9n est\u00e1n experimentando microcortes o latencias elevadas, lo que sugiere que el problema podr\u00eda estar afectando a ciertos nodos de interconexi\u00f3n.<\/li>\n<li><b>Servicio O2:<\/b> Al compartir la misma infraestructura de red de Telef\u00f3nica, la segunda marca de la compa\u00f1\u00eda tambi\u00e9n se ha visto arrastrada por la incidencia, dejando a sus usuarios con los mismos s\u00edntomas de incomunicaci\u00f3n.<\/li>\n<\/ul>\n<figure class=\"post-article__content-img\"><img decoding=\"async\" loading=\"lazy\" width=\"1280\" height=\"720\" src=\"https:\/\/www.adslzone.net\/app\/uploads-adslzone.net\/2026\/04\/Fallo-Movistar.png\" alt=\"Captura de Downdetector que muestra los reportes de los usuarios\"><figcaption>Captura de ADSLZone en Downdetector<\/figcaption><\/figure>\n<p>Por el momento, <b>Movistar no ha emitido un comunicado oficial<\/b> a trav\u00e9s de sus canales de atenci\u00f3n al cliente, aunque es habitual que en los primeros minutos de una ca\u00edda de este calibre los equipos t\u00e9cnicos se centren en el aislamiento del fallo antes de dar una respuesta p\u00fablica.<\/p>\n<blockquote class=\"gaz-tweet\">\n<div class=\"gaz-tweet__card\">\n<div class=\"gaz-tweet__header\">\n<div class=\"gaz-tweet__user\">\n<div class=\"gaz-tweet__user__pic\">\n<div> <img decoding=\"async\" alt=\"Imagen usuario de twitter\" loading=\"lazy\" class=\"picture-exclude img-user-pic lazy-background\" width=\"48\" height=\"48\" src=\"https:\/\/pbs.twimg.com\/profile_images\/1221577372539015168\/11MHggGc_normal.jpg\"><\/div>\n<\/div>\n<div>\n<div class=\"gaz-tweet__user__name\">\n                              David\n                             <\/div>\n<div class=\"gaz-tweet__user__username\">\n                                @david_svq_pc\n                             <\/div>\n<\/div>\n<\/div>\n<div class=\"gaz-tweet__logo\"><\/div>\n<\/div>\n<div class=\"gaz-tweet__body\">\n<div class=\"gaz-tweet__text\">\n                        Sin linea de voz de Movistar. @movistar_es\n                    <\/div>\n<div class=\"gaz-tweet__info\">\n                        24 de abril, 2026 \u2022 12:51\n                    <\/div>\n<\/div>\n<div class=\"gaz-tweet__actions\">\n<div class=\"gaz-tweet__actions__item\">\n                        <br \/>\n                        <span class=\"gaz-tweet__counter\">1<\/span>\n                    <\/div>\n<div class=\"gaz-tweet__actions__item\">\n                        <br \/>\n                        <span class=\"gaz-tweet__counter\">0<\/span>\n                    <\/div>\n<\/div>\n<\/div>\n<\/blockquote>\n<p>En X, una usuaria reporta que Movistar se ha puesto en contacto con ella para asegurarle que se trata de una aver\u00eda en la zona, y que est\u00e1n trabajando para resolverla.<\/p>\n<\/div>\n","protected":false},"excerpt":{"rendered":"<p>Si en los \u00faltimos minutos has intentado contactar con alguien y la llamada se corta antes de empezar, o si directamente ves que tu cobertura m\u00f3vil no funciona como deber\u00eda, no reinicies el tel\u00e9fono ni hagas cosas raras. Estamos ante un problema de red que est\u00e1 escalando a una velocidad inusual y que ya ha [&hellip;]<\/p>\n","protected":false},"author":1,"featured_media":0,"comment_status":"closed","ping_status":"closed","sticky":false,"template":"","format":"standard","meta":{"_et_pb_use_builder":"","_et_pb_old_content":"","_et_gb_content_width":"","footnotes":""},"categories":[3],"tags":[],"class_list":["post-202581","post","type-post","status-publish","format-standard","hentry","category-android-ipad"],"_links":{"self":[{"href":"https:\/\/otraronda.xyz\/rock\/wp-json\/wp\/v2\/posts\/202581","targetHints":{"allow":["GET"]}}],"collection":[{"href":"https:\/\/otraronda.xyz\/rock\/wp-json\/wp\/v2\/posts"}],"about":[{"href":"https:\/\/otraronda.xyz\/rock\/wp-json\/wp\/v2\/types\/post"}],"author":[{"embeddable":true,"href":"https:\/\/otraronda.xyz\/rock\/wp-json\/wp\/v2\/users\/1"}],"replies":[{"embeddable":true,"href":"https:\/\/otraronda.xyz\/rock\/wp-json\/wp\/v2\/comments?post=202581"}],"version-history":[{"count":0,"href":"https:\/\/otraronda.xyz\/rock\/wp-json\/wp\/v2\/posts\/202581\/revisions"}],"wp:attachment":[{"href":"https:\/\/otraronda.xyz\/rock\/wp-json\/wp\/v2\/media?parent=202581"}],"wp:term":[{"taxonomy":"category","embeddable":true,"href":"https:\/\/otraronda.xyz\/rock\/wp-json\/wp\/v2\/categories?post=202581"},{"taxonomy":"post_tag","embeddable":true,"href":"https:\/\/otraronda.xyz\/rock\/wp-json\/wp\/v2\/tags?post=202581"}],"curies":[{"name":"wp","href":"https:\/\/api.w.org\/{rel}","templated":true}]}}