{"id":202535,"date":"2026-04-24T06:02:34","date_gmt":"2026-04-24T04:02:34","guid":{"rendered":"https:\/\/otraronda.xyz\/rock\/la-familia-de-gerard-pide-perdon-tras-el-ataque-a-claudia-en-supervivientes-2026-asumir-el-error-es-imprescindible\/"},"modified":"2026-04-24T06:02:34","modified_gmt":"2026-04-24T04:02:34","slug":"la-familia-de-gerard-pide-perdon-tras-el-ataque-a-claudia-en-supervivientes-2026-asumir-el-error-es-imprescindible","status":"publish","type":"post","link":"https:\/\/otraronda.xyz\/rock\/la-familia-de-gerard-pide-perdon-tras-el-ataque-a-claudia-en-supervivientes-2026-asumir-el-error-es-imprescindible\/","title":{"rendered":"La familia de Gerard pide perd\u00f3n tras el ataque a Claudia en &#8216;Supervivientes 2026&#8217;: \u00abAsumir el error es imprescindible\u00bb"},"content":{"rendered":"<div>\n<p><img loading=\"lazy\" decoding=\"async\" src=\"https:\/\/static.eldiario.es\/clip\/b6a4b3e9-c0d7-449a-a4b4-e73598b3c9e0_16-9-discover-aspect-ratio_default_0.jpg\" width=\"1200\" height=\"675\" alt=\"La familia de Gerard pide perd\u00f3n tras el ataque a Claudia en 'Supervivientes 2026': &quot;Asumir el error es imprescindible&quot;\"><\/p>\n<div class=\"subtitles\">\n<p class=\"subtitle\">Comunicado de la familia de Gerard Arias tras lo ocurrido en &#8216;Supervivientes 2026&#8217; con Claudia Chac\u00f3n, asumiendo el error del concursante. El reality show de Telecinco abri\u00f3 la Palapa de forma excepcional para mostrar los graves ataques ocurridos en Honduras<\/p>\n<p class=\"subtitle\">Cr\u00f3nica &#8211; &#8216;Cara al Show&#8217; se estren\u00f3 con 3 diferencias con RTVE, una curiosidad en la mesa de Marc Gir\u00f3 y un mon\u00f3logo sobre los \u00abprefachas\u00bb<\/p>\n<p class=\"subtitle\">Audiencias martes &#8211; Marc Gir\u00f3 impulsa a laSexta con el estreno de &#8216;Cara al Show&#8217; (8.5%) y gana por la m\u00ednima a &#8216;Al cielo con ella (8%) de RTVE<\/p>\n<\/div>\n<p class=\"article-text\">\n        La convivencia en <em><strong>Supervivientes 2026<\/strong><\/em> salt\u00f3 por los aires tras el <a href=\"https:\/\/www.eldiario.es\/vertele\/noticias\/supervivientes-2026-ceba-grave-bronca-claudia-gerard-telecinco-competir-estreno-marc-giro-lasexta_1_13160956.html\" target=\"_blank\" data-mrf-recirculation=\"links-noticia\" class=\"link\">intolerable ataque<\/a> de <strong>Gerard Arias <\/strong>a <strong>Claudia Chac\u00f3n<\/strong>. Ante la gravedad de los hechos, los <strong>familiares <\/strong>del concursante han emitido un <strong>comunicado <\/strong>para pedir perd\u00f3n p\u00fablicamente; de hecho, consideran \u201c<strong>imprescindible<\/strong>\u201d asumir un error como este. Si bien es cierto, tambi\u00e9n han dejado claro su pensamiento sobre las ofensivas \u201cdesproporcionadas\u201d que se est\u00e1n produciendo tanto dentro como fuera del reality show de <strong>Telecinco<\/strong>.\n    <\/p>\n<p class=\"article-text\">\n        Fue durante la s\u00e9ptima gala de<em><strong> Supervivientes: Tierra de nadie<\/strong><\/em> cuando se emiti\u00f3 la secuencia \u00edntegra de las im\u00e1genes antes de comunicar la <a href=\"https:\/\/www.eldiario.es\/vertele\/noticias\/supervivientes-sanciono-gerard-claudia-lamentable-comportamiento-salvo-nominado_1_13161901.html\" target=\"_blank\" data-mrf-recirculation=\"links-noticia\" class=\"link\">sanci\u00f3n<\/a>. La barbacoa celebrada el pasado domingo se convirti\u00f3 en un punto de no retorno, con Gerard optando porque su compa\u00f1era \u2014a la que defendi\u00f3 anteriormente\u2014 no comiera despu\u00e9s de varias ocasiones en las que no hab\u00eda optado a recompensa. Su relaci\u00f3n de amistad se rompi\u00f3 por completo: \u201c<strong>Este t\u00edo es un manipulador. \u00a1Que te calles!<\/strong>\u201d, espet\u00f3 Claudia.\n    <\/p>\n<p class=\"article-text\">\n        La reacci\u00f3n de Gerard no se hizo esperar: \u201c<strong>Est\u00e1s quedando delante de toda Espa\u00f1a como la que eres, una persona de cero\u201d<\/strong>. La concursante elev\u00f3 el tono: \u201cNo voy a decir lo que te pasa a ti por irte follando a todas en los ba\u00f1os\u201d, motivando una respuesta del todo cuestionable: \u201cPor lo menos no cobro como t\u00fa, que vas cobrando\u201d. Esta discusi\u00f3n se mantuvo tras el desembarco en las playas, con todos los presentes intentando que las aguas se calmasen de una vez por todas.\n    <\/p>\n<p class=\"article-text\">\n        Sin embargo, el enfrentamiento en la m\u00edtica Palapa sirvi\u00f3 para descubrir otros detalles como que Gerard <strong>hab\u00eda esperado \u201cdos d\u00edas\u201d<\/strong>, seg\u00fan se asegur\u00f3, para pedir disculpas. De hecho, su interlocutora le afe\u00f3 que ese perd\u00f3n se estaba produciendo en ese momento por el simple hecho de estar en directo. Sea como fuere, el exparticipante de <em>La isla de las tentaciones<\/em> comparti\u00f3 su punto de vista: destac\u00f3 que se hab\u00eda hablado abiertamente de una ETS \u2014Claudia lo neg\u00f3 y, si ocurri\u00f3, no se emiti\u00f3\u2014 y posteriormente <strong>enton\u00f3 el &#8216;mea culpa&#8217; entre l\u00e1grimas<\/strong>.\n    <\/p>\n<blockquote class=\"twitter-tweet\" data-lang=\"es\"><p><a href=\"https:\/\/twitter.com\/X\/status\/2046552310529040466?ref_src=twsrc%5Etfw\"><\/a><\/p><\/blockquote>\n<p><script async src=\"https:\/\/platform.twitter.com\/widgets.js\" charset=\"utf-8\"><\/script><\/p>\n<h2 class=\"article-text\">Hablan abiertamente de \u201cun momento desacertado\u201d<\/h2>\n<p class=\"article-text\">\n        La pol\u00e9mica suscitada ha provocado la emisi\u00f3n del comunicado que nos ocupa, con el <strong>entorno de Gerard<\/strong> Arias sum\u00e1ndose a las disculpas \u201ctanto por sus formas como por las palabras empleadas\u201d. Adem\u00e1s, han destacado en redes sociales lo \u201cimprescindible\u201d de reconocer un error como este: \u201c<strong>No aceptamos ni compartimos los ataques desproporcionados <\/strong>que se han producido en el concurso y se est\u00e1n produciendo fuera de este. Las <strong>descalificaciones<\/strong>, las <strong>amenazas <\/strong>y los <strong>mensajes de odio<\/strong> no tienen cabida\u201d.\n    <\/p>\n<p class=\"article-text\">\n        En definitiva, los familiares han insistido en que \u201cun momento desacertado de Gerard <strong>no puede ni debe eclipsar la trayectoria<\/strong> completa de una persona dentro de una experiencia tan exigente\u201d. Antes de finalizar, han destacado que <em>Supervivientes <\/em>es un formato donde la convivencia es clave y el respeto debe estar presente en su base \u201ctanto dentro como fuera de la pantalla: \u201dGracias por el apoyo, la comprensi\u00f3n y el respeto\u201c. La gala del pr\u00f3ximo jueves, 23 de abril, mostrar\u00e1 las \u00faltimas horas.\n    <\/p>\n<blockquote class=\"twitter-tweet\" data-lang=\"es\"><p><a href=\"https:\/\/twitter.com\/X\/status\/2046705832306372654?ref_src=twsrc%5Etfw\"><\/a><\/p><\/blockquote>\n<p><script async src=\"https:\/\/platform.twitter.com\/widgets.js\" charset=\"utf-8\"><\/script><\/p>\n<h2 class=\"article-text\">Comunicado \u00edntegro del entorno de Gerard Arias:<\/h2>\n<p class=\"article-text\">\n        <em>\u201cAnte lo sucedido en los \u00faltimos d\u00edas en Supervivientes, nos sumamos a las disculpas de Gerard por sus formas y por las palabras empleadas en un momento de tensi\u00f3n que gener\u00f3 una situaci\u00f3n desagradable para Claudia, sus compa\u00f1eros, el propio concurso y la audiencia. Asumir ese error es imprescindible y el perd\u00f3n en este momento a Claudia, las personas involucradas y la audiencia es fundamental.<\/em>\n    <\/p>\n<p class=\"article-text\">\n        <em>Queremos dejar claro que no aceptamos ni compartimos los ataques desproporcionados que se han producido en el concurso y se est\u00e1n produciendo fuera de este. Las descalificaciones, las amenazas y los mensajes de odio no tienen cabida bajo ning\u00fan contexto. Tambi\u00e9n, creemos que un momento desacertado de Gerard no puede ni debe eclipsar la trayectoria completa de una persona dentro de una experiencia tan exigente.<\/em>\n    <\/p>\n<p class=\"article-text\">\n        <em>Durante semanas, Gerard ha demostrado con hechos su implicaci\u00f3n, su esfuerzo y su compromiso con el grupo: ha sido uno de los pilares en la supervivencia diaria, ha contribuido activamente en la pesca, en la organizaci\u00f3n y en la convivencia, ha competido en las pruebas dando siempre el m\u00e1ximo y ha compartido cada logro con sus compa\u00f1eros. Supervivientes pone al l\u00edmite a cualquier persona. Y precisamente por eso, tambi\u00e9n mide la capacidad de asumir errores, aprender de ellos y seguir adelante. <\/em>\n    <\/p>\n<p class=\"article-text\">\n        <em>Confiamos en que Gerard contin\u00fae demostrando, con hechos, la persona y el superviviente que ha sido desde el primer d\u00eda. M\u00e1s all\u00e1 de todo, esto es un programa de televisi\u00f3n. Y como tal, debe seguir siendo un espacio de entretenimiento donde el respeto sea la base, tanto dentro como fuera de la pantalla. Gracias por el apoyo, la comprensi\u00f3n y el respeto.\u201c<\/em>\n    <\/p>\n<\/div>\n","protected":false},"excerpt":{"rendered":"<p>Comunicado de la familia de Gerard Arias tras lo ocurrido en &#8216;Supervivientes 2026&#8217; con Claudia Chac\u00f3n, asumiendo el error del concursante. El reality show de Telecinco abri\u00f3 la Palapa de forma excepcional para mostrar los graves ataques ocurridos en Honduras Cr\u00f3nica &#8211; &#8216;Cara al Show&#8217; se estren\u00f3 con 3 diferencias con RTVE, una curiosidad en [&hellip;]<\/p>\n","protected":false},"author":1,"featured_media":0,"comment_status":"closed","ping_status":"open","sticky":false,"template":"","format":"standard","meta":{"_et_pb_use_builder":"","_et_pb_old_content":"","_et_gb_content_width":"","footnotes":""},"categories":[6],"tags":[],"class_list":["post-202535","post","type-post","status-publish","format-standard","hentry","category-tv"],"_links":{"self":[{"href":"https:\/\/otraronda.xyz\/rock\/wp-json\/wp\/v2\/posts\/202535","targetHints":{"allow":["GET"]}}],"collection":[{"href":"https:\/\/otraronda.xyz\/rock\/wp-json\/wp\/v2\/posts"}],"about":[{"href":"https:\/\/otraronda.xyz\/rock\/wp-json\/wp\/v2\/types\/post"}],"author":[{"embeddable":true,"href":"https:\/\/otraronda.xyz\/rock\/wp-json\/wp\/v2\/users\/1"}],"replies":[{"embeddable":true,"href":"https:\/\/otraronda.xyz\/rock\/wp-json\/wp\/v2\/comments?post=202535"}],"version-history":[{"count":0,"href":"https:\/\/otraronda.xyz\/rock\/wp-json\/wp\/v2\/posts\/202535\/revisions"}],"wp:attachment":[{"href":"https:\/\/otraronda.xyz\/rock\/wp-json\/wp\/v2\/media?parent=202535"}],"wp:term":[{"taxonomy":"category","embeddable":true,"href":"https:\/\/otraronda.xyz\/rock\/wp-json\/wp\/v2\/categories?post=202535"},{"taxonomy":"post_tag","embeddable":true,"href":"https:\/\/otraronda.xyz\/rock\/wp-json\/wp\/v2\/tags?post=202535"}],"curies":[{"name":"wp","href":"https:\/\/api.w.org\/{rel}","templated":true}]}}