{"id":202534,"date":"2026-04-24T06:02:33","date_gmt":"2026-04-24T04:02:33","guid":{"rendered":"https:\/\/otraronda.xyz\/rock\/noemi-ungria-rechaza-supervivientes-con-raquel-morillas-y-se-deja-querer-por-telecinco-echo-de-menos-estar-aqui\/"},"modified":"2026-04-24T06:02:33","modified_gmt":"2026-04-24T04:02:33","slug":"noemi-ungria-rechaza-supervivientes-con-raquel-morillas-y-se-deja-querer-por-telecinco-echo-de-menos-estar-aqui","status":"publish","type":"post","link":"https:\/\/otraronda.xyz\/rock\/noemi-ungria-rechaza-supervivientes-con-raquel-morillas-y-se-deja-querer-por-telecinco-echo-de-menos-estar-aqui\/","title":{"rendered":"Noem\u00ed Ungr\u00eda rechaza &#8216;Supervivientes&#8217; con Raquel Morillas y se deja querer por Telecinco: \u00abEcho de menos estar aqu\u00ed\u00bb"},"content":{"rendered":"<div>\n<p><img loading=\"lazy\" decoding=\"async\" src=\"https:\/\/static.eldiario.es\/clip\/ca8282db-02c3-444a-9909-4aabc774f610_16-9-discover-aspect-ratio_default_0.jpg\" width=\"1200\" height=\"675\" alt=\"Noem\u00ed Ungr\u00eda rechaza 'Supervivientes' con Raquel Morillas y se deja querer por Telecinco: &quot;Echo de menos estar aqu\u00ed&quot;\"><\/p>\n<div class=\"subtitles\">\n<p class=\"subtitle\">&#8216;El tiempo justo&#8217; entrevist\u00f3 a Noem\u00ed Ungr\u00eda una semana despu\u00e9s de sentar en plat\u00f3 a Raquel Morillas. La que fuera concursante de &#8216;Gran Hermano 3&#8217; se dej\u00f3 querer por Telecinco, neg\u00e1ndose a participar en &#8216;Supervivientes&#8217; o &#8216;GH D\u00fao&#8217; junto a su expareja: \u00ab<\/p>\n<p class=\"subtitle\">Cr\u00f3nica &#8211; &#8216;MasterChef 14&#8217; expuls\u00f3 a uno de los m\u00e1s queridos por \u201cmaltratar los productos\u201d delante de Isa Pantoja y Asraf<\/p>\n<p class=\"subtitle\">Audiencias lunes &#8211; &#8216;La isla de las tentaciones 10&#8217; (14%) sigue l\u00edder y &#8216;En tierra lejana&#8217; (11.7%) da el sorpasso a &#8216;MasterChef 14&#8217; (11.5%)<\/p>\n<\/div>\n<p class=\"article-text\">\n        <strong>Noem\u00ed Ungr\u00eda<\/strong> tom\u00f3 asiento en <strong>Telecinco <\/strong>este lunes, 20 de abril, una semana despu\u00e9s de la <a href=\"https:\/\/www.eldiario.es\/vertele\/noticias\/raquel-morillas-exconcursante-gh-3-reaparece-telecinco-hablar-nueva-vida-vendedora-cupones_1_13147327.html\" target=\"_blank\" data-mrf-recirculation=\"links-noticia\" class=\"link\"><strong>entrevista de Raquel Morillas<\/strong><\/a>. El pasado com\u00fan de ambas sali\u00f3 a relucir en <em><strong>El tiempo justo<\/strong><\/em>, con la exconcursante de <em>Gran Hermano 3<\/em> neg\u00e1ndose a concursar en <em><strong>Supervivientes <\/strong><\/em>o <em><strong>GH D\u00fao <\/strong><\/em>junto a su exmujer. Tambi\u00e9n aprovech\u00f3 su intervenci\u00f3n para <strong>postularse como colaboradora <\/strong>en <strong>Mediaset<\/strong>, reconociendo que echa de menos las c\u00e1maras y poder coincidir con algunos de sus compa\u00f1eros que todav\u00eda trabajan en la cadena: \u201cNo voy a mentir\u201d.\n    <\/p>\n<p class=\"article-text\">\n        La breve entrevista arranc\u00f3 con Ungr\u00eda centr\u00e1ndose en su nueva vida y su faceta como creadora de contenido en las redes sociales: \u201c<strong>Es pasado y el pasado ah\u00ed est\u00e1<\/strong>. Ahora mismo, lo \u00fanico que quiero es pensar en el presente y en lo que est\u00e1 por llegar\u201d. Opt\u00f3 por no debatir sobre su turbulento romance con Morillas, cuya relaci\u00f3n se rompi\u00f3 tras un accidente de coche. Sin embargo, no tard\u00f3 en abrazar al medio de comunicaci\u00f3n que la vio nacer. \u201c<strong>Echo de menos la televisi\u00f3n, me gusta<\/strong>\u201d.\n    <\/p>\n<p class=\"article-text\">\n        De hecho, desliz\u00f3 su inter\u00e9s por tomar asiento en un plat\u00f3 para algo m\u00e1s que una intervenci\u00f3n: \u201cMe encanta encontrarme con mis compa\u00f1eros y ver que estamos todos igual <strong>Echo de menos poder estar aqu\u00ed con vosotros<\/strong>\u201d. La exconcursante de <em>Gran Hermano<\/em> se sincer\u00f3 en ese preciso instante ante las cuestiones de los presentes en <em>El tiempo justo<\/em>: \u201cMe gustan las c\u00e1maras. No voy a mentir\u201d. Conviene recordar que ya<strong> prob\u00f3 suerte<\/strong> en <em><strong>Fiesta <\/strong><\/em>durante el pasado mes de enero.\n    <\/p>\n<h2 class=\"article-text\">Se postula para &#8216;Supervivientes&#8217;, pero sin Raquel Morillas<\/h2>\n<p class=\"article-text\">\n        La posible participaci\u00f3n de <strong>Noem\u00ed Ungr\u00eda<\/strong> en distintos <strong>realities de Telecinco<\/strong> sali\u00f3 a relucir con el paso de los minutos. <strong>Joaqu\u00edn Prat <\/strong>le plante\u00f3 la posibilidad de poner rumbo a <em><strong>Supervivientes<\/strong><\/em>, a lo que la entrevistada respondi\u00f3 de manera tajante: \u201cProbablemente, porque creo que es bastante arriesgado. [\u2026] Si tuviera que ir, desde luego no ir\u00eda con ning\u00fan compa\u00f1ero de mi edici\u00f3n. <strong>Ir\u00eda sola para ser yo y vivirlo yo<\/strong>\u201d.\n    <\/p>\n<p class=\"article-text\">\n        <strong>Alexia Rivas<\/strong> lanz\u00f3 otra cuesti\u00f3n relacionada con<em><strong> GH D\u00fao<\/strong><\/em> y un posible concurso en pareja <strong>con Raquel Morillas<\/strong>. Como era de esperar, la natural de Barcelona se opuso con visible rotundidad: \u201c<strong>No<\/strong>\u201d. Record\u00f3 entonces su aventura juntas en <em>GH: El Reencuentro<\/em>, apuntando los complicados episodios vividos en la casa de Guadalix de la Sierra (Madrid). \u201c<strong>Estuvimos una semana, fue mucho<\/strong>\u201d. Ambas fueron expulsadas en la segunda gala tras sufrir varios enfrentamientos de lo m\u00e1s broncos.\n    <\/p>\n<\/div>\n","protected":false},"excerpt":{"rendered":"<p>&#8216;El tiempo justo&#8217; entrevist\u00f3 a Noem\u00ed Ungr\u00eda una semana despu\u00e9s de sentar en plat\u00f3 a Raquel Morillas. La que fuera concursante de &#8216;Gran Hermano 3&#8217; se dej\u00f3 querer por Telecinco, neg\u00e1ndose a participar en &#8216;Supervivientes&#8217; o &#8216;GH D\u00fao&#8217; junto a su expareja: \u00ab Cr\u00f3nica &#8211; &#8216;MasterChef 14&#8217; expuls\u00f3 a uno de los m\u00e1s queridos por [&hellip;]<\/p>\n","protected":false},"author":1,"featured_media":0,"comment_status":"closed","ping_status":"open","sticky":false,"template":"","format":"standard","meta":{"_et_pb_use_builder":"","_et_pb_old_content":"","_et_gb_content_width":"","footnotes":""},"categories":[6],"tags":[],"class_list":["post-202534","post","type-post","status-publish","format-standard","hentry","category-tv"],"_links":{"self":[{"href":"https:\/\/otraronda.xyz\/rock\/wp-json\/wp\/v2\/posts\/202534","targetHints":{"allow":["GET"]}}],"collection":[{"href":"https:\/\/otraronda.xyz\/rock\/wp-json\/wp\/v2\/posts"}],"about":[{"href":"https:\/\/otraronda.xyz\/rock\/wp-json\/wp\/v2\/types\/post"}],"author":[{"embeddable":true,"href":"https:\/\/otraronda.xyz\/rock\/wp-json\/wp\/v2\/users\/1"}],"replies":[{"embeddable":true,"href":"https:\/\/otraronda.xyz\/rock\/wp-json\/wp\/v2\/comments?post=202534"}],"version-history":[{"count":0,"href":"https:\/\/otraronda.xyz\/rock\/wp-json\/wp\/v2\/posts\/202534\/revisions"}],"wp:attachment":[{"href":"https:\/\/otraronda.xyz\/rock\/wp-json\/wp\/v2\/media?parent=202534"}],"wp:term":[{"taxonomy":"category","embeddable":true,"href":"https:\/\/otraronda.xyz\/rock\/wp-json\/wp\/v2\/categories?post=202534"},{"taxonomy":"post_tag","embeddable":true,"href":"https:\/\/otraronda.xyz\/rock\/wp-json\/wp\/v2\/tags?post=202534"}],"curies":[{"name":"wp","href":"https:\/\/api.w.org\/{rel}","templated":true}]}}