{"id":202533,"date":"2026-04-24T06:02:29","date_gmt":"2026-04-24T04:02:29","guid":{"rendered":"https:\/\/otraronda.xyz\/rock\/se-nos-ha-ido-de-las-manos-se-estreno-en-rtve-con-carles-tamayo-infiltrado-como-buitre-en-el-problema-de-la-vivienda\/"},"modified":"2026-04-24T06:02:29","modified_gmt":"2026-04-24T04:02:29","slug":"se-nos-ha-ido-de-las-manos-se-estreno-en-rtve-con-carles-tamayo-infiltrado-como-buitre-en-el-problema-de-la-vivienda","status":"publish","type":"post","link":"https:\/\/otraronda.xyz\/rock\/se-nos-ha-ido-de-las-manos-se-estreno-en-rtve-con-carles-tamayo-infiltrado-como-buitre-en-el-problema-de-la-vivienda\/","title":{"rendered":"&#8216;Se nos ha ido de las manos&#8217; se estren\u00f3 en RTVE con Carles Tamayo infiltrado como \u00abbuitre\u00bb en el problema de la vivienda"},"content":{"rendered":"<div>\n<p><img loading=\"lazy\" decoding=\"async\" src=\"https:\/\/static.eldiario.es\/clip\/dcc0c087-b155-4d70-9112-5129c4784b68_16-9-discover-aspect-ratio_default_0.jpg\" width=\"1200\" height=\"675\" alt=\"'Se nos ha ido de las manos' se estren\u00f3 en RTVE con Carles Tamayo infiltrado como &quot;buitre&quot; en el problema de la vivienda\"><\/p>\n<div class=\"subtitles\">\n<p class=\"subtitle\">El periodista de investigaci\u00f3n y su equipo dieron voz tanto a las dos partes del problema de la vivienda, convirti\u00e9ndose en un fonde de inversi\u00f3n (temporal) y hablando con sus v\u00edctimas <\/p>\n<p class=\"subtitle\">La Justicia obliga a RTVE y su presidente a rectificar un r\u00f3tulo de &#8216;Ma\u00f1aneros&#8217; sobre el Gobierno de Ayuso<\/p>\n<p class=\"subtitle\">Eslovenia rechaza emitir Eurovisi\u00f3n 2026 por la participaci\u00f3n de Israel y anuncia una programaci\u00f3n dedicada a Palestina<\/p>\n<\/div>\n<p class=\"article-text\">\n        La 1 estren\u00f3 este jueves, 23 de abril, <em><strong>Se nos ha ido de las manos<\/strong><\/em>, el nuevo programa dirigido por <strong>Carles Tamayo<\/strong>, y producido por <strong>RTVE<\/strong>, Gr\u00e1balo Todo y Bamb\u00fa Producciones.\n    <\/p>\n<p class=\"article-text\">\n        En esta primera entrega, el <strong>periodista de investigaci\u00f3n y su equipo analizaron c\u00f3mo funciona el sector inmobiliario<\/strong> desde dentro. Lo hicieron con su sello habitual: relatando su historia personal, para acabar extendi\u00e9ndola al problema social con todos sus protagonistas.\n    <\/p>\n<p class=\"article-text\">\n        De esta manera, <strong>Tamayo cre\u00f3 su propia empresa inmobiliaria<\/strong>, Voltor &amp; Voltor, para acudir a ferias inmobiliarias, conocer a<strong> inversores, familiarizarse con los eufemismos utilizados para sus negocios<\/strong>, descubrir c\u00f3mo trabajan y hasta intentar llegar a entender su mentalidad.\n    <\/p>\n<p class=\"article-text\">\n        A la vez, el equipo acudi\u00f3 a <strong>entrevistar a los inquilinos que viven en los edificios<\/strong> que est\u00e1n a la venta con ellos dentro. As\u00ed, y la iron\u00eda que es parte de su sello, el programa hizo un juego de espejos para que el espectador pudiera comparar la \u201cfiesta\u201d de los inversores que se enriquecen al \u201c mercadear con la vida de las personas\u201d, frente al drama de familias que intentan sobrevivir a esta situaci\u00f3n.\n    <\/p>\n<blockquote class=\"twitter-tweet\" data-lang=\"es\"><p><a href=\"https:\/\/twitter.com\/X\/status\/2047390172170330576?ref_src=twsrc%5Etfw\"><\/a><\/p><\/blockquote>\n<p><script async src=\"https:\/\/platform.twitter.com\/widgets.js\" charset=\"utf-8\"><\/script><\/p>\n<p class=\"article-text\">\n        Una primera entrega que es toda una declaraci\u00f3n de intenciones de Tamayo y su equipo de investigaci\u00f3n, que llegan para <strong>destapar injusticias sociales y sacar los colores a los culpables (o c\u00f3mplices) y lo hacen con educaci\u00f3n e incluso con silencios c\u00f3micos. <\/strong>Convirtiendo un tema que suele ser tedioso, en algo comprensible, interesante y que invita a reflexionar sobre c\u00f3mo \u201cel coste para la sociedad que se nos ha ido de las manos\u201d.\n    <\/p>\n<\/div>\n","protected":false},"excerpt":{"rendered":"<p>El periodista de investigaci\u00f3n y su equipo dieron voz tanto a las dos partes del problema de la vivienda, convirti\u00e9ndose en un fonde de inversi\u00f3n (temporal) y hablando con sus v\u00edctimas La Justicia obliga a RTVE y su presidente a rectificar un r\u00f3tulo de &#8216;Ma\u00f1aneros&#8217; sobre el Gobierno de Ayuso Eslovenia rechaza emitir Eurovisi\u00f3n 2026 [&hellip;]<\/p>\n","protected":false},"author":1,"featured_media":0,"comment_status":"closed","ping_status":"open","sticky":false,"template":"","format":"standard","meta":{"_et_pb_use_builder":"","_et_pb_old_content":"","_et_gb_content_width":"","footnotes":""},"categories":[6],"tags":[],"class_list":["post-202533","post","type-post","status-publish","format-standard","hentry","category-tv"],"_links":{"self":[{"href":"https:\/\/otraronda.xyz\/rock\/wp-json\/wp\/v2\/posts\/202533","targetHints":{"allow":["GET"]}}],"collection":[{"href":"https:\/\/otraronda.xyz\/rock\/wp-json\/wp\/v2\/posts"}],"about":[{"href":"https:\/\/otraronda.xyz\/rock\/wp-json\/wp\/v2\/types\/post"}],"author":[{"embeddable":true,"href":"https:\/\/otraronda.xyz\/rock\/wp-json\/wp\/v2\/users\/1"}],"replies":[{"embeddable":true,"href":"https:\/\/otraronda.xyz\/rock\/wp-json\/wp\/v2\/comments?post=202533"}],"version-history":[{"count":0,"href":"https:\/\/otraronda.xyz\/rock\/wp-json\/wp\/v2\/posts\/202533\/revisions"}],"wp:attachment":[{"href":"https:\/\/otraronda.xyz\/rock\/wp-json\/wp\/v2\/media?parent=202533"}],"wp:term":[{"taxonomy":"category","embeddable":true,"href":"https:\/\/otraronda.xyz\/rock\/wp-json\/wp\/v2\/categories?post=202533"},{"taxonomy":"post_tag","embeddable":true,"href":"https:\/\/otraronda.xyz\/rock\/wp-json\/wp\/v2\/tags?post=202533"}],"curies":[{"name":"wp","href":"https:\/\/api.w.org\/{rel}","templated":true}]}}