{"id":202529,"date":"2026-04-24T00:02:41","date_gmt":"2026-04-23T22:02:41","guid":{"rendered":"https:\/\/otraronda.xyz\/rock\/movistar-plus-destituye-a-su-ceo-solo-un-ano-despues-de-su-nombramiento\/"},"modified":"2026-04-24T00:02:41","modified_gmt":"2026-04-23T22:02:41","slug":"movistar-plus-destituye-a-su-ceo-solo-un-ano-despues-de-su-nombramiento","status":"publish","type":"post","link":"https:\/\/otraronda.xyz\/rock\/movistar-plus-destituye-a-su-ceo-solo-un-ano-despues-de-su-nombramiento\/","title":{"rendered":"Movistar Plus+ destituye a su CEO solo un a\u00f1o despu\u00e9s de su nombramiento"},"content":{"rendered":"<div><img decoding=\"async\" loading=\"lazy\" width=\"1600\" height=\"900\" src=\"https:\/\/www.adslzone.net\/app\/uploads-adslzone.net\/2026\/02\/movistar-plus-televisor-logo.jpg\"><\/p>\n<p>La c\u00fapula de <strong>Telef\u00f3nica<\/strong> ha decidido destituir al consejero delegado de <strong>Movistar Plus+<\/strong> apenas un a\u00f1o despu\u00e9s de su nombramiento. En un movimiento inesperado, esto refleja los cambios estrat\u00e9gicos dentro del negocio de televisi\u00f3n del grupo. La decisi\u00f3n acaba de ser adelantada por El Pa\u00eds, confirmando que le sustituir\u00e1 en el cargo <strong>Alfonso G\u00f3mez Palacio<\/strong>, que hasta ahora lideraba las operaciones de Telef\u00f3nica Hispanoam\u00e9rica.<\/p>\n<p>Desde marzo de 2025, <a href=\"https:\/\/www.adslzone.net\/noticias\/operadores\/movistar-plus-cambios-vendrian-0625\/\"><strong>Daniel Domenj\u00f3<\/strong> fue nombrado CEO de Movistar Plus+<\/a> en una de las muchas decisiones que tom\u00f3 Marc Murtra a su llegada a la presidencia ejecutiva del grupo. Este hab\u00eda sido designado para tomar una serie de decisiones importantes para el futuro de la plataforma que se enfrenta a rivales cada vez m\u00e1s poderosos en el mundo del streaming y la televisi\u00f3n.<\/p>\n<h2>Alfonso G\u00f3mez Palacio, nuevo CEO de Movistar Plus+<\/h2>\n<p>Seg\u00fan la informaci\u00f3n publicada por El Pa\u00eds, el relevo no responde a un \u00fanico factor concreto, sino a una suma de resultados, estrategia y encaje en la nueva hoja de ruta del grupo. De hecho, no es ning\u00fan secreto que Telef\u00f3nica est\u00e1 revisando su posicionamiento en el <strong>negocio audiovisual<\/strong>, un \u00e1rea que ha sido clave en sus tarifas convergentes (Fusi\u00f3n y miMovistar) en los \u00faltimos a\u00f1os.<\/p>\n<figure class=\"post-article__content-img\"><img decoding=\"async\" loading=\"lazy\" width=\"1280\" height=\"720\" src=\"https:\/\/www.adslzone.net\/app\/uploads-adslzone.net\/2026\/04\/Alfonso-Gomez-Palacio-500x500.jpg\" alt=\"Retrato de Alfonso G\u00f3mez Palacio en primer plano con chaqueta oscura y camisa blanca sobre un fondo de oficina difuminado.\"><figcaption>Alfonso G\u00f3mez Palacio, directivo del sector de las telecomunicaciones.<\/figcaption><\/figure>\n<p>Alfonso G\u00f3mez Palacio, <strong>nacido en 1968 en Bogot\u00e1<\/strong>, es abogado y hasta ahora ejerc\u00eda de CEO de Telef\u00f3nica Hispam. Licenciado por la Universidad Javeriana, acab\u00f3 especializ\u00e1ndose en Ciencias Pol\u00edticas e Impuestos. En su carrera dentro de la organizaci\u00f3n, fue CEO, presidente ejecutivo y CEO de Telef\u00f3nica Colombia.<\/p>\n<p>M\u00e1s tarde, en el a\u00f1o 2018, fue nombrado como <strong>CEO de Telef\u00f3nica Hispam<\/strong>, divisi\u00f3n de la compa\u00f1\u00eda encargada de las operaciones en Colombia, Venezuela, Ecuador, Per\u00fa, Argentina, Chile, Uruguay, y M\u00e9xico. Ahora, recibe un nuevo cargo y ser\u00e1 en encargado de guiar el futuro de Movistar Plus+ en los pr\u00f3ximos a\u00f1os.<\/p>\n<\/div>\n","protected":false},"excerpt":{"rendered":"<p>La c\u00fapula de Telef\u00f3nica ha decidido destituir al consejero delegado de Movistar Plus+ apenas un a\u00f1o despu\u00e9s de su nombramiento. En un movimiento inesperado, esto refleja los cambios estrat\u00e9gicos dentro del negocio de televisi\u00f3n del grupo. La decisi\u00f3n acaba de ser adelantada por El Pa\u00eds, confirmando que le sustituir\u00e1 en el cargo Alfonso G\u00f3mez Palacio, [&hellip;]<\/p>\n","protected":false},"author":1,"featured_media":0,"comment_status":"closed","ping_status":"closed","sticky":false,"template":"","format":"standard","meta":{"_et_pb_use_builder":"","_et_pb_old_content":"","_et_gb_content_width":"","footnotes":""},"categories":[3],"tags":[],"class_list":["post-202529","post","type-post","status-publish","format-standard","hentry","category-android-ipad"],"_links":{"self":[{"href":"https:\/\/otraronda.xyz\/rock\/wp-json\/wp\/v2\/posts\/202529","targetHints":{"allow":["GET"]}}],"collection":[{"href":"https:\/\/otraronda.xyz\/rock\/wp-json\/wp\/v2\/posts"}],"about":[{"href":"https:\/\/otraronda.xyz\/rock\/wp-json\/wp\/v2\/types\/post"}],"author":[{"embeddable":true,"href":"https:\/\/otraronda.xyz\/rock\/wp-json\/wp\/v2\/users\/1"}],"replies":[{"embeddable":true,"href":"https:\/\/otraronda.xyz\/rock\/wp-json\/wp\/v2\/comments?post=202529"}],"version-history":[{"count":0,"href":"https:\/\/otraronda.xyz\/rock\/wp-json\/wp\/v2\/posts\/202529\/revisions"}],"wp:attachment":[{"href":"https:\/\/otraronda.xyz\/rock\/wp-json\/wp\/v2\/media?parent=202529"}],"wp:term":[{"taxonomy":"category","embeddable":true,"href":"https:\/\/otraronda.xyz\/rock\/wp-json\/wp\/v2\/categories?post=202529"},{"taxonomy":"post_tag","embeddable":true,"href":"https:\/\/otraronda.xyz\/rock\/wp-json\/wp\/v2\/tags?post=202529"}],"curies":[{"name":"wp","href":"https:\/\/api.w.org\/{rel}","templated":true}]}}