{"id":202511,"date":"2026-04-24T00:02:04","date_gmt":"2026-04-23T22:02:04","guid":{"rendered":"https:\/\/otraronda.xyz\/rock\/cristina-pardo-se-despide-de-lasexta-tras-20-anos-y-salta-a-antena-3-con-un-programa-propio-en-prime-time\/"},"modified":"2026-04-24T00:02:04","modified_gmt":"2026-04-23T22:02:04","slug":"cristina-pardo-se-despide-de-lasexta-tras-20-anos-y-salta-a-antena-3-con-un-programa-propio-en-prime-time","status":"publish","type":"post","link":"https:\/\/otraronda.xyz\/rock\/cristina-pardo-se-despide-de-lasexta-tras-20-anos-y-salta-a-antena-3-con-un-programa-propio-en-prime-time\/","title":{"rendered":"Cristina Pardo se despide de laSexta tras 20 a\u00f1os y salta a Antena 3 con un programa propio en prime time"},"content":{"rendered":"<div>\n<p><img loading=\"lazy\" decoding=\"async\" src=\"https:\/\/static.eldiario.es\/clip\/e57bc753-6673-4b26-9a6c-448ad8be480c_16-9-discover-aspect-ratio_default_0.jpg\" width=\"1200\" height=\"675\" alt=\"Cristina Pardo se despide de laSexta tras 20 a\u00f1os y salta a Antena 3 con un programa propio en prime time\"><\/p>\n<div class=\"subtitles\">\n<p class=\"subtitle\">Sorpresa en Atresmedia: la periodista Cristina Pardo salta a Antena 3 tras 20 a\u00f1os en laSexta para presentar un programa propio en prime time. El formato ver\u00e1 la luz durante la pr\u00f3xima temporada televisiva<\/p>\n<p class=\"subtitle\">Adem\u00e1s &#8211; La Justicia condena a RTVE y su presidente a rectificar un r\u00f3tulo de &#8216;Ma\u00f1aneros&#8217; sobre el Gobierno de Ayuso<\/p>\n<p class=\"subtitle\">Comunicado &#8211; Eslovenia rechaza emitir Eurovisi\u00f3n 2026 por Israel y anuncia una programaci\u00f3n dedicada a Palestina<\/p>\n<\/div>\n<p class=\"article-text\">\n        La periodista <strong>Cristina Pardo <\/strong>ha anunciado este jueves, 23 de abril, una noticia de lo m\u00e1s inesperada en el programa <em><strong>M\u00e1s Vale Tarde<\/strong><\/em> frente a su compa\u00f1ero I\u00f1aki L\u00f3pez: <strong>se despide de laSexta tras 20 a\u00f1os<\/strong> siendo uno de sus perfiles de cabecera para <strong>saltar a Antena 3<\/strong>. La principal cadena de Atresmedia ser\u00e1 su nuevo hogar para presentar un <strong>programa propio<\/strong> en prime time. El formato todav\u00eda se encuentra en fase de preproducci\u00f3n, tal y como se ha se\u00f1alado en el comunicado de prensa posterior.\n    <\/p>\n<p class=\"article-text\">\n        Con una s\u00f3lida trayectoria a sus espaldas, la presentadora asumir\u00e1 pr\u00f3ximamente el liderazgo de un nuevo espacio en horario de m\u00e1xima audiencia. El grupo audiovisual ya se encuentra trabajando en este proyecto, que se concibe como un punto de encuentro con los espectadores para tratar <strong>asuntos clave de la agenda informativa diaria<\/strong>. En definitiva, se apostar\u00e1 por la <strong>actualidad <\/strong>y el <strong>entretenimiento <\/strong>con un nuevo t\u00edtulo.\n    <\/p>\n<p class=\"article-text\">\n        Respecto a la fecha de estreno, el \u00fanico detalle que se ha compartido es que <strong>ver\u00e1 la luz durante la pr\u00f3xima temporada televisiva<\/strong>. Conviene destacar que la periodista, hasta ahora al frente de<em> M\u00e1s vale tarde<\/em> y anteriormente conductora sustituta en <em>Al rojo vivo<\/em>, tambi\u00e9n figuraba entre los <strong>colaboradores de <\/strong><em><strong>El Hormiguero<\/strong><\/em>. No obstante, tambi\u00e9n particip\u00f3 en otros programas de Antena 3 como <em>Pasapalabra <\/em>o <em>Improvisando<\/em>.\n    <\/p>\n<p class=\"article-text\">\n        La presentadora ha confirmado adem\u00e1s que continuar\u00e1 al frente de <em>M\u00e1s Vale Tarde<\/em> hasta aproximadamente el final del curso televisivo: \u201cEspero estar a la altura de la oportunidad, gracias a todos\u201d. \u201cLlevo aqu\u00ed 20 a\u00f1os y estoy muy agradecida al equipo del programa. Me voy de aqu\u00ed con algunos amigos, <strong>gracias a Antonio Garc\u00eda Ferreas y a C\u00e9sar Gonz\u00e1lez Ant\u00f3n<\/strong>, a la gente de laSexta. <strong>Estoy muy agradecida a la empresa<\/strong> porque he trabajado mucho, pero siempre ha respondido bien\u201d, ha se\u00f1alado en directo.\n    <\/p>\n<figure class=\"embed-container embed-container--type-embed ratio ratio__16_9\">\n<div class=\"video_container\" style=\" padding-bottom: 56.3%; position: relative;\"> <iframe loading=\"lazy\" src=\"https:\/\/www.lasexta.com\/embed\/cristina-pardo-despide-lasexta-20-anos-voy-aqui-algunos-amigos\/video\/7\/2026\/04\/23\/69ea55b089a37f00077d56b8?origin=https:\/\/www.lasexta.com\/programas\/mas-vale-tarde\/cristina-pardo-despide-lasexta-20-anos-voy-aqui-algunos-amigos_2026042369ea563e16cd5c2d4669d0b5.html\" width=\"560\" height=\"315\" frameborder=\"0\" allowfullscreen style=\"width: 100%; height: 100%; position: absolute;\"><\/iframe> <\/div>\n<\/figure>\n<h2 class=\"article-text\">La trayectoria profesional de Cristina Pardo antes de su nuevo proyecto<\/h2>\n<p class=\"article-text\">\n        Licenciada en Periodismo por la Universidad de Navarra, <strong>Cristina Pardo<\/strong> empez\u00f3 su trayectoria profesional en la <strong>Cadena COPE<\/strong>. Decidi\u00f3 abandonar la emisora en el <strong>a\u00f1o 2006 <\/strong>para debutar en una cadena que acababa de nacer: <strong>laSexta<\/strong>, donde se incorpor\u00f3 como miembro del equipo de <strong>informativos <\/strong>en la secci\u00f3n de Pol\u00edtica. No fue hasta el a\u00f1o <strong>2013 <\/strong>cuando se puso frente a las c\u00e1maras para presentar <em><strong>Al Rojo Vivo<\/strong><\/em>, sustituyendo a <strong>Antonio Garc\u00eda Ferreras<\/strong> durante Semana Santa.\n    <\/p>\n<p class=\"article-text\">\n        Su andadura profesional contin\u00faa ligada a Atresmedia tras haber sido el rostro de cabecera en programas como<em><strong> Malas compa\u00f1\u00edas <\/strong><\/em>o <em><strong>Liarla Pardo<\/strong><\/em>. Fue en 2021 cuando el grupo audiovisual puso en marcha un cambio en su estrategia con los presentadores, con la periodista convirti\u00e9ndose en presentadora de <em><strong>M\u00e1s Vale Tarde<\/strong><\/em><strong> junto a I\u00f1aki L\u00f3pez<\/strong>, en reemplazo de <strong>Mamen Mendiz\u00e1bal<\/strong>. Pr\u00f3ximamente, el grupo de comunicaci\u00f3n compartir\u00e1 nuevos detalles sobre el nuevo proyecto en Antena 3.\n    <\/p>\n<\/div>\n","protected":false},"excerpt":{"rendered":"<p>Sorpresa en Atresmedia: la periodista Cristina Pardo salta a Antena 3 tras 20 a\u00f1os en laSexta para presentar un programa propio en prime time. El formato ver\u00e1 la luz durante la pr\u00f3xima temporada televisiva Adem\u00e1s &#8211; La Justicia condena a RTVE y su presidente a rectificar un r\u00f3tulo de &#8216;Ma\u00f1aneros&#8217; sobre el Gobierno de Ayuso [&hellip;]<\/p>\n","protected":false},"author":1,"featured_media":0,"comment_status":"closed","ping_status":"open","sticky":false,"template":"","format":"standard","meta":{"_et_pb_use_builder":"","_et_pb_old_content":"","_et_gb_content_width":"","footnotes":""},"categories":[6],"tags":[],"class_list":["post-202511","post","type-post","status-publish","format-standard","hentry","category-tv"],"_links":{"self":[{"href":"https:\/\/otraronda.xyz\/rock\/wp-json\/wp\/v2\/posts\/202511","targetHints":{"allow":["GET"]}}],"collection":[{"href":"https:\/\/otraronda.xyz\/rock\/wp-json\/wp\/v2\/posts"}],"about":[{"href":"https:\/\/otraronda.xyz\/rock\/wp-json\/wp\/v2\/types\/post"}],"author":[{"embeddable":true,"href":"https:\/\/otraronda.xyz\/rock\/wp-json\/wp\/v2\/users\/1"}],"replies":[{"embeddable":true,"href":"https:\/\/otraronda.xyz\/rock\/wp-json\/wp\/v2\/comments?post=202511"}],"version-history":[{"count":0,"href":"https:\/\/otraronda.xyz\/rock\/wp-json\/wp\/v2\/posts\/202511\/revisions"}],"wp:attachment":[{"href":"https:\/\/otraronda.xyz\/rock\/wp-json\/wp\/v2\/media?parent=202511"}],"wp:term":[{"taxonomy":"category","embeddable":true,"href":"https:\/\/otraronda.xyz\/rock\/wp-json\/wp\/v2\/categories?post=202511"},{"taxonomy":"post_tag","embeddable":true,"href":"https:\/\/otraronda.xyz\/rock\/wp-json\/wp\/v2\/tags?post=202511"}],"curies":[{"name":"wp","href":"https:\/\/api.w.org\/{rel}","templated":true}]}}