{"id":202470,"date":"2026-04-23T17:31:52","date_gmt":"2026-04-23T15:31:52","guid":{"rendered":"https:\/\/otraronda.xyz\/rock\/la-nueva-serie-de-los-javis-profundiza-en-la-maternidad-precaria-y-la-modernidad-de-barcelona-pero-entra-en-un-bucle-de-desgracias-que-acaba-por-desesperar\/"},"modified":"2026-04-23T17:31:52","modified_gmt":"2026-04-23T15:31:52","slug":"la-nueva-serie-de-los-javis-profundiza-en-la-maternidad-precaria-y-la-modernidad-de-barcelona-pero-entra-en-un-bucle-de-desgracias-que-acaba-por-desesperar","status":"publish","type":"post","link":"https:\/\/otraronda.xyz\/rock\/la-nueva-serie-de-los-javis-profundiza-en-la-maternidad-precaria-y-la-modernidad-de-barcelona-pero-entra-en-un-bucle-de-desgracias-que-acaba-por-desesperar\/","title":{"rendered":"La nueva serie de Los Javis profundiza en la maternidad precaria y la modernidad de Barcelona, pero entra en un bucle de desgracias que acaba por desesperar"},"content":{"rendered":"<div>\n<p>\n      <img decoding=\"async\" src=\"https:\/\/i.blogs.es\/a569f2\/madre\/1024_2000.jpeg\" alt=\"La nueva serie de Los Javis profundiza en la maternidad precaria y la modernidad de Barcelona, pero entra en un bucle de desgracias que acaba por desesperar \">\n    <\/p>\n<p>Si est\u00e1s pensando en meterte al duro pero satisfactorio mundo de ser padre o madre, lo primero que vas a tener que superar son las expectativas puestas sobre ti. No por tu familia o tus amigos, sino por los v\u00eddeos y comentarios en redes sociales que venden una vida perfecta e inexistente, alejada de la clase media real, los llantos de madrugada, los paseos por el parque y la ropa por tender. <a rel=\"nofollow, sponsored, noopener, noreferrer\" target=\"_blank\" class=\"js-ecommerce\" id=\"link-ecommerce-1\" href=\"https:\/\/www.webedia-afilia.com\/redirect?url=https%3A%2F%2Fwww.movistarplus.es%2Fseries%2Fyo-siempre-a-veces%2Fficha%3Ftipo%3DE%26id%3D2150368&amp;category=criticas&amp;site=espinof&amp;ecomPostExpiration=everlasting&amp;postId=253546\" data-vars-affiliate-url=\"https:\/\/www.movistarplus.es\/series\/yo-siempre-a-veces\/ficha?tipo=E&amp;id=2150368\">&#8216;Yo siempre a veces&#8217;<\/a>, en Movistar Plus+, trata de ser el reverso de las \u00abmamis influencers\u00bb, pero tambi\u00e9n le da un raquetazo a la tristeza intr\u00ednseca de pel\u00edculas como <a class=\"text-outboundlink\" href=\"https:\/\/www.espinof.com\/cine-espanol\/despues-pasar-desapercibida-cines-acaba-llegar-al-streaming-potente-pelicula-thriller-dos-nominaciones-goya-2025\" data-vars-post-title=\"Despu\u00e9s de pasar desapercibida en cines, acaba de llegar al streaming una potente pel\u00edcula de thriller con dos nominaciones en los Goya 2025 \" data-vars-post-url=\"https:\/\/www.espinof.com\/cine-espanol\/despues-pasar-desapercibida-cines-acaba-llegar-al-streaming-potente-pelicula-thriller-dos-nominaciones-goya-2025\">&#8216;Salve Mar\u00eda&#8217;<\/a> o <a class=\"text-outboundlink\" href=\"https:\/\/www.espinof.com\/criticas\/sorda-se-sobrepone-a-topicos-peliculas-como-coda-retrata-a-madre-que-trata-empatizar-dentro-su-refrescante-mezquindad\" data-vars-post-title=\"'Sorda' se sobrepone a los t\u00f3picos de pel\u00edculas como 'CODA' y retrata a una madre con la que trata de empatizar dentro de su refrescante mezquindad\" data-vars-post-url=\"https:\/\/www.espinof.com\/criticas\/sorda-se-sobrepone-a-topicos-peliculas-como-coda-retrata-a-madre-que-trata-empatizar-dentro-su-refrescante-mezquindad\">&#8216;Sorda&#8217;<\/a>: <strong>es una maternidad real, de clase baja. De precariedad, amigas, b\u00fasqueda interior y, por supuesto, tristeza.<\/strong><\/p>\n<p><!-- BREAK 1 --><\/p>\n<h2>Yo tambi\u00e9n soy una ni\u00f1a<\/h2>\n<p>La nueva serie producida por Los Javis y creada por Marta Loza y Marta Bassols es un valle que empieza en plena exaltaci\u00f3n de la vida, como una especie de <a class=\"text-outboundlink\" href=\"https:\/\/www.espinof.com\/criticas\/antes-del-amanecer-el-comienzo-de-jesse-y-celine\" data-vars-post-title=\"'Antes del amanecer', el comienzo de Jesse y C\u00e9line\" data-vars-post-url=\"https:\/\/www.espinof.com\/criticas\/antes-del-amanecer-el-comienzo-de-jesse-y-celine\">&#8216;Antes del amanecer&#8217;<\/a> de modernos en Barcelona, y termina cuando su protagonista llega al otro lado: la aceptaci\u00f3n de una nueva vida, de una personalidad distinta, <strong>sabiendo qui\u00e9n es en realidad tras dar tumbos por la vida y echar un vistazo a su presente<\/strong>: padres, amigos y parejas que dejan mucho que desear en una serie de catastr\u00f3ficas desdichas que puede llegar a desesperar al m\u00e1s pintado.<\/p>\n<p>Esta no es una serie amable hacia el espectador: <strong>requiere armarse de paciencia para soportar los vaivenes de una protagonista claramente desesperada y perdida en la vida<\/strong>, a la que una mala decisi\u00f3n le ha costado todo lo que tiene y enfrentarse a la realidad de una Barcelona por y para turistas con precios imposibles, moderneo de post\u00edn y en la que solo ella ha dado un paso hacia la madurez que sus amigas, dispuestas a meterse coca\u00edna en la mesa donde descansa su hijo, ni siquiera vislumbran. Pasar de trabajar en el mejor festival de Berl\u00edn a aceptar un trabajo en una tienda para tener algo suelto a fin de mes tiene que curtirte. No queda otra.<\/p>\n<p><!-- BREAK 2 --><\/p>\n<div class=\"article-asset article-asset-normal article-asset-center\">\n<div class=\"desvio-container\">\n<div class=\"desvio\">\n<div class=\"desvio-figure js-desvio-figure\">\n    <a href=\"https:\/\/www.espinof.com\/festival-cannes\/unico-pais-que-parece-despreciar-cine-espanol-propia-espana-historica-seleccion-cannes-solo-sintoma-exito-internacional-que-tenemos-que-creernos-vez\" class=\"pivot-outboundlink\" data-vars-post-title=\"Espa\u00f1a es el \u00fanico pa\u00eds que a\u00fan desprecia el cine espa\u00f1ol. La hist\u00f3rica selecci\u00f3n de Cannes es el s\u00edntoma de un \u00e9xito internacional que tenemos que creernos de una vez\"><br \/>\n     <img loading=\"lazy\" decoding=\"async\" alt=\"Espa\u00f1a es el \u00fanico pa\u00eds que a\u00fan desprecia el cine espa\u00f1ol. La hist\u00f3rica selecci\u00f3n de Cannes es el s\u00edntoma de un \u00e9xito internacional que tenemos que creernos de una vez\" width=\"375\" height=\"142\" src=\"https:\/\/i.blogs.es\/2562ae\/bola\/375_142.jpeg\"><br \/>\n    <\/a>\n   <\/div>\n<div class=\"desvio-summary\">\n<div class=\"desvio-taxonomy js-desvio-taxonomy\">\n     <a href=\"https:\/\/www.espinof.com\/festival-cannes\/unico-pais-que-parece-despreciar-cine-espanol-propia-espana-historica-seleccion-cannes-solo-sintoma-exito-internacional-que-tenemos-que-creernos-vez\" class=\"desvio-taxonomy-anchor pivot-outboundlink\" data-vars-post-title=\"Espa\u00f1a es el \u00fanico pa\u00eds que a\u00fan desprecia el cine espa\u00f1ol. La hist\u00f3rica selecci\u00f3n de Cannes es el s\u00edntoma de un \u00e9xito internacional que tenemos que creernos de una vez\">En Espinof<\/a>\n    <\/div>\n<p>    <a href=\"https:\/\/www.espinof.com\/festival-cannes\/unico-pais-que-parece-despreciar-cine-espanol-propia-espana-historica-seleccion-cannes-solo-sintoma-exito-internacional-que-tenemos-que-creernos-vez\" class=\"desvio-title js-desvio-title pivot-outboundlink\" data-vars-post-title=\"Espa\u00f1a es el \u00fanico pa\u00eds que a\u00fan desprecia el cine espa\u00f1ol. La hist\u00f3rica selecci\u00f3n de Cannes es el s\u00edntoma de un \u00e9xito internacional que tenemos que creernos de una vez\">Espa\u00f1a es el \u00fanico pa\u00eds que a\u00fan desprecia el cine espa\u00f1ol. La hist\u00f3rica selecci\u00f3n de Cannes es el s\u00edntoma de un \u00e9xito internacional que tenemos que creernos de una vez<\/a>\n   <\/div>\n<\/p><\/div>\n<\/p><\/div>\n<\/div>\n<p>Sin embargo, &#8216;Yo siempre a veces&#8217;, aunque a veces parece que ha dejado a su protagonista estancada en la mediocridad y el enfado continuo, esconde una evoluci\u00f3n brillante que no se hace obvia hasta sus \u00faltimos compases. Puede que Laura nunca vaya a ser la mami perfecta que prepara recetas en Instagram desde su piso en Gr\u00e0cia, pero <strong>al menos su camino es real, tangible, propio y elegido por ella misma.<\/strong> Como la serie en si misma. Puede que no sea una de las mejores del cat\u00e1logo de Movistar Plus+ (a estas alturas, conseguirlo es s\u00edmbolo ya de excelencia pura), pero s\u00ed hace real el retrato humano y perfecto de una protagonista con la que puedes no identificarte, pero a la que es imposible no entender.<\/p>\n<p><!-- BREAK 3 --><\/p>\n<h2>M\u00e9tete una pastilla por el culo a ver si vuelves a ser t\u00fa misma<\/h2>\n<p>Dicha esta serie de justos halagos, debo reconocer que nunca pude entrar del todo en la serie porque su guion, plagado de frases impostadas que los personajes no se han ganado decir, se empe\u00f1a en que Laura no pare de equivocarse y caer cada vez m\u00e1s bajo, hasta un punto inc\u00f3modo y dif\u00edcil de aguantar. Es a lo que juega, s\u00ed, pero su orgullo, mezclado con las personalidades negruzcas de todos los que se meten en su vida, <strong>es un c\u00f3ctel explosivo que entra en un bucle de desasosiego del que solo es capaz de salir con un toque de clasismo<\/strong> con el que es dif\u00edcil no torcer un poco el morro.<\/p>\n<p><!-- BREAK 4 --><\/p>\n<div class=\"article-asset-video article-asset-large article-asset-center\">\n<div class=\"asset-content\">\n<div class=\"base-asset-video\">\n<div class=\"js-dailymotion\">\n    <script type=\"application\/json\">\n                          {\"videoId\":\"xa6nlss\",\"autoplay\":true,\"title\":\"Yo siempre a veces - Trailer\", \"tag\":\"yo misma a veces\", \"duration\":\"83\"}\n                  <\/script>\n   <\/div>\n<\/p><\/div>\n<\/p><\/div>\n<\/div>\n<p>&#8216;Yo siempre a veces&#8217; pretende ser una visi\u00f3n realista de la maternidad moderna, pero le encanta llevar a sus protagonistas hasta el extremo, desde un primer episodio que ya de por s\u00ed es un delirio hasta la multitudinaria fiesta de un piso en la que nadie dejar\u00eda estar a un beb\u00e9 campando a sus anchas: la epifan\u00eda tiene que venir antes, no despu\u00e9s (ni durante). Este es un personaje que ha trabajado y vivido en Berl\u00edn durante a\u00f1os, conoce las normas b\u00e1sicas de decencia humana, pero al perderlo todo (y ganar un ni\u00f1o) parece volver a la casilla de salida. La historia de ca\u00edda y retorno funciona, pero <strong>hay que pasar por alto la sa\u00f1a con la que sus creadoras parecen disfrutar machac\u00e1ndola.<\/strong>\u00a0<\/p>\n<p><!-- BREAK 5 --><\/p>\n<p>Puede que a m\u00ed me haya dejado algo fr\u00edo, pero es dif\u00edcil no apreciar que, al menos, es algo totalmente distinto a lo que nos suele llegar. Suma Content, la productora de Los Javis, sigue empujando para dar voz a esos proyectos que de otra manera permanecer\u00edan eternamente metidos en un caj\u00f3n, y se agradece: <strong>el mundo es mucho mejor con &#8216;Yo siempre a veces&#8217; que sin ella.<\/strong> Adem\u00e1s, nos ha permitido conocer a su actriz protagonista, una debutante Ana Boga que deber\u00eda tener un cami\u00f3n de proyectos esper\u00e1ndola tras esta producci\u00f3n. A ver si, con suerte, la pr\u00f3xima vez no es un m\u00e9todo anticonceptivo seriado.<\/p>\n<p>En Espinof |\u00a0<a class=\"text-outboundlink\" href=\"https:\/\/www.espinof.com\/entrevistas\/creo-para-no-sentirme-solo-tambien-creo-para-soportar-vida-javier-calvo-mesias\" data-vars-post-title=\"&quot;Creo para no sentirme solo, pero tambi\u00e9n creo para soportar la vida&quot;. Javier Calvo ('La Mes\u00edas') \" data-vars-post-url=\"https:\/\/www.espinof.com\/entrevistas\/creo-para-no-sentirme-solo-tambien-creo-para-soportar-vida-javier-calvo-mesias\">\u00abCreo para no sentirme solo, pero tambi\u00e9n creo para soportar la vida\u00bb. Javier Calvo (&#8216;La Mes\u00edas&#8217;)<\/a><\/p>\n<p>En Espinof | <a class=\"text-outboundlink\" href=\"https:\/\/www.espinof.com\/estrenos\/series-esperadas-2026\" data-vars-post-title=\"Las 37 series m\u00e1s esperadas de 2026: la nueva serie de 'Juego de tronos', la secuela de 'El cuento de la criada', el Spider-Man m\u00e1s pulp y m\u00e1s\" data-vars-post-url=\"https:\/\/www.espinof.com\/estrenos\/series-esperadas-2026\">Las series m\u00e1s esperadas de 2026<\/a><\/p>\n<p><script>\n (function() {\n  window._JS_MODULES = window._JS_MODULES || {};\n  var headElement = document.getElementsByTagName('head')[0];\n  if (_JS_MODULES.instagram) {\n   var instagramScript = document.createElement('script');\n   instagramScript.src = 'https:\/\/platform.instagram.com\/en_US\/embeds.js';\n   instagramScript.async = true;\n   instagramScript.defer = true;\n   headElement.appendChild(instagramScript);\n  }\n })();\n<\/script><\/p>\n<p> &#8211; <br \/> La noticia<br \/>\n      <a href=\"https:\/\/www.espinof.com\/criticas\/nueva-serie-javis-profundiza-maternidad-precaria-modernidad-barcelona-entra-bucle-desgracias-que-acaba-desesperar?utm_source=feedburner&amp;utm_medium=feed&amp;utm_campaign=23_Apr_2026\"><br \/>\n       <em> La nueva serie de Los Javis profundiza en la maternidad precaria y la modernidad de Barcelona, pero entra en un bucle de desgracias que acaba por desesperar  <\/em><br \/>\n      <\/a><br \/>\n      fue publicada originalmente en<br \/>\n      <a href=\"https:\/\/www.espinof.com\/?utm_source=feedburner&amp;utm_medium=feed&amp;utm_campaign=23_Apr_2026\"><br \/>\n       <strong> Espinof <\/strong><br \/>\n      <\/a><br \/>\n             por<br \/>\n               <a href=\"https:\/\/www.espinof.com\/autor\/randy-meeks?utm_source=feedburner&amp;utm_medium=feed&amp;utm_campaign=23_Apr_2026\"><br \/>\n        Randy Meeks<br \/>\n        <\/a><br \/>\n             . <\/p>\n<\/div>\n","protected":false},"excerpt":{"rendered":"<p>Si est\u00e1s pensando en meterte al duro pero satisfactorio mundo de ser padre o madre, lo primero que vas a tener que superar son las expectativas puestas sobre ti. No por tu familia o tus amigos, sino por los v\u00eddeos y comentarios en redes sociales que venden una vida perfecta e inexistente, alejada de la [&hellip;]<\/p>\n","protected":false},"author":1,"featured_media":0,"comment_status":"closed","ping_status":"open","sticky":false,"template":"","format":"standard","meta":{"_et_pb_use_builder":"","_et_pb_old_content":"","_et_gb_content_width":"","footnotes":""},"categories":[6],"tags":[],"class_list":["post-202470","post","type-post","status-publish","format-standard","hentry","category-tv"],"_links":{"self":[{"href":"https:\/\/otraronda.xyz\/rock\/wp-json\/wp\/v2\/posts\/202470","targetHints":{"allow":["GET"]}}],"collection":[{"href":"https:\/\/otraronda.xyz\/rock\/wp-json\/wp\/v2\/posts"}],"about":[{"href":"https:\/\/otraronda.xyz\/rock\/wp-json\/wp\/v2\/types\/post"}],"author":[{"embeddable":true,"href":"https:\/\/otraronda.xyz\/rock\/wp-json\/wp\/v2\/users\/1"}],"replies":[{"embeddable":true,"href":"https:\/\/otraronda.xyz\/rock\/wp-json\/wp\/v2\/comments?post=202470"}],"version-history":[{"count":0,"href":"https:\/\/otraronda.xyz\/rock\/wp-json\/wp\/v2\/posts\/202470\/revisions"}],"wp:attachment":[{"href":"https:\/\/otraronda.xyz\/rock\/wp-json\/wp\/v2\/media?parent=202470"}],"wp:term":[{"taxonomy":"category","embeddable":true,"href":"https:\/\/otraronda.xyz\/rock\/wp-json\/wp\/v2\/categories?post=202470"},{"taxonomy":"post_tag","embeddable":true,"href":"https:\/\/otraronda.xyz\/rock\/wp-json\/wp\/v2\/tags?post=202470"}],"curies":[{"name":"wp","href":"https:\/\/api.w.org\/{rel}","templated":true}]}}