{"id":202466,"date":"2026-04-23T15:01:53","date_gmt":"2026-04-23T13:01:53","guid":{"rendered":"https:\/\/otraronda.xyz\/rock\/la-secuela-de-practicamente-magia-se-deja-fuera-a-uno-de-sus-personajes-principales-pero-para-sandra-bullock-tiene-sentido-te-podras-imaginar-por-que\/"},"modified":"2026-04-23T15:01:53","modified_gmt":"2026-04-23T13:01:53","slug":"la-secuela-de-practicamente-magia-se-deja-fuera-a-uno-de-sus-personajes-principales-pero-para-sandra-bullock-tiene-sentido-te-podras-imaginar-por-que","status":"publish","type":"post","link":"https:\/\/otraronda.xyz\/rock\/la-secuela-de-practicamente-magia-se-deja-fuera-a-uno-de-sus-personajes-principales-pero-para-sandra-bullock-tiene-sentido-te-podras-imaginar-por-que\/","title":{"rendered":"La secuela de &#8216;Pr\u00e1cticamente magia&#8217; se deja fuera a uno de sus personajes principales, pero para Sandra Bullock tiene sentido: \u00abTe podr\u00e1s imaginar por qu\u00e9\u00bb"},"content":{"rendered":"<div>\n<p>\n      <img decoding=\"async\" src=\"https:\/\/i.blogs.es\/9639d2\/practicamente-magia-1998\/1024_2000.jpeg\" alt=\"La secuela de 'Pr\u00e1cticamente magia' se deja fuera a uno de sus personajes principales, pero para Sandra Bullock tiene sentido: &quot;Te podr\u00e1s imaginar por qu\u00e9&quot; \">\n    <\/p>\n<p>Estamos en era de revivals nost\u00e1lgicos, y si en nada nos llega <a class=\"text-outboundlink\" href=\"https:\/\/www.espinof.com\/trailers\/diablo-viste-prada-2-estrena-su-espectacular-nuevo-trailer-sacando-pecho-retorno-meryl-streep-anne-hathaway-emily-blunt-stanley-tucci\" data-vars-post-title=\"'El Diablo Viste de Prada 2' estrena su espectacular nuevo tr\u00e1iler, sacando pecho con el retorno de Meryl Streep, Anne Hathaway, Emily Blunt y Stanley Tucci \" data-vars-post-url=\"https:\/\/www.espinof.com\/trailers\/diablo-viste-prada-2-estrena-su-espectacular-nuevo-trailer-sacando-pecho-retorno-meryl-streep-anne-hathaway-emily-blunt-stanley-tucci\">la segunda parte de &#8216;El diablo viste de Prada&#8217;<\/a>, en oto\u00f1o aterriza en cines la secuela de <a class=\"text-outboundlink\" href=\"https:\/\/www.espinof.com\/otras-cadenas\/85-millones-decada-desarrollo-para-remake-que-acabo-decepcionando-taquilla-hoy-tv-embrujada\" data-vars-post-title=\"Hoy en TV, un reparto m\u00e1gico y una directora llena de trucos en el remake de un cl\u00e1sico de la comedia que fracas\u00f3 en taquilla\" data-vars-post-url=\"https:\/\/www.espinof.com\/otras-cadenas\/85-millones-decada-desarrollo-para-remake-que-acabo-decepcionando-taquilla-hoy-tv-embrujada\">&#8216;Pr\u00e1cticamente magia&#8217;<\/a>. A pesar de que en su momento fue un fracaso en taquilla, se ha ido convirtiendo en una pel\u00edcula de culto con el paso de los a\u00f1os y el ansia de nostalgia est\u00e1 en su momento \u00e1lgido&#8230;<\/p>\n<p><!-- BREAK 1 --><\/p>\n<h2>Una maldici\u00f3n que no se va f\u00e1cilmente<\/h2>\n<p>La primera pel\u00edcula de <strong>&#8216;Pr\u00e1cticamente magia<\/strong>&#8216; nos presentaba a las hermanas Owens, dos brujas que provienen de una larga dinast\u00eda y sobre cuya familia pesa una maldici\u00f3n. Y cuando asesinan al novio abusivo de una de ellas, entra en juego una investigaci\u00f3n policial y un hechizo que no sale tan bien como esperaban.<\/p>\n<p><!-- BREAK 2 --><\/p>\n<div class=\"article-asset-image article-asset-normal article-asset-center\">\n<div class=\"asset-content\">\n<p>   <img decoding=\"async\" alt=\"Practicamente Magia\" class=\"centro_sinmarco\" src=\"https:\/\/i.blogs.es\/7cd4ba\/practicamente-magia_\/450_1000.jpeg\"><\/p><\/div>\n<\/div>\n<p>Ahora, 28 a\u00f1os despu\u00e9s de la primer pel\u00edcula <strong>Sandra Bullock y Nicole Kidman <\/strong>se re\u00fanen de nuevo para interpretar a Sally y Gillian Owens, pero &#8216;Pr\u00e1cticamente magia 2&#8217; no contar\u00e1 con todo el reparto de la pel\u00edcula original. <strong>Aidan Quinn, el investigador <\/strong><strong>Gary Hallet<\/strong>\u00a0e inter\u00e9s rom\u00e1ntico de Bullock, no volver\u00e1 para la secuela.<\/p>\n<p><!-- BREAK 3 --><\/p>\n<div class=\"article-asset article-asset-normal article-asset-center\">\n<div class=\"desvio-container\">\n<div class=\"desvio\">\n<div class=\"desvio-figure js-desvio-figure\">\n    <a href=\"https:\/\/www.espinof.com\/listas\/mejores-razones-para-matar-nostalgia-anos-80-cine-television\" class=\"pivot-outboundlink\" data-vars-post-title=\"Las mejores razones para matar la nostalgia por los a\u00f1os 80 en el cine y la televisi\u00f3n \"><br \/>\n     <img loading=\"lazy\" decoding=\"async\" alt=\"Las mejores razones para matar la nostalgia por los a\u00f1os 80 en el cine y la televisi\u00f3n \" width=\"375\" height=\"142\" src=\"https:\/\/i.blogs.es\/b91425\/mac-los-80-destruirlos-espinof\/375_142.jpeg\"><br \/>\n    <\/a>\n   <\/div>\n<div class=\"desvio-summary\">\n<div class=\"desvio-taxonomy js-desvio-taxonomy\">\n     <a href=\"https:\/\/www.espinof.com\/listas\/mejores-razones-para-matar-nostalgia-anos-80-cine-television\" class=\"desvio-taxonomy-anchor pivot-outboundlink\" data-vars-post-title=\"Las mejores razones para matar la nostalgia por los a\u00f1os 80 en el cine y la televisi\u00f3n \">En Espinof<\/a>\n    <\/div>\n<p>    <a href=\"https:\/\/www.espinof.com\/listas\/mejores-razones-para-matar-nostalgia-anos-80-cine-television\" class=\"desvio-title js-desvio-title pivot-outboundlink\" data-vars-post-title=\"Las mejores razones para matar la nostalgia por los a\u00f1os 80 en el cine y la televisi\u00f3n \">Las mejores razones para matar la nostalgia por los a\u00f1os 80 en el cine y la televisi\u00f3n <\/a>\n   <\/div>\n<\/p><\/div>\n<\/p><\/div>\n<\/div>\n<blockquote><p><strong>\u00abSi conoces la pel\u00edcula origina, ya te podr\u00e1s imaginar por qu\u00e9\u00bb<\/strong>, adelant\u00f3 Bullock en <a rel=\"noopener, noreferrer\" href=\"https:\/\/deadline.com\/2026\/04\/practical-magic-2-cinemacon-sandra-bullock-nicole-kidman-1236860363\/\">CinemaCon<\/a>, aunque tampoco ha dado demasiados detalles. Sin embargo, su ausencia tiene bastante sentido, y tiene que ver con la maldici\u00f3n que la antepasada de Sally y Gillian lanz\u00f3 sobre su linaje para que cualquier hombre que se enamorase de una mujer Owens terminase muriendo.\u00a0<\/p><\/blockquote>\n<p>En la primera pel\u00edcula, el marido de Sally muri\u00f3 al ser v\u00edctima de la maldici\u00f3n, aunque parece que tras los eventos de la &#8216;Pr\u00e1cticamente magia&#8217; original Sally hab\u00eda conseguido vencer al hechizo y ten\u00eda un final feliz con Gary.\u00a0<\/p>\n<p><!-- BREAK 4 --><\/p>\n<div class=\"article-asset-image article-asset-normal article-asset-center\">\n<div class=\"asset-content\">\n<p>   <img decoding=\"async\" alt=\"Practicamente Magia\" class=\"centro_sinmarco\" src=\"https:\/\/i.blogs.es\/44d567\/practicamente-magia\/450_1000.jpeg\"><\/p><\/div>\n<\/div>\n<p>Sin embargo, <a class=\"js-branded-hubs-link\" rel=\"noopener, noreferrer\" data-vars-brand-customer=\"cfadmin\" href=\"https:\/\/cfadmin.espinof.com\/publicar\/-OqtpL5L78dsaO1DFbHf\">el tr\u00e1iler y los primeros vistazos<\/a> de <strong>&#8216;Pr\u00e1cticamente magia 2<\/strong>&#8216; apuntan a que Sally y Gillian no rompieron del todo esta antigua maldici\u00f3n y todav\u00eda pesa sobre su familia, por lo que quiz\u00e1s Gary termin\u00f3 siendo otra v\u00edctima m\u00e1s. Aunque tambi\u00e9n es posible que Gary consiguiera esquivar la maldici\u00f3n con un divorcio a tiempo y simplemente haya dejado atr\u00e1s la casa de las Owens.<\/p>\n<p><!-- BREAK 5 --><\/p>\n<p>Al fin y al cabo, parece que la secuela se centrar\u00e1 en <strong>la nueva generaci\u00f3n de brujas Owens mientras tratan de lidiar con la maldici\u00f3n de su antepasada<\/strong>. Por desgracia, el regreso de Quinn nunca estuvo previsto en <strong>&#8216;Pr\u00e1cticamente magia 2<\/strong>&#8216;, y <a rel=\"noopener, noreferrer\" href=\"https:\/\/www.tiktok.com\/@officialspin1038\/video\/7609296315297697057?embed_source=121374463%2C121468991%2C121439635%2C121749182%2C121433650%2C121404359%2C121497414%2C122221973%2C122122240%2C121351166%2C121811500%2C121960941%2C122122244%2C122122243%2C122122242%2C121487028%2C121679410%2C122258714%2C121331973%2C120811592%2C120810756%2C121885509%3Bnull%3Bembed_blank&amp;refer=embed&amp;referer_url=ew.com%2Fwhy-aidan-quinn-is-not-in-practical-magic-2-11954816&amp;referer_video_id=7609296315297697057\">el actor asegura<\/a> que \u00a0\u00abNo me lo pidieron. Aunque habr\u00eda dicho que s\u00ed, pero no me lo preguntaron\u00bb.<\/p>\n<p><!-- BREAK 6 --><\/p>\n<p>En Espinof |\u00a0<a class=\"text-outboundlink\" href=\"https:\/\/www.espinof.com\/cine-clasico\/goonies-se-han-hecho-mayores-40-anos-nostalgia-bucle-para-generacion-marcada-desencanto\" data-vars-post-title=\"'Los Goonies' se han hecho mayores. 40 a\u00f1os de nostalgia en bucle para una generaci\u00f3n marcada por el desencanto\" data-vars-post-url=\"https:\/\/www.espinof.com\/cine-clasico\/goonies-se-han-hecho-mayores-40-anos-nostalgia-bucle-para-generacion-marcada-desencanto\">&#8216;Los Goonies&#8217; se han hecho mayores. 40 a\u00f1os de nostalgia en bucle para una generaci\u00f3n marcada por el desencanto<\/a><\/p>\n<p>En Espinof |\u00a0<a class=\"text-outboundlink\" href=\"https:\/\/www.espinof.com\/listas\/peliculas-esperadas-2026\" data-vars-post-title=\"Las 44 pel\u00edculas m\u00e1s esperadas de 2026 y los mejores estrenos del a\u00f1o: 'Dune 3', 'Torrente 6', 'Vengadores Doomsday', el regreso de Star Wars, 'La odisea' y muchas m\u00e1s\" data-vars-post-url=\"https:\/\/www.espinof.com\/listas\/peliculas-esperadas-2026\">Las pel\u00edculas m\u00e1s esperadas de 2026<\/a><\/p>\n<p><\/p>\n<p><script>\n (function() {\n  window._JS_MODULES = window._JS_MODULES || {};\n  var headElement = document.getElementsByTagName('head')[0];\n  if (_JS_MODULES.instagram) {\n   var instagramScript = document.createElement('script');\n   instagramScript.src = 'https:\/\/platform.instagram.com\/en_US\/embeds.js';\n   instagramScript.async = true;\n   instagramScript.defer = true;\n   headElement.appendChild(instagramScript);\n  }\n })();\n<\/script><\/p>\n<p> &#8211; <br \/> La noticia<br \/>\n      <a href=\"https:\/\/www.espinof.com\/actores-y-actrices\/secuela-practicamente-magia-se-deja-fuera-a-uno-sus-personajes-principales-para-sandra-bullock-tiene-sentido-te-podras-imaginar-que?utm_source=feedburner&amp;utm_medium=feed&amp;utm_campaign=23_Apr_2026\"><br \/>\n       <em> La secuela de &#8216;Pr\u00e1cticamente magia&#8217; se deja fuera a uno de sus personajes principales, pero para Sandra Bullock tiene sentido: \u00abTe podr\u00e1s imaginar por qu\u00e9\u00bb  <\/em><br \/>\n      <\/a><br \/>\n      fue publicada originalmente en<br \/>\n      <a href=\"https:\/\/www.espinof.com\/?utm_source=feedburner&amp;utm_medium=feed&amp;utm_campaign=23_Apr_2026\"><br \/>\n       <strong> Espinof <\/strong><br \/>\n      <\/a><br \/>\n             por<br \/>\n               <a href=\"https:\/\/www.espinof.com\/autor\/marilo-delgado?utm_source=feedburner&amp;utm_medium=feed&amp;utm_campaign=23_Apr_2026\"><br \/>\n        Maril\u00f3 Delgado<br \/>\n        <\/a><br \/>\n             . <\/p>\n<\/div>\n","protected":false},"excerpt":{"rendered":"<p>Estamos en era de revivals nost\u00e1lgicos, y si en nada nos llega la segunda parte de &#8216;El diablo viste de Prada&#8217;, en oto\u00f1o aterriza en cines la secuela de &#8216;Pr\u00e1cticamente magia&#8217;. A pesar de que en su momento fue un fracaso en taquilla, se ha ido convirtiendo en una pel\u00edcula de culto con el paso [&hellip;]<\/p>\n","protected":false},"author":1,"featured_media":0,"comment_status":"closed","ping_status":"open","sticky":false,"template":"","format":"standard","meta":{"_et_pb_use_builder":"","_et_pb_old_content":"","_et_gb_content_width":"","footnotes":""},"categories":[6],"tags":[],"class_list":["post-202466","post","type-post","status-publish","format-standard","hentry","category-tv"],"_links":{"self":[{"href":"https:\/\/otraronda.xyz\/rock\/wp-json\/wp\/v2\/posts\/202466","targetHints":{"allow":["GET"]}}],"collection":[{"href":"https:\/\/otraronda.xyz\/rock\/wp-json\/wp\/v2\/posts"}],"about":[{"href":"https:\/\/otraronda.xyz\/rock\/wp-json\/wp\/v2\/types\/post"}],"author":[{"embeddable":true,"href":"https:\/\/otraronda.xyz\/rock\/wp-json\/wp\/v2\/users\/1"}],"replies":[{"embeddable":true,"href":"https:\/\/otraronda.xyz\/rock\/wp-json\/wp\/v2\/comments?post=202466"}],"version-history":[{"count":0,"href":"https:\/\/otraronda.xyz\/rock\/wp-json\/wp\/v2\/posts\/202466\/revisions"}],"wp:attachment":[{"href":"https:\/\/otraronda.xyz\/rock\/wp-json\/wp\/v2\/media?parent=202466"}],"wp:term":[{"taxonomy":"category","embeddable":true,"href":"https:\/\/otraronda.xyz\/rock\/wp-json\/wp\/v2\/categories?post=202466"},{"taxonomy":"post_tag","embeddable":true,"href":"https:\/\/otraronda.xyz\/rock\/wp-json\/wp\/v2\/tags?post=202466"}],"curies":[{"name":"wp","href":"https:\/\/api.w.org\/{rel}","templated":true}]}}