{"id":202464,"date":"2026-04-23T18:04:20","date_gmt":"2026-04-23T16:04:20","guid":{"rendered":"https:\/\/otraronda.xyz\/rock\/yo-siempre-a-veces-la-precariedad-de-una-madre-soltera-sostiene-una-de-las-series-mas-humanas-de-movistar-plus\/"},"modified":"2026-04-23T18:04:20","modified_gmt":"2026-04-23T16:04:20","slug":"yo-siempre-a-veces-la-precariedad-de-una-madre-soltera-sostiene-una-de-las-series-mas-humanas-de-movistar-plus","status":"publish","type":"post","link":"https:\/\/otraronda.xyz\/rock\/yo-siempre-a-veces-la-precariedad-de-una-madre-soltera-sostiene-una-de-las-series-mas-humanas-de-movistar-plus\/","title":{"rendered":"&#8216;Yo siempre a veces&#8217;: la precariedad de una madre soltera sostiene una de las series m\u00e1s humanas de Movistar Plus+"},"content":{"rendered":"<div>\n<p><img loading=\"lazy\" decoding=\"async\" src=\"https:\/\/static.eldiario.es\/clip\/21b28b78-2d20-4482-b3a1-7836b6ddc685_16-9-discover-aspect-ratio_default_0.jpg\" width=\"1200\" height=\"675\" alt=\"'Yo siempre a veces': la precariedad de una madre soltera sostiene una de las series m\u00e1s humanas de Movistar Plus+\"><\/p>\n<div class=\"subtitles\">\n<p class=\"subtitle\">Movistar Plus+ estrena este jueves 23 de abril &#8216;Yo siempre a veces&#8217;, su nueva serie original. La ficci\u00f3n, producida por Javier Calvo y Javier Ambrossi, sigue la historia de una joven madre soltera que lucha contra la precariedad, la mala suerte y otras circunstancias para sacar adelante a su beb\u00e9 y retomar las riendas de su vida<\/p>\n<p class=\"subtitle\">Loles Le\u00f3n desvela en RTVE c\u00f3mo consigui\u00f3 su primer papel con Pedro Almod\u00f3var: \u201cNo le gusta que lo cuente\u201d\n<\/p>\n<p class=\"subtitle\">Antonia San Juan cierra la puerta a &#8216;La que se avecina&#8217; y reflexiona sobre su adi\u00f3s: \u201cNunca voy a decir por qu\u00e9 me fui\u201d\n<\/p>\n<\/div>\n<p class=\"article-text\">\n        El \u00e9xito de cr\u00edtica y p\u00fablico, juntos o por separado, es el principal baremo que mide el valor de un showrunner o un cineasta. Sin embargo, hay otros m\u00e9ritos que tambi\u00e9n pueden calibrar su importancia en la industria individual, siendo dos de ellos su olfato para descubrir nuevos talentos y su capacidad de sacar adelante proyectos que, sin su apoyo, dif\u00edcilmente podr\u00edan ver la luz. Un ejemplo claro de esto \u00faltimo lo tenemos en la figura de <strong>Pedro Almod\u00f3var<\/strong>, del que se habla mucho \u2014y con raz\u00f3n\u2014 de su excelsa carrera como director y muy poco de que, por ejemplo, \u00e9l y su hermano <strong>Agust\u00edn<\/strong> produjeron con <strong>El Deseo<\/strong> la \u00f3pera prima de <strong>\u00c1lex de la Iglesia<\/strong> (<em>Acci\u00f3n mutante<\/em>, 1993) y dos de las primeras y m\u00e1s importantes pel\u00edculas de <strong>Guillermo del Toro<\/strong> (<em>El espinazo del diablo<\/em>, 2001) e <strong>Isabel Coixet<\/strong> (<em>Mi vida sin m\u00ed<\/em>, 2002), pese a que ninguna de ellas ten\u00eda mucho que ver con su estilo de cine.\n    <\/p>\n<p class=\"article-text\">\n        <strong>Los Javis<\/strong>, admiradores confesos del manchego, est\u00e1n m\u00e1s o menos en las mismas. Trece a\u00f1os despu\u00e9s de que triunfaran con la versi\u00f3n teatral de <em><strong>La Llamada<\/strong><\/em> \u2014curiosamente, el mismo tiempo que separa la primera pel\u00edcula de Almod\u00f3var (<em>Pepi, Luci, Bom y otras chicas del mont\u00f3n<\/em>, 1980) y la primera que produjo sin estar dirigida por \u00e9l (la ya mencionada <em>Acci\u00f3n mutante<\/em>)\u2014, <strong>Javier Calvo<\/strong> y <strong>Javier Ambrossi<\/strong> han construido una carrera tan s\u00f3lida que ahora mismo pueden permitirse el lujo de sacar adelante no s\u00f3lo sus propias producciones, sino tambi\u00e9n las de otros a trav\u00e9s de su compa\u00f1\u00eda, <strong>Suma Content<\/strong>. De hecho, la buena acogida de sus creaciones ha hecho que la etiqueta<strong> \u201cproducida por los Javis\u201d<\/strong> goce de una fuerza inusual dentro de nuestra industria por el simple hecho de mencionar en ella al d\u00fao creativo, por mucho que ninguno de sus integrantes tenga algo ver con el guion o la direcci\u00f3n de aquellos t\u00edtulos que la lucen.\n    <\/p>\n<p class=\"article-text\">\n        <em><strong>Yo siempre a veces<\/strong><\/em>, la nueva serie de <strong>Movistar Plus+<\/strong>, es la \u00faltima producci\u00f3n en sumarse a esta lista, en la que ya figuran ficciones televisivas como <em><strong>Cardo<\/strong><\/em> (Atresmedia, 2021), <em><strong>Vestidas de azul<\/strong><\/em> (Atresmedia, 2023), <em><strong>Superestar<\/strong><\/em> (Netflix, 2025) o <em><strong>Mariliendre<\/strong><\/em> (Atresmedia, 2025). Siguiendo con las coincidencias, las cuatro fueron creadas o cocreadas por mujeres, igual que <em>Yo siempre a veces<\/em>, el proyecto m\u00e1s importante hasta la fecha de <strong>Marta Bassols<\/strong> y <strong>Marta Loza<\/strong>, que ambas han escrito junto a <strong>Almudena Monz\u00fa<\/strong> y que Loza ha dirigido junto a <strong>Ginesta Guindal<\/strong> y <strong>Claudia Costafreda<\/strong>. Para rizar el rizo, esta \u00faltima ya dirigi\u00f3 en su momento cap\u00edtulos de <em>Vestidas de azul<\/em>, <em>Cardo<\/em> y <em>Superestar<\/em>, adem\u00e1s de ser cocreadora de las dos \u00faltimas y guionista de <em><strong>Veneno<\/strong><\/em> (Atresmedia, 2020), por lo que su presencia tras las c\u00e1maras en <em>Yo siempre a veces<\/em> refuerza la conexi\u00f3n de los Javis con esta serie. Una conexi\u00f3n que tambi\u00e9n se aprecia en otro punto importante: <strong>el resultado final no cae en la indiferencia<\/strong>.\n    <\/p>\n<figure class=\"embed-container embed-container--type-youtube ratio\">\n<p><script src=\"https:\/\/www.youtube.com\/iframe_api\"><\/script><br \/>\n<script type=\"module\">\n    window.marfeel.cmd.push(['multimedia', function(multimedia) {\n        multimedia.initializeItem('yt-Qlm9e_TAof0-6622', 'youtube', 'Qlm9e_TAof0', document.getElementById('yt-Qlm9e_TAof0-6622'));\n    }]);\n<\/script><\/p>\n<p><iframe id=\"yt-Qlm9e_TAof0-6622\" src=\"https:\/\/www.youtube.com\/embed\/Qlm9e_TAof0?enablejsapi=1\" frameborder=\"0\"><\/iframe><br \/>\n            <\/figure>\n<h2 class=\"article-text\">&#8216;Yo siempre a veces&#8217; y lo dif\u00edcil que es salir adelante<\/h2>\n<p class=\"article-text\">\n        De momento, <em>Yo siempre a veces<\/em> ya ha sido avalada por el <a href=\"https:\/\/www.eldiario.es\/vertele\/videos\/trailers-y-avances\/movistar-plus-lanza-trailer-veces-nueva-serie-producida-javis-pleno-viaje-internacional_8_13148505.html\" target=\"_blank\" data-mrf-recirculation=\"links-noticia\" class=\"link\">prestigioso festival Canneseries<\/a>, donde competir\u00e1 en su selecta secci\u00f3n oficial a partir de este <strong>jueves 23 de abril<\/strong>, coincidiendo con su llegada a Movistar Plus+. Compuesta de<strong> seis episodios <\/strong>(30 minutos), la serie sigue a <strong>Laura<\/strong> (interpretada por la debutante <strong>Ana Boga<\/strong>), a quien la vida le cambia por completo cuando tiene un beb\u00e9 con <strong>Rub\u00e9n<\/strong> (<strong>David Men\u00e9ndez<\/strong>) tras una noche de fiesta por Barcelona. Laura, que antes de ser madre ten\u00eda pensado volver a disfrutar de su buena vida en Berl\u00edn, ha de quedarse en la Ciudad Condal e intentar sacar adelante al peque\u00f1o <strong>Mario<\/strong> en una Espa\u00f1a tan precaria como la de nuestros d\u00edas, sobre todo para la gente joven. Y Rub\u00e9n, que hasta ahora viv\u00eda por y para la noche, debe asumir la gran responsabilidad que supone ser padre. Sin embargo, ella est\u00e1 m\u00e1s dispuesta que \u00e9l de dar un paso adelante <strong>hacia la madurez<\/strong>, lo que acaba por causar fricciones entre ambos.\n    <\/p>\n<p class=\"article-text\">\n        Esto no quiere decir que Laura sea un <strong>personaje perfecto<\/strong>, ni mucho menos. De hecho, una de las cosas que habla bien de <em>Yo siempre a veces<\/em> es que no pretende \u2014o no parece pretender\u2014 que sus protagonistas caigan bien al p\u00fablico, aunque tampoco necesariamente mal. Dentro de su naturalidad, la serie apuesta por presentar a Laura y Rub\u00e9n como <strong>dos personas normales y corrientes<\/strong>, con sus virtudes y sus defectos, y que tan pronto resultan simp\u00e1ticas como todo lo contrario. No siempre al mismo tiempo, claro, pues hay ocasiones en las que es m\u00e1s f\u00e1cil conectar con Laura que con Rub\u00e9n y viceversa, aunque la verdadera protagonista sea ella. De hecho, uno de los puntos mejorables de la propuesta est\u00e1 en la construcci\u00f3n de sus tramas, pues por momentos parece ser la persona con m\u00e1s mala suerte del mundo debido a la enorme cantidad de contratiempos a los que se enfrenta, algunos de ellos tan rocambolescos que ponen en peligro el tono realista de la serie.\n    <\/p>\n<figure class=\"ni-figure\">\n<picture class=\"news-image\">\n                                    <!--[if IE 9]>\n                <video style=\"display: none;\"><![endif]--><source media=\"(max-width: 576px)\" type=\"image\/webp\" srcset=\"https:\/\/static.eldiario.es\/clip\/79cada8f-e24b-46a9-92f6-99c6ff760c93_16-9-discover-aspect-ratio_50p_0.webp\"><source media=\"(max-width: 576px)\" type=\"image\/jpg\" srcset=\"https:\/\/static.eldiario.es\/clip\/79cada8f-e24b-46a9-92f6-99c6ff760c93_16-9-discover-aspect-ratio_50p_0.jpg\"><source media=\"(max-width: 767px)\" type=\"image\/webp\" srcset=\"https:\/\/static.eldiario.es\/clip\/79cada8f-e24b-46a9-92f6-99c6ff760c93_16-9-discover-aspect-ratio_75p_0.webp\"><source media=\"(max-width: 767px)\" type=\"image\/jpg\" srcset=\"https:\/\/static.eldiario.es\/clip\/79cada8f-e24b-46a9-92f6-99c6ff760c93_16-9-discover-aspect-ratio_75p_0.jpg\"><source type=\"image\/webp\" srcset=\"https:\/\/static.eldiario.es\/clip\/79cada8f-e24b-46a9-92f6-99c6ff760c93_16-9-discover-aspect-ratio_default_0.webp\"><source type=\"image\/jpg\" srcset=\"https:\/\/static.eldiario.es\/clip\/79cada8f-e24b-46a9-92f6-99c6ff760c93_16-9-discover-aspect-ratio_default_0.jpg\"><!--[if IE 9]><\/video><![endif]--><\/p>\n<p>                <img decoding=\"async\" src=\"https:\/\/static.eldiario.es\/clip\/79cada8f-e24b-46a9-92f6-99c6ff760c93_16-9-discover-aspect-ratio_default_0.jpg\" alt=\"'Yo siempre a veces', nueva serie de Movistar Plus+\"><\/p>\n<\/picture><figcaption class=\"image-footer\">\n            <span class=\"title\"><br \/>\n                &#8216;Yo siempre a veces&#8217;, nueva serie de Movistar Plus+                            <\/span><br \/>\n                                    <\/figcaption><\/figure>\n<p class=\"article-text\">\n        Insistir en esta desdicha no hac\u00eda falta cuando tu protagonista es madre soltera, carece de trabajo estable y el padre de su hijo no le pone las cosas f\u00e1ciles, pues bastante tiene ya con hacer frente a todo esto. Aun as\u00ed, por excesivas que puedan resultar, las dificultades de Laura no tapan una realidad: que es <strong>muy complicado ser uno mismo<\/strong> y avanzar emocional y vitalmente en un contexto de <strong>precariedad<\/strong>. Al fin y al cabo, ella vive en la Espa\u00f1a \u201cde ahora\u201d, en la que es tan costoso acceder a la vivienda, tener un buen salario y contar con las herramientas necesarias para construir una familia. Una Espa\u00f1a \u201cde ahora\u201d, pero que para los millennials de su edad es la de casi siempre, pues lleva muchos a\u00f1os sin ofrecer los alicientes que s\u00ed disfrutaron generaciones anteriores. Hay una escena muy ilustrativa al respecto. En ella, Laura mira el m\u00f3vil, ve lo caros que est\u00e1n los alquileres en Barcelona y asume que est\u00e1n fuera de su alcance. Un buen resumen de c\u00f3mo est\u00e1n las cosas.\n    <\/p>\n<p class=\"article-text\">\n        Escenas como esta no hacen de <em>Yo siempre a veces<\/em> una de las mejores series de Movistar Plus+, pero s\u00ed <strong>una de las m\u00e1s realistas, humanas<\/strong> y que m\u00e1s tiene los pies en el suelo de todo su cat\u00e1logo original. A su favor tambi\u00e9n juega que no cae en el error de demonizar la maternidad, algo que hubiese sido muy f\u00e1cil de hacer dado el radical giro que experimenta la vida de su protagonista. Porque s\u00ed, las cosas para Laura eran mucho m\u00e1s sencillas cuando viv\u00eda por y para ella y pod\u00eda ser ella misma en todo momento, pero esto no le impide sentir un inmenso cari\u00f1o por su peque\u00f1o Mario. Los m\u00faltiples planos del beb\u00e9 sonriendo recuerdan a su madre \u2014y nos recuerdan a los dem\u00e1s\u2014 que por muy complicadas que se pongan las cosas, <strong>siempre hay un buen motivo para tirar hacia adelante<\/strong>. Y a Javier Calvo y Javier Ambrossi, que siempre hay historias y mucho talento femenino ah\u00ed fuera por el que apostar.\n    <\/p>\n<\/div>\n","protected":false},"excerpt":{"rendered":"<p>Movistar Plus+ estrena este jueves 23 de abril &#8216;Yo siempre a veces&#8217;, su nueva serie original. La ficci\u00f3n, producida por Javier Calvo y Javier Ambrossi, sigue la historia de una joven madre soltera que lucha contra la precariedad, la mala suerte y otras circunstancias para sacar adelante a su beb\u00e9 y retomar las riendas de [&hellip;]<\/p>\n","protected":false},"author":1,"featured_media":0,"comment_status":"closed","ping_status":"open","sticky":false,"template":"","format":"standard","meta":{"_et_pb_use_builder":"","_et_pb_old_content":"","_et_gb_content_width":"","footnotes":""},"categories":[6],"tags":[],"class_list":["post-202464","post","type-post","status-publish","format-standard","hentry","category-tv"],"_links":{"self":[{"href":"https:\/\/otraronda.xyz\/rock\/wp-json\/wp\/v2\/posts\/202464","targetHints":{"allow":["GET"]}}],"collection":[{"href":"https:\/\/otraronda.xyz\/rock\/wp-json\/wp\/v2\/posts"}],"about":[{"href":"https:\/\/otraronda.xyz\/rock\/wp-json\/wp\/v2\/types\/post"}],"author":[{"embeddable":true,"href":"https:\/\/otraronda.xyz\/rock\/wp-json\/wp\/v2\/users\/1"}],"replies":[{"embeddable":true,"href":"https:\/\/otraronda.xyz\/rock\/wp-json\/wp\/v2\/comments?post=202464"}],"version-history":[{"count":0,"href":"https:\/\/otraronda.xyz\/rock\/wp-json\/wp\/v2\/posts\/202464\/revisions"}],"wp:attachment":[{"href":"https:\/\/otraronda.xyz\/rock\/wp-json\/wp\/v2\/media?parent=202464"}],"wp:term":[{"taxonomy":"category","embeddable":true,"href":"https:\/\/otraronda.xyz\/rock\/wp-json\/wp\/v2\/categories?post=202464"},{"taxonomy":"post_tag","embeddable":true,"href":"https:\/\/otraronda.xyz\/rock\/wp-json\/wp\/v2\/tags?post=202464"}],"curies":[{"name":"wp","href":"https:\/\/api.w.org\/{rel}","templated":true}]}}